{"id":3406,"date":"2025-06-06T11:46:17","date_gmt":"2025-06-06T14:46:17","guid":{"rendered":"https:\/\/emasaitabuna.com.br\/new\/?p=3406"},"modified":"2025-06-06T11:49:34","modified_gmt":"2025-06-06T14:49:34","slug":"emasa-participa-de-sessao-especial-na-camara-sobre-fraternidade-ecologia-e-a-recuperacao-do-rio-cachoeira","status":"publish","type":"post","link":"https:\/\/emasaitabuna.com.br\/new\/emasa-participa-de-sessao-especial-na-camara-sobre-fraternidade-ecologia-e-a-recuperacao-do-rio-cachoeira\/","title":{"rendered":"EMASA participa de sess\u00e3o especial na C\u00e2mara sobre Fraternidade, Ecologia e a recupera\u00e7\u00e3o do Rio Cachoeira"},"content":{"rendered":"<div id=\"attachment_3408\" style=\"width: 510px\" class=\"wp-caption aligncenter\"><img decoding=\"async\" aria-describedby=\"caption-attachment-3408\" class=\"size-medium wp-image-3408\" src=\"https:\/\/emasaitabuna.com.br\/new\/wp-content\/uploads\/2025\/06\/IMG-20250606-WA0004-500x257.jpg\" alt=\"\" width=\"500\" height=\"257\" srcset=\"https:\/\/emasaitabuna.com.br\/new\/wp-content\/uploads\/2025\/06\/IMG-20250606-WA0004-200x103.jpg 200w, https:\/\/emasaitabuna.com.br\/new\/wp-content\/uploads\/2025\/06\/IMG-20250606-WA0004-300x154.jpg 300w, https:\/\/emasaitabuna.com.br\/new\/wp-content\/uploads\/2025\/06\/IMG-20250606-WA0004-400x206.jpg 400w, https:\/\/emasaitabuna.com.br\/new\/wp-content\/uploads\/2025\/06\/IMG-20250606-WA0004-500x257.jpg 500w, https:\/\/emasaitabuna.com.br\/new\/wp-content\/uploads\/2025\/06\/IMG-20250606-WA0004-600x308.jpg 600w, https:\/\/emasaitabuna.com.br\/new\/wp-content\/uploads\/2025\/06\/IMG-20250606-WA0004-768x395.jpg 768w, https:\/\/emasaitabuna.com.br\/new\/wp-content\/uploads\/2025\/06\/IMG-20250606-WA0004-800x411.jpg 800w, https:\/\/emasaitabuna.com.br\/new\/wp-content\/uploads\/2025\/06\/IMG-20250606-WA0004-1200x617.jpg 1200w, https:\/\/emasaitabuna.com.br\/new\/wp-content\/uploads\/2025\/06\/IMG-20250606-WA0004.jpg 1280w\" sizes=\"(max-width: 500px) 100vw, 500px\" \/><p id=\"caption-attachment-3408\" class=\"wp-caption-text\">Sess\u00e3o especial na C\u00e2mara de vereadores, com o tema \u201cFraternidade e Ecologia Integral: recupera\u00e7\u00e3o do Rio Cachoeira\u201d. Fotos: Pedro Augusto \/ Nanci Macedo<\/p><\/div>\n<p>Na noite da \u00faltima quarta-feira (4), a C\u00e2mara Municipal de Itabuna realizou uma sess\u00e3o especial no Plen\u00e1rio Raimundo Lima, com o tema \u201cFraternidade e Ecologia Integral: recupera\u00e7\u00e3o do Rio Cachoeira\u201d. O evento reuniu autoridades, especialistas e representantes da sociedade civil para discutir propostas t\u00e9cnicas e financeiras voltadas \u00e0 despolui\u00e7\u00e3o e revitaliza\u00e7\u00e3o da Bacia Hidrogr\u00e1fica do Rio Cachoeira.<\/p>\n<p>A sess\u00e3o foi presidida pelo vereador Z\u00e9 Alberto Lima Filho (PSB), que destacou a import\u00e2ncia do debate para promover reflex\u00f5es e buscar alternativas concretas para a recupera\u00e7\u00e3o ambiental do rio, essencial para o desenvolvimento sustent\u00e1vel da regi\u00e3o. Na abertura, foi prestada uma homenagem p\u00f3stuma ao ambientalista Evaldo Costa Batista, servidor da Ceplac e refer\u00eancia na luta pela preserva\u00e7\u00e3o ambiental no sul da Bahia, falecido no mesmo dia.<\/p>\n<p>O presidente da Empresa Municipal de \u00c1guas e Saneamento (EMASA), Ivan Maia, apresentou dados importantes sobre o esgotamento sanit\u00e1rio dos munic\u00edpios da bacia hidrogr\u00e1fica e destacou a import\u00e2ncia do Rio Cachoeira como um patrim\u00f4nio fundamental de Itabuna. \u201cO Rio Cachoeira n\u00e3o \u00e9 apenas um recurso h\u00eddrico, mas um verdadeiro patrim\u00f4nio ambiental, social e econ\u00f4mico da nossa cidade. \u00c9 dele que depende parte do nosso abastecimento, mas tamb\u00e9m a identidade e a mem\u00f3ria de Itabuna. Por isso, a sua recupera\u00e7\u00e3o \u00e9 uma causa de todos, que exige uni\u00e3o, investimentos e pol\u00edticas p\u00fablicas sustent\u00e1veis\u201d, afirmou Ivan Maia.<\/p>\n<p><img decoding=\"async\" class=\"aligncenter size-medium wp-image-3410\" src=\"https:\/\/emasaitabuna.com.br\/new\/wp-content\/uploads\/2025\/06\/IMG-20250606-WA0005-500x346.jpg\" alt=\"\" width=\"500\" height=\"346\" srcset=\"https:\/\/emasaitabuna.com.br\/new\/wp-content\/uploads\/2025\/06\/IMG-20250606-WA0005-200x138.jpg 200w, https:\/\/emasaitabuna.com.br\/new\/wp-content\/uploads\/2025\/06\/IMG-20250606-WA0005-300x208.jpg 300w, https:\/\/emasaitabuna.com.br\/new\/wp-content\/uploads\/2025\/06\/IMG-20250606-WA0005-400x277.jpg 400w, https:\/\/emasaitabuna.com.br\/new\/wp-content\/uploads\/2025\/06\/IMG-20250606-WA0005-500x346.jpg 500w, https:\/\/emasaitabuna.com.br\/new\/wp-content\/uploads\/2025\/06\/IMG-20250606-WA0005-600x415.jpg 600w, https:\/\/emasaitabuna.com.br\/new\/wp-content\/uploads\/2025\/06\/IMG-20250606-WA0005-768x532.jpg 768w, https:\/\/emasaitabuna.com.br\/new\/wp-content\/uploads\/2025\/06\/IMG-20250606-WA0005-800x554.jpg 800w, https:\/\/emasaitabuna.com.br\/new\/wp-content\/uploads\/2025\/06\/IMG-20250606-WA0005-1200x831.jpg 1200w, https:\/\/emasaitabuna.com.br\/new\/wp-content\/uploads\/2025\/06\/IMG-20250606-WA0005.jpg 1280w\" sizes=\"(max-width: 500px) 100vw, 500px\" \/><\/p>\n<p>A sess\u00e3o contou ainda com as participa\u00e7\u00f5es do vice-prefeito Josu\u00e9 Brand\u00e3o J\u00fanior; do secret\u00e1rio de Agricultura e Meio Ambiente, Jo\u00e3o Carlos Oliveira da Silva; do secret\u00e1rio de Planejamento, Luciano Veiga; do te\u00f3logo e di\u00e1cono Domingos Andrade, da Diocese de Itabuna; e de representantes da Ag\u00eancia de Regula\u00e7\u00e3o de Servi\u00e7os P\u00fablicos (ARSEPI), como Jos\u00e9 Alberto Martins e a engenheira ambiental Shell Lisboa.<\/p>\n<p>Estiveram presentes tamb\u00e9m professores das universidades regionais: Nadson Ressye Sim\u00f5es da Silva e Gabriel Nascimento, da UFSB, e Ac\u00e1cia Pinho, da UESC; al\u00e9m do padre Diego Americano, da Diocese de Itabuna, e o ambientalista Walmir do Carmo, do Grupo de Resist\u00eancia \u00e0s Agress\u00f5es ao Meio Ambiente (GRAMA).<\/p>\n<p>A sess\u00e3o contou ainda com a presen\u00e7a da representante do Instituto do Meio Ambiente e Recursos H\u00eddricos (INEMA), Cibelle Pinto, e dos vereadores Bruno Bileco, Paulinho do Banco e Denilton Santos, entre outras autoridades e convidados.<\/p>\n<p><img decoding=\"async\" class=\"aligncenter size-medium wp-image-3412\" src=\"https:\/\/emasaitabuna.com.br\/new\/wp-content\/uploads\/2025\/06\/IMG-20250606-WA0006-500x394.jpg\" alt=\"\" width=\"500\" height=\"394\" srcset=\"https:\/\/emasaitabuna.com.br\/new\/wp-content\/uploads\/2025\/06\/IMG-20250606-WA0006-200x158.jpg 200w, https:\/\/emasaitabuna.com.br\/new\/wp-content\/uploads\/2025\/06\/IMG-20250606-WA0006-300x236.jpg 300w, https:\/\/emasaitabuna.com.br\/new\/wp-content\/uploads\/2025\/06\/IMG-20250606-WA0006-400x315.jpg 400w, https:\/\/emasaitabuna.com.br\/new\/wp-content\/uploads\/2025\/06\/IMG-20250606-WA0006-500x394.jpg 500w, https:\/\/emasaitabuna.com.br\/new\/wp-content\/uploads\/2025\/06\/IMG-20250606-WA0006-600x473.jpg 600w, https:\/\/emasaitabuna.com.br\/new\/wp-content\/uploads\/2025\/06\/IMG-20250606-WA0006-768x605.jpg 768w, https:\/\/emasaitabuna.com.br\/new\/wp-content\/uploads\/2025\/06\/IMG-20250606-WA0006-800x630.jpg 800w, https:\/\/emasaitabuna.com.br\/new\/wp-content\/uploads\/2025\/06\/IMG-20250606-WA0006-1200x945.jpg 1200w, https:\/\/emasaitabuna.com.br\/new\/wp-content\/uploads\/2025\/06\/IMG-20250606-WA0006.jpg 1280w\" sizes=\"(max-width: 500px) 100vw, 500px\" \/><\/p>\n<p>&#8212;&#8212;<\/p>\n<p>Assessoria de Comunica\u00e7\u00e3o Social da EMASA.<\/p>\n<p>06\/junho\/2025.<\/p>\n","protected":false},"excerpt":{"rendered":"<p>Na noite da \u00faltima quarta-feira (4), a C\u00e2mara Municipal de Itabuna realizou uma sess\u00e3o especial no Plen\u00e1rio Raimundo Lima, com [&hellip;]<\/p>\n","protected":false},"author":1,"featured_media":3408,"comment_status":"open","ping_status":"open","sticky":false,"template":"","format":"standard","meta":{"nf_dc_page":"","footnotes":""},"categories":[9],"tags":[],"class_list":["post-3406","post","type-post","status-publish","format-standard","has-post-thumbnail","hentry","category-noticias"],"_links":{"self":[{"href":"https:\/\/emasaitabuna.com.br\/new\/wp-json\/wp\/v2\/posts\/3406","targetHints":{"allow":["GET"]}}],"collection":[{"href":"https:\/\/emasaitabuna.com.br\/new\/wp-json\/wp\/v2\/posts"}],"about":[{"href":"https:\/\/emasaitabuna.com.br\/new\/wp-json\/wp\/v2\/types\/post"}],"author":[{"embeddable":true,"href":"https:\/\/emasaitabuna.com.br\/new\/wp-json\/wp\/v2\/users\/1"}],"replies":[{"embeddable":true,"href":"https:\/\/emasaitabuna.com.br\/new\/wp-json\/wp\/v2\/comments?post=3406"}],"version-history":[{"count":4,"href":"https:\/\/emasaitabuna.com.br\/new\/wp-json\/wp\/v2\/posts\/3406\/revisions"}],"predecessor-version":[{"id":3413,"href":"https:\/\/emasaitabuna.com.br\/new\/wp-json\/wp\/v2\/posts\/3406\/revisions\/3413"}],"wp:featuredmedia":[{"embeddable":true,"href":"https:\/\/emasaitabuna.com.br\/new\/wp-json\/wp\/v2\/media\/3408"}],"wp:attachment":[{"href":"https:\/\/emasaitabuna.com.br\/new\/wp-json\/wp\/v2\/media?parent=3406"}],"wp:term":[{"taxonomy":"category","embeddable":true,"href":"https:\/\/emasaitabuna.com.br\/new\/wp-json\/wp\/v2\/categories?post=3406"},{"taxonomy":"post_tag","embeddable":true,"href":"https:\/\/emasaitabuna.com.br\/new\/wp-json\/wp\/v2\/tags?post=3406"}],"curies":[{"name":"wp","href":"https:\/\/api.w.org\/{rel}","templated":true}]}}