{"id":3414,"date":"2025-06-10T14:15:07","date_gmt":"2025-06-10T17:15:07","guid":{"rendered":"https:\/\/emasaitabuna.com.br\/new\/?p=3414"},"modified":"2025-06-10T14:15:07","modified_gmt":"2025-06-10T17:15:07","slug":"emasa-inaugura-2o-reservatorio-do-projeto-mais-agua-para-a-cidade","status":"publish","type":"post","link":"https:\/\/emasaitabuna.com.br\/new\/emasa-inaugura-2o-reservatorio-do-projeto-mais-agua-para-a-cidade\/","title":{"rendered":"EMASA inaugura 2\u00ba reservat\u00f3rio do Projeto Mais \u00c1gua para a Cidade"},"content":{"rendered":"<p><img decoding=\"async\" class=\"aligncenter size-medium wp-image-3415\" src=\"https:\/\/emasaitabuna.com.br\/new\/wp-content\/uploads\/2025\/06\/convite-400x500.jpg\" alt=\"\" width=\"400\" height=\"500\" srcset=\"https:\/\/emasaitabuna.com.br\/new\/wp-content\/uploads\/2025\/06\/convite-200x250.jpg 200w, https:\/\/emasaitabuna.com.br\/new\/wp-content\/uploads\/2025\/06\/convite-240x300.jpg 240w, https:\/\/emasaitabuna.com.br\/new\/wp-content\/uploads\/2025\/06\/convite-400x500.jpg 400w, https:\/\/emasaitabuna.com.br\/new\/wp-content\/uploads\/2025\/06\/convite-600x750.jpg 600w, https:\/\/emasaitabuna.com.br\/new\/wp-content\/uploads\/2025\/06\/convite-768x960.jpg 768w, https:\/\/emasaitabuna.com.br\/new\/wp-content\/uploads\/2025\/06\/convite-800x1000.jpg 800w, https:\/\/emasaitabuna.com.br\/new\/wp-content\/uploads\/2025\/06\/convite-960x1200.jpg 960w, https:\/\/emasaitabuna.com.br\/new\/wp-content\/uploads\/2025\/06\/convite.jpg 1024w\" sizes=\"(max-width: 400px) 100vw, 400px\" \/><\/p>\n<p>A Empresa Municipal de \u00c1guas e Saneamento (EMASA) entrega no pr\u00f3ximo s\u00e1bado, 14, \u00e0s 10h, o segundo reservat\u00f3rio do Projeto Mais \u00c1gua para a Cidade, localizado no Bairro Novo Ja\u00e7an\u00e3, em Itabuna.<\/p>\n<p>Com capacidade para 5 milh\u00f5es de litros, o novo reservat\u00f3rio vai beneficiar cerca de 60 mil moradores da zona sul, garantindo abastecimento regular e pondo fim \u00e0 instabilidade no fornecimento de \u00e1gua na regi\u00e3o. O sistema j\u00e1 foi testado, passou por ajustes e entra em opera\u00e7\u00e3o imediatamente ap\u00f3s a inaugura\u00e7\u00e3o.<\/p>\n<p>A entrega contar\u00e1 com a presen\u00e7a do prefeito Augusto Castro (PSD), representantes da EMASA e autoridades regionais. A nova estrutura representa mais um avan\u00e7o no processo de elimina\u00e7\u00e3o do sistema de manobras, que marcou o abastecimento da cidade por d\u00e9cadas.<\/p>\n<p>O primeiro reservat\u00f3rio, no Bairro Novo Lomanto, foi inaugurado em mar\u00e7o e tem capacidade para 3 milh\u00f5es de litros, atendendo moradores da \u00e1rea central e parte da zona oeste.<\/p>\n<p>O presidente da EMASA, Ivan Maia lembra que \u201co Projeto Mais \u00c1gua para a Cidade \u00e9 fruto da parceria entre a Prefeitura de Itabuna e o Governo do Estado da Bahia, com investimento de cerca de R$ 30 milh\u00f5es. Al\u00e9m dos dois reservat\u00f3rios, o projeto contempla a moderniza\u00e7\u00e3o da rede de adutoras, amplia\u00e7\u00e3o da distribui\u00e7\u00e3o e melhorias na Esta\u00e7\u00e3o de Tratamento de \u00c1gua (ETA), no S\u00e3o Louren\u00e7o\u201d, pontuou.<\/p>\n<p>\u2014&#8212;&#8211;<br \/>\nAssessoria de Comunica\u00e7\u00e3o Social da EMASA<br \/>\n10\/junho\/2025.<\/p>\n","protected":false},"excerpt":{"rendered":"<p>A Empresa Municipal de \u00c1guas e Saneamento (EMASA) entrega no pr\u00f3ximo s\u00e1bado, 14, \u00e0s 10h, o segundo reservat\u00f3rio do Projeto [&hellip;]<\/p>\n","protected":false},"author":1,"featured_media":3415,"comment_status":"open","ping_status":"open","sticky":false,"template":"","format":"standard","meta":{"nf_dc_page":"","footnotes":""},"categories":[9],"tags":[],"class_list":["post-3414","post","type-post","status-publish","format-standard","has-post-thumbnail","hentry","category-noticias"],"_links":{"self":[{"href":"https:\/\/emasaitabuna.com.br\/new\/wp-json\/wp\/v2\/posts\/3414","targetHints":{"allow":["GET"]}}],"collection":[{"href":"https:\/\/emasaitabuna.com.br\/new\/wp-json\/wp\/v2\/posts"}],"about":[{"href":"https:\/\/emasaitabuna.com.br\/new\/wp-json\/wp\/v2\/types\/post"}],"author":[{"embeddable":true,"href":"https:\/\/emasaitabuna.com.br\/new\/wp-json\/wp\/v2\/users\/1"}],"replies":[{"embeddable":true,"href":"https:\/\/emasaitabuna.com.br\/new\/wp-json\/wp\/v2\/comments?post=3414"}],"version-history":[{"count":1,"href":"https:\/\/emasaitabuna.com.br\/new\/wp-json\/wp\/v2\/posts\/3414\/revisions"}],"predecessor-version":[{"id":3416,"href":"https:\/\/emasaitabuna.com.br\/new\/wp-json\/wp\/v2\/posts\/3414\/revisions\/3416"}],"wp:featuredmedia":[{"embeddable":true,"href":"https:\/\/emasaitabuna.com.br\/new\/wp-json\/wp\/v2\/media\/3415"}],"wp:attachment":[{"href":"https:\/\/emasaitabuna.com.br\/new\/wp-json\/wp\/v2\/media?parent=3414"}],"wp:term":[{"taxonomy":"category","embeddable":true,"href":"https:\/\/emasaitabuna.com.br\/new\/wp-json\/wp\/v2\/categories?post=3414"},{"taxonomy":"post_tag","embeddable":true,"href":"https:\/\/emasaitabuna.com.br\/new\/wp-json\/wp\/v2\/tags?post=3414"}],"curies":[{"name":"wp","href":"https:\/\/api.w.org\/{rel}","templated":true}]}}