{"id":3420,"date":"2025-06-11T13:29:42","date_gmt":"2025-06-11T16:29:42","guid":{"rendered":"https:\/\/emasaitabuna.com.br\/new\/?p=3420"},"modified":"2025-06-11T13:29:42","modified_gmt":"2025-06-11T16:29:42","slug":"emasa-realiza-curso-de-capacitacao-para-gestores-e-fiscais-de-contratos","status":"publish","type":"post","link":"https:\/\/emasaitabuna.com.br\/new\/emasa-realiza-curso-de-capacitacao-para-gestores-e-fiscais-de-contratos\/","title":{"rendered":"EMASA realiza curso de capacita\u00e7\u00e3o para gestores e fiscais de contratos"},"content":{"rendered":"<p><img decoding=\"async\" class=\"aligncenter size-medium wp-image-3422\" src=\"https:\/\/emasaitabuna.com.br\/new\/wp-content\/uploads\/2025\/06\/IMG-20250611-WA0012-500x375.jpg\" alt=\"\" width=\"500\" height=\"375\" srcset=\"https:\/\/emasaitabuna.com.br\/new\/wp-content\/uploads\/2025\/06\/IMG-20250611-WA0012-200x150.jpg 200w, https:\/\/emasaitabuna.com.br\/new\/wp-content\/uploads\/2025\/06\/IMG-20250611-WA0012-300x225.jpg 300w, https:\/\/emasaitabuna.com.br\/new\/wp-content\/uploads\/2025\/06\/IMG-20250611-WA0012-400x300.jpg 400w, https:\/\/emasaitabuna.com.br\/new\/wp-content\/uploads\/2025\/06\/IMG-20250611-WA0012-500x375.jpg 500w, https:\/\/emasaitabuna.com.br\/new\/wp-content\/uploads\/2025\/06\/IMG-20250611-WA0012-600x450.jpg 600w, https:\/\/emasaitabuna.com.br\/new\/wp-content\/uploads\/2025\/06\/IMG-20250611-WA0012-768x576.jpg 768w, https:\/\/emasaitabuna.com.br\/new\/wp-content\/uploads\/2025\/06\/IMG-20250611-WA0012-800x600.jpg 800w, https:\/\/emasaitabuna.com.br\/new\/wp-content\/uploads\/2025\/06\/IMG-20250611-WA0012-1200x900.jpg 1200w, https:\/\/emasaitabuna.com.br\/new\/wp-content\/uploads\/2025\/06\/IMG-20250611-WA0012-1536x1152.jpg 1536w, https:\/\/emasaitabuna.com.br\/new\/wp-content\/uploads\/2025\/06\/IMG-20250611-WA0012.jpg 1600w\" sizes=\"(max-width: 500px) 100vw, 500px\" \/><\/p>\n<p>Nos dias 9 e 10 de junho, a Empresa Municipal de \u00c1guas e Saneamento (EMASA) promoveu um curso de capacita\u00e7\u00e3o voltado aos gestores e fiscais de contratos administrativos, na UNEX. A a\u00e7\u00e3o foi organizada pelo Setor de Licita\u00e7\u00f5es e Contratos da empresa, com o objetivo de qualificar os servidores, fortalecer a governan\u00e7a e garantir mais efici\u00eancia, legalidade e transpar\u00eancia na gest\u00e3o contratual.<\/p>\n<p>O conte\u00fado abordou a elabora\u00e7\u00e3o do Estudo T\u00e9cnico Preliminar (ETP), a produ\u00e7\u00e3o do Termo de Refer\u00eancia, e as boas pr\u00e1ticas na gest\u00e3o e fiscaliza\u00e7\u00e3o de contratos, com foco na nova Lei n\u00ba 13.303\/2016. A capacita\u00e7\u00e3o foi ministrada pelos pr\u00f3prios servidores da EMASA: Ruy Corr\u00eaa Soares J\u00fanior (Chefe do Setor de Licita\u00e7\u00f5es e Contratos), Let\u00edcia Sousa Cunha (Encarregada de Procedimentos Licitat\u00f3rios) e Leandro Ferreira Souza Lima (Pregoeiro), valorizando o conhecimento t\u00e9cnico interno.<\/p>\n<p>Segundo Ruy Corr\u00eaa Soares J\u00fanior, a iniciativa vai al\u00e9m do cumprimento legal e fortalece a atua\u00e7\u00e3o estrat\u00e9gica dos gestores. \u201cA capacita\u00e7\u00e3o \u00e9 essencial para manter os profissionais atualizados com a legisla\u00e7\u00e3o, evitar falhas contratuais, aprimorar o controle sobre os contratos e garantir uma gest\u00e3o p\u00fablica eficiente e respons\u00e1vel. \u00c9 uma medida que reduz riscos e assegura o uso correto dos recursos p\u00fablicos\u201d, destacou.<\/p>\n<p>O presidente da EMASA, Ivan Maia, refor\u00e7ou o compromisso da empresa com o desenvolvimento profissional dos colaboradores. \u201cEstamos em um momento de moderniza\u00e7\u00e3o e responsabilidade institucional. A capacita\u00e7\u00e3o \u00e9 parte fundamental desse processo, pois prepara os funcion\u00e1rios para agir com t\u00e9cnica, \u00e9tica e foco em resultados. Fortalecer as equipes \u00e9 fortalecer o servi\u00e7o que prestamos \u00e0 popula\u00e7\u00e3o\u201d, afirmou.<\/p>\n<p>A a\u00e7\u00e3o integra o projeto cont\u00ednuo de capacita\u00e7\u00e3o e valoriza\u00e7\u00e3o dos servidores da EMASA, alinhado \u00e0s diretrizes do Novo Estatuto da empresa, do C\u00f3digo de Conduta \u00c9tica e de Integridade, e do Regulamento Interno de Licita\u00e7\u00f5es e Contratos.<\/p>\n","protected":false},"excerpt":{"rendered":"<p>Nos dias 9 e 10 de junho, a Empresa Municipal de \u00c1guas e Saneamento (EMASA) promoveu um curso de capacita\u00e7\u00e3o [&hellip;]<\/p>\n","protected":false},"author":1,"featured_media":3422,"comment_status":"open","ping_status":"open","sticky":false,"template":"","format":"standard","meta":{"nf_dc_page":"","footnotes":""},"categories":[9],"tags":[],"class_list":["post-3420","post","type-post","status-publish","format-standard","has-post-thumbnail","hentry","category-noticias"],"_links":{"self":[{"href":"https:\/\/emasaitabuna.com.br\/new\/wp-json\/wp\/v2\/posts\/3420","targetHints":{"allow":["GET"]}}],"collection":[{"href":"https:\/\/emasaitabuna.com.br\/new\/wp-json\/wp\/v2\/posts"}],"about":[{"href":"https:\/\/emasaitabuna.com.br\/new\/wp-json\/wp\/v2\/types\/post"}],"author":[{"embeddable":true,"href":"https:\/\/emasaitabuna.com.br\/new\/wp-json\/wp\/v2\/users\/1"}],"replies":[{"embeddable":true,"href":"https:\/\/emasaitabuna.com.br\/new\/wp-json\/wp\/v2\/comments?post=3420"}],"version-history":[{"count":2,"href":"https:\/\/emasaitabuna.com.br\/new\/wp-json\/wp\/v2\/posts\/3420\/revisions"}],"predecessor-version":[{"id":3423,"href":"https:\/\/emasaitabuna.com.br\/new\/wp-json\/wp\/v2\/posts\/3420\/revisions\/3423"}],"wp:featuredmedia":[{"embeddable":true,"href":"https:\/\/emasaitabuna.com.br\/new\/wp-json\/wp\/v2\/media\/3422"}],"wp:attachment":[{"href":"https:\/\/emasaitabuna.com.br\/new\/wp-json\/wp\/v2\/media?parent=3420"}],"wp:term":[{"taxonomy":"category","embeddable":true,"href":"https:\/\/emasaitabuna.com.br\/new\/wp-json\/wp\/v2\/categories?post=3420"},{"taxonomy":"post_tag","embeddable":true,"href":"https:\/\/emasaitabuna.com.br\/new\/wp-json\/wp\/v2\/tags?post=3420"}],"curies":[{"name":"wp","href":"https:\/\/api.w.org\/{rel}","templated":true}]}}