{"id":3424,"date":"2025-06-11T14:50:51","date_gmt":"2025-06-11T17:50:51","guid":{"rendered":"https:\/\/emasaitabuna.com.br\/new\/?p=3424"},"modified":"2025-06-11T14:50:51","modified_gmt":"2025-06-11T17:50:51","slug":"emasa-participa-de-sessao-na-camara-e-apresenta-programa-emasa-legal-e-entrega-do-segundo-reservatorio-do-mais-agua","status":"publish","type":"post","link":"https:\/\/emasaitabuna.com.br\/new\/emasa-participa-de-sessao-na-camara-e-apresenta-programa-emasa-legal-e-entrega-do-segundo-reservatorio-do-mais-agua\/","title":{"rendered":"EMASA participa de sess\u00e3o na C\u00e2mara e apresenta Programa EMASA Legal e entrega do segundo reservat\u00f3rio do Mais \u00c1gua"},"content":{"rendered":"<p><img decoding=\"async\" class=\"aligncenter size-medium wp-image-3426\" src=\"https:\/\/emasaitabuna.com.br\/new\/wp-content\/uploads\/2025\/06\/IMG-20250611-WA0039-500x241.jpg\" alt=\"\" width=\"500\" height=\"241\" srcset=\"https:\/\/emasaitabuna.com.br\/new\/wp-content\/uploads\/2025\/06\/IMG-20250611-WA0039-200x96.jpg 200w, https:\/\/emasaitabuna.com.br\/new\/wp-content\/uploads\/2025\/06\/IMG-20250611-WA0039-300x144.jpg 300w, https:\/\/emasaitabuna.com.br\/new\/wp-content\/uploads\/2025\/06\/IMG-20250611-WA0039-400x193.jpg 400w, https:\/\/emasaitabuna.com.br\/new\/wp-content\/uploads\/2025\/06\/IMG-20250611-WA0039-500x241.jpg 500w, https:\/\/emasaitabuna.com.br\/new\/wp-content\/uploads\/2025\/06\/IMG-20250611-WA0039-600x289.jpg 600w, https:\/\/emasaitabuna.com.br\/new\/wp-content\/uploads\/2025\/06\/IMG-20250611-WA0039-768x370.jpg 768w, https:\/\/emasaitabuna.com.br\/new\/wp-content\/uploads\/2025\/06\/IMG-20250611-WA0039-800x385.jpg 800w, https:\/\/emasaitabuna.com.br\/new\/wp-content\/uploads\/2025\/06\/IMG-20250611-WA0039-1200x578.jpg 1200w, https:\/\/emasaitabuna.com.br\/new\/wp-content\/uploads\/2025\/06\/IMG-20250611-WA0039-1536x739.jpg 1536w, https:\/\/emasaitabuna.com.br\/new\/wp-content\/uploads\/2025\/06\/IMG-20250611-WA0039.jpg 1600w\" sizes=\"(max-width: 500px) 100vw, 500px\" \/><\/p>\n<p>Na noite desta ter\u00e7a-feira (10), a Empresa Municipal de \u00c1guas e Saneamento (EMASA) participou de uma sess\u00e3o especial na C\u00e2mara de Vereadores de Itabuna, a convite do vereador Bab\u00e1 Cearense (PP). O encontro teve como pauta a apresenta\u00e7\u00e3o do Programa EMASA Legal e o an\u00fancio da entrega do segundo reservat\u00f3rio do Projeto Mais \u00c1gua para Itabuna, marcada para o pr\u00f3ximo s\u00e1bado (14), \u00e0s 10h, no bairro Novo Ja\u00e7an\u00e3.<\/p>\n<p>Durante a sess\u00e3o, o presidente da EMASA, Ivan Maia, al\u00e9m de apresentar o Programa EMASA Legal e o Mais \u00c1gua, destacou a import\u00e2ncia da parceria com o legislativo para ampliar a transpar\u00eancia e o di\u00e1logo com a popula\u00e7\u00e3o. \u201cA C\u00e2mara \u00e9 um espa\u00e7o leg\u00edtimo de escuta e constru\u00e7\u00e3o conjunta. Apresentar o EMASA Legal e a entrega do segundo reservat\u00f3rio do Mais \u00c1gua \u00e9 reafirmar o compromisso da gest\u00e3o do prefeito Augusto Castro (PSD) com a efici\u00eancia, o atendimento \u00e0 popula\u00e7\u00e3o e o desenvolvimento sustent\u00e1vel de Itabuna\u201d, afirmou.<\/p>\n<p><img decoding=\"async\" class=\"aligncenter size-medium wp-image-3427\" src=\"https:\/\/emasaitabuna.com.br\/new\/wp-content\/uploads\/2025\/06\/IMG-20250611-WA0040-500x248.jpg\" alt=\"\" width=\"500\" height=\"248\" srcset=\"https:\/\/emasaitabuna.com.br\/new\/wp-content\/uploads\/2025\/06\/IMG-20250611-WA0040-200x99.jpg 200w, https:\/\/emasaitabuna.com.br\/new\/wp-content\/uploads\/2025\/06\/IMG-20250611-WA0040-300x149.jpg 300w, https:\/\/emasaitabuna.com.br\/new\/wp-content\/uploads\/2025\/06\/IMG-20250611-WA0040-400x199.jpg 400w, https:\/\/emasaitabuna.com.br\/new\/wp-content\/uploads\/2025\/06\/IMG-20250611-WA0040-500x248.jpg 500w, https:\/\/emasaitabuna.com.br\/new\/wp-content\/uploads\/2025\/06\/IMG-20250611-WA0040-600x298.jpg 600w, https:\/\/emasaitabuna.com.br\/new\/wp-content\/uploads\/2025\/06\/IMG-20250611-WA0040-768x381.jpg 768w, https:\/\/emasaitabuna.com.br\/new\/wp-content\/uploads\/2025\/06\/IMG-20250611-WA0040-800x397.jpg 800w, https:\/\/emasaitabuna.com.br\/new\/wp-content\/uploads\/2025\/06\/IMG-20250611-WA0040-1200x596.jpg 1200w, https:\/\/emasaitabuna.com.br\/new\/wp-content\/uploads\/2025\/06\/IMG-20250611-WA0040-1536x762.jpg 1536w, https:\/\/emasaitabuna.com.br\/new\/wp-content\/uploads\/2025\/06\/IMG-20250611-WA0040.jpg 1600w\" sizes=\"(max-width: 500px) 100vw, 500px\" \/><\/p>\n<p>O Programa EMASA Legal oferece condi\u00e7\u00f5es especiais para regulariza\u00e7\u00e3o de d\u00e9bitos com entrada facilitada, descontos e parcelamento em at\u00e9 60 vezes. J\u00e1 o novo reservat\u00f3rio do Projeto Mais \u00c1gua tem capacidade para 5 milh\u00f5es de litros e beneficiar\u00e1 cerca de 60 mil moradores da zona sul, garantindo abastecimento cont\u00ednuo.<\/p>\n<p>O vereador Bab\u00e1 Cearense elogiou a postura da empresa em prestar contas ao legislativo e \u00e0 comunidade. \u201cA transpar\u00eancia da EMASA e os investimentos feitos com o Projeto Mais \u00c1gua mostram que Itabuna vive um novo tempo. S\u00e3o a\u00e7\u00f5es que geram impacto direto na vida das pessoas e fortalecem a confian\u00e7a na gest\u00e3o p\u00fablica\u201d, destacou.<\/p>\n<p>\u2014\u2014\u2014\u2014\u2014<\/p>\n<p>Assessoria de Comunica\u00e7\u00e3o Social da EMASA<\/p>\n<p>11\/junho\/2025.<\/p>\n","protected":false},"excerpt":{"rendered":"<p>Na noite desta ter\u00e7a-feira (10), a Empresa Municipal de \u00c1guas e Saneamento (EMASA) participou de uma sess\u00e3o especial na C\u00e2mara [&hellip;]<\/p>\n","protected":false},"author":1,"featured_media":3426,"comment_status":"open","ping_status":"open","sticky":false,"template":"","format":"standard","meta":{"nf_dc_page":"","footnotes":""},"categories":[9],"tags":[],"class_list":["post-3424","post","type-post","status-publish","format-standard","has-post-thumbnail","hentry","category-noticias"],"_links":{"self":[{"href":"https:\/\/emasaitabuna.com.br\/new\/wp-json\/wp\/v2\/posts\/3424","targetHints":{"allow":["GET"]}}],"collection":[{"href":"https:\/\/emasaitabuna.com.br\/new\/wp-json\/wp\/v2\/posts"}],"about":[{"href":"https:\/\/emasaitabuna.com.br\/new\/wp-json\/wp\/v2\/types\/post"}],"author":[{"embeddable":true,"href":"https:\/\/emasaitabuna.com.br\/new\/wp-json\/wp\/v2\/users\/1"}],"replies":[{"embeddable":true,"href":"https:\/\/emasaitabuna.com.br\/new\/wp-json\/wp\/v2\/comments?post=3424"}],"version-history":[{"count":2,"href":"https:\/\/emasaitabuna.com.br\/new\/wp-json\/wp\/v2\/posts\/3424\/revisions"}],"predecessor-version":[{"id":3428,"href":"https:\/\/emasaitabuna.com.br\/new\/wp-json\/wp\/v2\/posts\/3424\/revisions\/3428"}],"wp:featuredmedia":[{"embeddable":true,"href":"https:\/\/emasaitabuna.com.br\/new\/wp-json\/wp\/v2\/media\/3426"}],"wp:attachment":[{"href":"https:\/\/emasaitabuna.com.br\/new\/wp-json\/wp\/v2\/media?parent=3424"}],"wp:term":[{"taxonomy":"category","embeddable":true,"href":"https:\/\/emasaitabuna.com.br\/new\/wp-json\/wp\/v2\/categories?post=3424"},{"taxonomy":"post_tag","embeddable":true,"href":"https:\/\/emasaitabuna.com.br\/new\/wp-json\/wp\/v2\/tags?post=3424"}],"curies":[{"name":"wp","href":"https:\/\/api.w.org\/{rel}","templated":true}]}}