{"id":3430,"date":"2025-06-12T15:59:07","date_gmt":"2025-06-12T18:59:07","guid":{"rendered":"https:\/\/emasaitabuna.com.br\/new\/?p=3430"},"modified":"2025-06-12T18:46:30","modified_gmt":"2025-06-12T21:46:30","slug":"cadastro-das-residencias-marca-avanco-das-obras-de-saneamento-da-emasa-no-jardim-cordier","status":"publish","type":"post","link":"https:\/\/emasaitabuna.com.br\/new\/cadastro-das-residencias-marca-avanco-das-obras-de-saneamento-da-emasa-no-jardim-cordier\/","title":{"rendered":"Cadastro das resid\u00eancias marca avan\u00e7o das obras de saneamento da EMASA no Jardim Cordier"},"content":{"rendered":"<div id=\"attachment_3432\" style=\"width: 510px\" class=\"wp-caption aligncenter\"><img decoding=\"async\" aria-describedby=\"caption-attachment-3432\" class=\"size-medium wp-image-3432\" src=\"https:\/\/emasaitabuna.com.br\/new\/wp-content\/uploads\/2025\/06\/IMG-20250612-WA0157-500x352.jpg\" alt=\"\" width=\"500\" height=\"352\" srcset=\"https:\/\/emasaitabuna.com.br\/new\/wp-content\/uploads\/2025\/06\/IMG-20250612-WA0157-200x141.jpg 200w, https:\/\/emasaitabuna.com.br\/new\/wp-content\/uploads\/2025\/06\/IMG-20250612-WA0157-300x211.jpg 300w, https:\/\/emasaitabuna.com.br\/new\/wp-content\/uploads\/2025\/06\/IMG-20250612-WA0157-400x282.jpg 400w, https:\/\/emasaitabuna.com.br\/new\/wp-content\/uploads\/2025\/06\/IMG-20250612-WA0157-500x352.jpg 500w, https:\/\/emasaitabuna.com.br\/new\/wp-content\/uploads\/2025\/06\/IMG-20250612-WA0157-600x422.jpg 600w, https:\/\/emasaitabuna.com.br\/new\/wp-content\/uploads\/2025\/06\/IMG-20250612-WA0157-768x540.jpg 768w, https:\/\/emasaitabuna.com.br\/new\/wp-content\/uploads\/2025\/06\/IMG-20250612-WA0157-800x563.jpg 800w, https:\/\/emasaitabuna.com.br\/new\/wp-content\/uploads\/2025\/06\/IMG-20250612-WA0157-1200x845.jpg 1200w, https:\/\/emasaitabuna.com.br\/new\/wp-content\/uploads\/2025\/06\/IMG-20250612-WA0157-1536x1081.jpg 1536w, https:\/\/emasaitabuna.com.br\/new\/wp-content\/uploads\/2025\/06\/IMG-20250612-WA0157.jpg 1600w\" sizes=\"(max-width: 500px) 100vw, 500px\" \/><p id=\"caption-attachment-3432\" class=\"wp-caption-text\">Emanuela Maia descreveu o momento como um recome\u00e7o na vida de todos os moradores do Jardim Cordier.<\/p><\/div>\n<p>Na manh\u00e3 desta quinta-feira (12), a Empresa Municipal de \u00c1guas e Saneamento (EMASA) realizou uma a\u00e7\u00e3o de cadastro de liga\u00e7\u00f5es domiciliares no Loteamento Jardim Cordier, no Bairro Novo Ja\u00e7an\u00e3. A atividade acontece ap\u00f3s o avan\u00e7o das obras de implanta\u00e7\u00e3o das redes de \u00e1gua e esgotamento sanit\u00e1rio, esperadas h\u00e1 mais de 15 anos pelos moradores.<\/p>\n<p>A iniciativa integra o Programa EMASA Mais Perto, um projeto itinerante in\u00e9dito que visa se interagir e aproximar-se dos seus usu\u00e1rios, oferecendo \u00e0 popula\u00e7\u00e3o servi\u00e7os essenciais, solu\u00e7\u00f5es pr\u00e1ticas e conscientiza\u00e7\u00e3o sobre o uso racional da \u00e1gua.<\/p>\n<p>Durante o atendimento, a emo\u00e7\u00e3o tomou conta dos moradores, que expressaram gratid\u00e3o pela chegada de um servi\u00e7o considerado essencial. Moradora h\u00e1 seis anos, Emanuela Maia descreveu o momento como um recome\u00e7o. \u201c\u00c9 uma sensa\u00e7\u00e3o de renovo, estamos sendo beneficiados com algo t\u00e3o precioso como a \u00e1gua. Sinto alegria e gratid\u00e3o por finalmente estarmos sendo assistidos da maneira correta\u201d, afirmou.<\/p>\n<p>Sirlene Ribeiro dos Santos, moradora h\u00e1 cinco anos e profissional da \u00e1rea da beleza, refor\u00e7ou o sentimento de conquista coletiva. \u201cVejo isso como um m\u00e9rito para todos. Vai valorizar os im\u00f3veis e mudar a realidade do bairro. Sou grata por esse servi\u00e7o estar chegando aqui\u201d, celebrou.<\/p>\n<p>Boa noite caros e caras colegas, segue o texto novamente com a inclus\u00e3o de uma palavra que faltou. Pe\u00e7o desculpas pela falha. Aproveito para apresentar a marca do Programa *EMASA Mais Perto*.<\/p>\n<p>*Cadastro das resid\u00eancias marca avan\u00e7o das obras de saneamento da EMASA no Jardim Cordier*<\/p>\n<p>Na manh\u00e3 desta quinta-feira (12), a Empresa Municipal de \u00c1guas e Saneamento (EMASA) realizou uma a\u00e7\u00e3o de cadastro de liga\u00e7\u00f5es domiciliares no Loteamento Jardim Cordier, no Bairro Novo Ja\u00e7an\u00e3. A atividade acontece ap\u00f3s o avan\u00e7o das obras de implanta\u00e7\u00e3o das redes de \u00e1gua e esgotamento sanit\u00e1rio, esperadas h\u00e1 mais de 15 anos pelos moradores.<\/p>\n<p>A iniciativa integra o Programa EMASA Mais Perto, um projeto itinerante in\u00e9dito que visa se interagir e aproximar-se dos seus usu\u00e1rios, oferecendo \u00e0 popula\u00e7\u00e3o servi\u00e7os essenciais, solu\u00e7\u00f5es pr\u00e1ticas e conscientiza\u00e7\u00e3o sobre o uso racional da \u00e1gua.<\/p>\n<p>Durante o atendimento, a emo\u00e7\u00e3o tomou conta dos moradores, que expressaram gratid\u00e3o pela chegada de um servi\u00e7o considerado essencial. Moradora h\u00e1 seis anos, Emanuela Maia descreveu o momento como um recome\u00e7o. \u201c\u00c9 uma sensa\u00e7\u00e3o de renovo, estamos sendo beneficiados com algo t\u00e3o precioso como a \u00e1gua. Sinto alegria e gratid\u00e3o por finalmente estarmos sendo assistidos da maneira correta\u201d, afirmou.<\/p>\n<p>Sirlene Ribeiro dos Santos, moradora h\u00e1 cinco anos e profissional da \u00e1rea da beleza, refor\u00e7ou o sentimento de conquista coletiva. \u201cVejo isso como um m\u00e9rito para todos. Vai valorizar os im\u00f3veis e mudar a realidade do bairro. Sou grata por esse servi\u00e7o estar chegando aqui\u201d, celebrou.<\/p>\n<p>No total, 12 dos 17 cadastros previstos foram realizados na a\u00e7\u00e3o. O diretor de Expans\u00e3o e Opera\u00e7\u00e3o da EMASA, Fernando Duarte, explicou que o cadastro \u00e9 essencial para a conex\u00e3o das resid\u00eancias \u00e0s redes implantadas. \u201cEssa etapa garante que, ao final da obra, as fam\u00edlias j\u00e1 estejam prontas para receber \u00e1gua tratada e utilizar o sistema de esgoto com seguran\u00e7a e efici\u00eancia\u201d, disse.<\/p>\n<p>O presidente da EMASA, Ivan Maia, destacou a relev\u00e2ncia da obra para a dignidade e o bem-estar dos moradores. \u201cO Jardim Cordier esperou muito tempo por esse direito b\u00e1sico. A gest\u00e3o do Prefeito Augusto Castro (PSD) chega para mudar essa realidade, com investimento pr\u00f3prio, estrutura e compromisso. O di\u00e1logo com a comunidade e os avan\u00e7os como este demonstram o novo momento da EMASA.\u201d<\/p>\n<p>A entrega oficial do sistema do Projeto Mais *\u00c1gua* para Itabuna acontecer\u00e1 no pr\u00f3ximo s\u00e1bado (14), \u00e0s 10h, com a inaugura\u00e7\u00e3o do segundo reservat\u00f3rio, que beneficiar\u00e1 cerca de 60 mil moradores da zona sul da cidade<\/p>\n<div id=\"attachment_3434\" style=\"width: 510px\" class=\"wp-caption aligncenter\"><img decoding=\"async\" aria-describedby=\"caption-attachment-3434\" class=\"size-medium wp-image-3434\" src=\"https:\/\/emasaitabuna.com.br\/new\/wp-content\/uploads\/2025\/06\/IMG-20250612-WA0158-500x322.jpg\" alt=\"\" width=\"500\" height=\"322\" srcset=\"https:\/\/emasaitabuna.com.br\/new\/wp-content\/uploads\/2025\/06\/IMG-20250612-WA0158-200x129.jpg 200w, https:\/\/emasaitabuna.com.br\/new\/wp-content\/uploads\/2025\/06\/IMG-20250612-WA0158-300x193.jpg 300w, https:\/\/emasaitabuna.com.br\/new\/wp-content\/uploads\/2025\/06\/IMG-20250612-WA0158-400x258.jpg 400w, https:\/\/emasaitabuna.com.br\/new\/wp-content\/uploads\/2025\/06\/IMG-20250612-WA0158-460x295.jpg 460w, https:\/\/emasaitabuna.com.br\/new\/wp-content\/uploads\/2025\/06\/IMG-20250612-WA0158-500x322.jpg 500w, https:\/\/emasaitabuna.com.br\/new\/wp-content\/uploads\/2025\/06\/IMG-20250612-WA0158-600x386.jpg 600w, https:\/\/emasaitabuna.com.br\/new\/wp-content\/uploads\/2025\/06\/IMG-20250612-WA0158-768x494.jpg 768w, https:\/\/emasaitabuna.com.br\/new\/wp-content\/uploads\/2025\/06\/IMG-20250612-WA0158-800x515.jpg 800w, https:\/\/emasaitabuna.com.br\/new\/wp-content\/uploads\/2025\/06\/IMG-20250612-WA0158-1200x773.jpg 1200w, https:\/\/emasaitabuna.com.br\/new\/wp-content\/uploads\/2025\/06\/IMG-20250612-WA0158-1536x989.jpg 1536w, https:\/\/emasaitabuna.com.br\/new\/wp-content\/uploads\/2025\/06\/IMG-20250612-WA0158.jpg 1600w\" sizes=\"(max-width: 500px) 100vw, 500px\" \/><p id=\"caption-attachment-3434\" class=\"wp-caption-text\">Sirlene Ribeiro dos Santos refor\u00e7ou o sentimento de conquista coletiva.<\/p><\/div>\n<p>No total, 12 dos 17 cadastros previstos foram realizados na a\u00e7\u00e3o. O diretor de Expans\u00e3o e Opera\u00e7\u00e3o da EMASA, Fernando Duarte, explicou que o cadastro \u00e9 essencial para a conex\u00e3o das resid\u00eancias \u00e0s redes implantadas. \u201cEssa etapa garante que, ao final da obra, as fam\u00edlias j\u00e1 estejam prontas para receber \u00e1gua tratada e utilizar o sistema de esgoto com seguran\u00e7a e efici\u00eancia\u201d, disse.<\/p>\n<p>O presidente da EMASA, Ivan Maia, destacou a relev\u00e2ncia da obra para a dignidade e o bem-estar dos moradores. \u201cO Jardim Cordier esperou muito tempo por esse direito b\u00e1sico. A gest\u00e3o do Prefeito Augusto Castro (PSD) chega para mudar essa realidade, com investimento pr\u00f3prio, estrutura e compromisso. O di\u00e1logo com a comunidade e os avan\u00e7os como este demonstram o novo momento da EMASA.\u201d<\/p>\n<p>A entrega oficial do sistema do Projeto Mais *\u00c1gua* para Itabuna acontecer\u00e1 no pr\u00f3ximo s\u00e1bado (14), \u00e0s 10h, com a inaugura\u00e7\u00e3o do segundo reservat\u00f3rio, que beneficiar\u00e1 cerca de 60 mil moradores da zona sul da cidade.<\/p>\n<div id=\"attachment_3437\" style=\"width: 510px\" class=\"wp-caption aligncenter\"><img decoding=\"async\" aria-describedby=\"caption-attachment-3437\" class=\"wp-image-3437 size-medium\" src=\"https:\/\/emasaitabuna.com.br\/new\/wp-content\/uploads\/2025\/06\/IMG-20250612-WA0159-500x378.jpg\" alt=\"\" width=\"500\" height=\"378\" srcset=\"https:\/\/emasaitabuna.com.br\/new\/wp-content\/uploads\/2025\/06\/IMG-20250612-WA0159-200x151.jpg 200w, https:\/\/emasaitabuna.com.br\/new\/wp-content\/uploads\/2025\/06\/IMG-20250612-WA0159-300x227.jpg 300w, https:\/\/emasaitabuna.com.br\/new\/wp-content\/uploads\/2025\/06\/IMG-20250612-WA0159-400x303.jpg 400w, https:\/\/emasaitabuna.com.br\/new\/wp-content\/uploads\/2025\/06\/IMG-20250612-WA0159-500x378.jpg 500w, https:\/\/emasaitabuna.com.br\/new\/wp-content\/uploads\/2025\/06\/IMG-20250612-WA0159-600x454.jpg 600w, https:\/\/emasaitabuna.com.br\/new\/wp-content\/uploads\/2025\/06\/IMG-20250612-WA0159-768x581.jpg 768w, https:\/\/emasaitabuna.com.br\/new\/wp-content\/uploads\/2025\/06\/IMG-20250612-WA0159-800x605.jpg 800w, https:\/\/emasaitabuna.com.br\/new\/wp-content\/uploads\/2025\/06\/IMG-20250612-WA0159-1200x908.jpg 1200w, https:\/\/emasaitabuna.com.br\/new\/wp-content\/uploads\/2025\/06\/IMG-20250612-WA0159-1536x1162.jpg 1536w, https:\/\/emasaitabuna.com.br\/new\/wp-content\/uploads\/2025\/06\/IMG-20250612-WA0159.jpg 1600w\" sizes=\"(max-width: 500px) 100vw, 500px\" \/><p id=\"caption-attachment-3437\" class=\"wp-caption-text\">Programa EMASA Mais Perto \u00e9 um projeto itinerante in\u00e9dito que visa aproximar-se dos seus usu\u00e1rios, oferecendo servi\u00e7os essenciais, solu\u00e7\u00f5es pr\u00e1ticas e conscientiza\u00e7\u00e3o sobre o uso racional da \u00e1gua.<\/p><\/div>\n<p>_____<br \/>\nAssessoria de Comunica\u00e7\u00e3o Social da EMASA<br \/>\n12\/junho\/2025<\/p>\n","protected":false},"excerpt":{"rendered":"<p>Na manh\u00e3 desta quinta-feira (12), a Empresa Municipal de \u00c1guas e Saneamento (EMASA) realizou uma a\u00e7\u00e3o de cadastro de liga\u00e7\u00f5es [&hellip;]<\/p>\n","protected":false},"author":1,"featured_media":3437,"comment_status":"open","ping_status":"open","sticky":false,"template":"","format":"standard","meta":{"nf_dc_page":"","footnotes":""},"categories":[9],"tags":[],"class_list":["post-3430","post","type-post","status-publish","format-standard","has-post-thumbnail","hentry","category-noticias"],"_links":{"self":[{"href":"https:\/\/emasaitabuna.com.br\/new\/wp-json\/wp\/v2\/posts\/3430","targetHints":{"allow":["GET"]}}],"collection":[{"href":"https:\/\/emasaitabuna.com.br\/new\/wp-json\/wp\/v2\/posts"}],"about":[{"href":"https:\/\/emasaitabuna.com.br\/new\/wp-json\/wp\/v2\/types\/post"}],"author":[{"embeddable":true,"href":"https:\/\/emasaitabuna.com.br\/new\/wp-json\/wp\/v2\/users\/1"}],"replies":[{"embeddable":true,"href":"https:\/\/emasaitabuna.com.br\/new\/wp-json\/wp\/v2\/comments?post=3430"}],"version-history":[{"count":5,"href":"https:\/\/emasaitabuna.com.br\/new\/wp-json\/wp\/v2\/posts\/3430\/revisions"}],"predecessor-version":[{"id":3440,"href":"https:\/\/emasaitabuna.com.br\/new\/wp-json\/wp\/v2\/posts\/3430\/revisions\/3440"}],"wp:featuredmedia":[{"embeddable":true,"href":"https:\/\/emasaitabuna.com.br\/new\/wp-json\/wp\/v2\/media\/3437"}],"wp:attachment":[{"href":"https:\/\/emasaitabuna.com.br\/new\/wp-json\/wp\/v2\/media?parent=3430"}],"wp:term":[{"taxonomy":"category","embeddable":true,"href":"https:\/\/emasaitabuna.com.br\/new\/wp-json\/wp\/v2\/categories?post=3430"},{"taxonomy":"post_tag","embeddable":true,"href":"https:\/\/emasaitabuna.com.br\/new\/wp-json\/wp\/v2\/tags?post=3430"}],"curies":[{"name":"wp","href":"https:\/\/api.w.org\/{rel}","templated":true}]}}