{"id":3441,"date":"2025-06-13T14:03:21","date_gmt":"2025-06-13T17:03:21","guid":{"rendered":"https:\/\/emasaitabuna.com.br\/new\/?p=3441"},"modified":"2025-06-13T14:41:03","modified_gmt":"2025-06-13T17:41:03","slug":"sugestao-de-pauta-emasa-inaugura-2o-reservatorio-do-projeto-mais-agua-para-a-cidade-neste-sabado","status":"publish","type":"post","link":"https:\/\/emasaitabuna.com.br\/new\/sugestao-de-pauta-emasa-inaugura-2o-reservatorio-do-projeto-mais-agua-para-a-cidade-neste-sabado\/","title":{"rendered":"EMASA inaugura 2\u00ba reservat\u00f3rio do Projeto Mais \u00c1gua para a Cidade neste s\u00e1bado"},"content":{"rendered":"<div id=\"attachment_3148\" style=\"width: 510px\" class=\"wp-caption aligncenter\"><img decoding=\"async\" aria-describedby=\"caption-attachment-3148\" class=\"size-medium wp-image-3148\" src=\"https:\/\/emasaitabuna.com.br\/new\/wp-content\/uploads\/2025\/04\/IMG-20250404-WA0007-500x333.jpg\" alt=\"\" width=\"500\" height=\"333\" srcset=\"https:\/\/emasaitabuna.com.br\/new\/wp-content\/uploads\/2025\/04\/IMG-20250404-WA0007-200x133.jpg 200w, https:\/\/emasaitabuna.com.br\/new\/wp-content\/uploads\/2025\/04\/IMG-20250404-WA0007-300x200.jpg 300w, https:\/\/emasaitabuna.com.br\/new\/wp-content\/uploads\/2025\/04\/IMG-20250404-WA0007-400x267.jpg 400w, https:\/\/emasaitabuna.com.br\/new\/wp-content\/uploads\/2025\/04\/IMG-20250404-WA0007-500x333.jpg 500w, https:\/\/emasaitabuna.com.br\/new\/wp-content\/uploads\/2025\/04\/IMG-20250404-WA0007-600x400.jpg 600w, https:\/\/emasaitabuna.com.br\/new\/wp-content\/uploads\/2025\/04\/IMG-20250404-WA0007-768x512.jpg 768w, https:\/\/emasaitabuna.com.br\/new\/wp-content\/uploads\/2025\/04\/IMG-20250404-WA0007-800x533.jpg 800w, https:\/\/emasaitabuna.com.br\/new\/wp-content\/uploads\/2025\/04\/IMG-20250404-WA0007-1200x800.jpg 1200w, https:\/\/emasaitabuna.com.br\/new\/wp-content\/uploads\/2025\/04\/IMG-20250404-WA0007-1536x1023.jpg 1536w, https:\/\/emasaitabuna.com.br\/new\/wp-content\/uploads\/2025\/04\/IMG-20250404-WA0007.jpg 1600w\" sizes=\"(max-width: 500px) 100vw, 500px\" \/><p id=\"caption-attachment-3148\" class=\"wp-caption-text\">O reservat\u00f3rio da segunda etapa do Mais \u00c1gua, come\u00e7a a abastecer toda regi\u00e3o do S\u00e3o Caetano, amanh\u00e3, dia 14.<\/p><\/div>\n<p>A Empresa Municipal de \u00c1guas e Saneamento (EMASA) entrega amanh\u00e3, 14, \u00e0s 10h, o segundo reservat\u00f3rio do Projeto Mais \u00c1gua para a Cidade, localizado no Bairro Novo Ja\u00e7an\u00e3, em Itabuna.<\/p>\n<p>Com capacidade para 5 milh\u00f5es de litros, o novo reservat\u00f3rio vai beneficiar cerca de 60 mil moradores da zona sul, garantindo abastecimento regular e pondo fim \u00e0 instabilidade no fornecimento de \u00e1gua na regi\u00e3o.<\/p>\n<p>A entrega contar\u00e1 com a presen\u00e7a do prefeito Augusto Castro (PSD), representantes da EMASA e autoridades regionais. A nova estrutura representa mais um avan\u00e7o no processo de elimina\u00e7\u00e3o do sistema de manobras, que marcou o abastecimento da cidade por d\u00e9cadas.<\/p>\n<p><strong>Servi\u00e7o<\/strong><br \/>\nO que: Inaugura\u00e7\u00e3o do 2\u00ba reservat\u00f3rio do Projeto Mais \u00c1gua<br \/>\nOnde: Bairro Novo Ja\u00e7an\u00e3<br \/>\nHora: 10h<\/p>\n<p>\u2014\u2014\u2013<\/p>\n<p>Assessoria de Comunica\u00e7\u00e3o Social da EMASA<\/p>\n<p>13\/junho\/2025.<\/p>\n","protected":false},"excerpt":{"rendered":"<p>A Empresa Municipal de \u00c1guas e Saneamento (EMASA) entrega amanh\u00e3, 14, \u00e0s 10h, o segundo reservat\u00f3rio do Projeto Mais \u00c1gua [&hellip;]<\/p>\n","protected":false},"author":1,"featured_media":3385,"comment_status":"open","ping_status":"open","sticky":false,"template":"","format":"standard","meta":{"nf_dc_page":"","footnotes":""},"categories":[9],"tags":[],"class_list":["post-3441","post","type-post","status-publish","format-standard","has-post-thumbnail","hentry","category-noticias"],"_links":{"self":[{"href":"https:\/\/emasaitabuna.com.br\/new\/wp-json\/wp\/v2\/posts\/3441","targetHints":{"allow":["GET"]}}],"collection":[{"href":"https:\/\/emasaitabuna.com.br\/new\/wp-json\/wp\/v2\/posts"}],"about":[{"href":"https:\/\/emasaitabuna.com.br\/new\/wp-json\/wp\/v2\/types\/post"}],"author":[{"embeddable":true,"href":"https:\/\/emasaitabuna.com.br\/new\/wp-json\/wp\/v2\/users\/1"}],"replies":[{"embeddable":true,"href":"https:\/\/emasaitabuna.com.br\/new\/wp-json\/wp\/v2\/comments?post=3441"}],"version-history":[{"count":3,"href":"https:\/\/emasaitabuna.com.br\/new\/wp-json\/wp\/v2\/posts\/3441\/revisions"}],"predecessor-version":[{"id":3449,"href":"https:\/\/emasaitabuna.com.br\/new\/wp-json\/wp\/v2\/posts\/3441\/revisions\/3449"}],"wp:featuredmedia":[{"embeddable":true,"href":"https:\/\/emasaitabuna.com.br\/new\/wp-json\/wp\/v2\/media\/3385"}],"wp:attachment":[{"href":"https:\/\/emasaitabuna.com.br\/new\/wp-json\/wp\/v2\/media?parent=3441"}],"wp:term":[{"taxonomy":"category","embeddable":true,"href":"https:\/\/emasaitabuna.com.br\/new\/wp-json\/wp\/v2\/categories?post=3441"},{"taxonomy":"post_tag","embeddable":true,"href":"https:\/\/emasaitabuna.com.br\/new\/wp-json\/wp\/v2\/tags?post=3441"}],"curies":[{"name":"wp","href":"https:\/\/api.w.org\/{rel}","templated":true}]}}