{"id":3444,"date":"2025-06-13T14:16:47","date_gmt":"2025-06-13T17:16:47","guid":{"rendered":"https:\/\/emasaitabuna.com.br\/new\/?p=3444"},"modified":"2025-06-13T14:16:47","modified_gmt":"2025-06-13T17:16:47","slug":"justica-autoriza-retomada-da-cobranca-da-tarifa-de-esgoto-pela-emasa","status":"publish","type":"post","link":"https:\/\/emasaitabuna.com.br\/new\/justica-autoriza-retomada-da-cobranca-da-tarifa-de-esgoto-pela-emasa\/","title":{"rendered":"Justi\u00e7a autoriza retomada da cobran\u00e7a da tarifa de esgoto pela EMASA"},"content":{"rendered":"<div id=\"attachment_3447\" style=\"width: 510px\" class=\"wp-caption aligncenter\"><img decoding=\"async\" aria-describedby=\"caption-attachment-3447\" class=\"size-medium wp-image-3447\" src=\"https:\/\/emasaitabuna.com.br\/new\/wp-content\/uploads\/2025\/06\/IMG-20250613-WA0017-500x333.jpg\" alt=\"\" width=\"500\" height=\"333\" srcset=\"https:\/\/emasaitabuna.com.br\/new\/wp-content\/uploads\/2025\/06\/IMG-20250613-WA0017-200x133.jpg 200w, https:\/\/emasaitabuna.com.br\/new\/wp-content\/uploads\/2025\/06\/IMG-20250613-WA0017-300x200.jpg 300w, https:\/\/emasaitabuna.com.br\/new\/wp-content\/uploads\/2025\/06\/IMG-20250613-WA0017-400x267.jpg 400w, https:\/\/emasaitabuna.com.br\/new\/wp-content\/uploads\/2025\/06\/IMG-20250613-WA0017-500x333.jpg 500w, https:\/\/emasaitabuna.com.br\/new\/wp-content\/uploads\/2025\/06\/IMG-20250613-WA0017-600x400.jpg 600w, https:\/\/emasaitabuna.com.br\/new\/wp-content\/uploads\/2025\/06\/IMG-20250613-WA0017-768x512.jpg 768w, https:\/\/emasaitabuna.com.br\/new\/wp-content\/uploads\/2025\/06\/IMG-20250613-WA0017-800x533.jpg 800w, https:\/\/emasaitabuna.com.br\/new\/wp-content\/uploads\/2025\/06\/IMG-20250613-WA0017.jpg 1200w\" sizes=\"(max-width: 500px) 100vw, 500px\" \/><p id=\"caption-attachment-3447\" class=\"wp-caption-text\">Investimento de amplia\u00e7\u00e3o da rede de esgotamento sanit\u00e1rio em diversos bairros, contribuiu para a decis\u00e3o da Justi\u00e7a baiana em favor da EMASA.<\/p><\/div>\n<p>A Empresa Municipal de \u00c1guas e Saneamento (EMASA) obteve decis\u00e3o favor\u00e1vel da Justi\u00e7a da Bahia, que autoriza a retomada da cobran\u00e7a da tarifa de esgotamento sanit\u00e1rio nas unidades consumidoras. A decis\u00e3o foi publicada nesta quinta-feira (12), pela 1\u00aa Vara da Fazenda P\u00fablica de Itabuna.<\/p>\n<p>A senten\u00e7a reconhece que a EMASA promoveu avan\u00e7os significativos na cobertura e tratamento de esgoto desde 2017, com amplia\u00e7\u00e3o da rede, aumento no n\u00famero de liga\u00e7\u00f5es e constru\u00e7\u00e3o de novas esta\u00e7\u00f5es de tratamento. Com isso, foi revogada a liminar que havia limitado a cobran\u00e7a em 45% da tarifa de \u00e1gua. Agora, a empresa poder\u00e1 aplicar novamente os percentuais previstos no Decreto Municipal n\u00ba 12.443\/2017: 70% para sistemas convencionais e 45% para sistemas condominiais e conjuntos habitacionais com sistema pr\u00f3prio. Para os consumidores essa decis\u00e3o ser\u00e1 percebida nas faturas que ser\u00e3o expedidas com vencimento a partir do m\u00eas de agosto deste ano.<\/p>\n<p>Segundo o presidente da EMASA, Ivan Maia, a decis\u00e3o fortalece a sustentabilidade do servi\u00e7o de saneamento em Itabuna e permite o alinhamento com a legisla\u00e7\u00e3o nacional. \u201cEssa senten\u00e7a reconhece os avan\u00e7os que a EMASA realizou nos \u00faltimos anos e garante a continuidade dos investimentos. A tarifa contribui para que a empresa possa manter a infraestrutura dos servi\u00e7os de esgoto sanit\u00e1rio, como exige o novo Marco Legal do Saneamento\u201d, destacou.<\/p>\n<p>\u2014\u2014\u2013<\/p>\n<p>Assessoria de Comunica\u00e7\u00e3o Social da EMASA<\/p>\n<p>13\/junho\/2025.<\/p>\n","protected":false},"excerpt":{"rendered":"<p>A Empresa Municipal de \u00c1guas e Saneamento (EMASA) obteve decis\u00e3o favor\u00e1vel da Justi\u00e7a da Bahia, que autoriza a retomada da [&hellip;]<\/p>\n","protected":false},"author":1,"featured_media":3447,"comment_status":"open","ping_status":"open","sticky":false,"template":"","format":"standard","meta":{"nf_dc_page":"","footnotes":""},"categories":[9],"tags":[],"class_list":["post-3444","post","type-post","status-publish","format-standard","has-post-thumbnail","hentry","category-noticias"],"_links":{"self":[{"href":"https:\/\/emasaitabuna.com.br\/new\/wp-json\/wp\/v2\/posts\/3444","targetHints":{"allow":["GET"]}}],"collection":[{"href":"https:\/\/emasaitabuna.com.br\/new\/wp-json\/wp\/v2\/posts"}],"about":[{"href":"https:\/\/emasaitabuna.com.br\/new\/wp-json\/wp\/v2\/types\/post"}],"author":[{"embeddable":true,"href":"https:\/\/emasaitabuna.com.br\/new\/wp-json\/wp\/v2\/users\/1"}],"replies":[{"embeddable":true,"href":"https:\/\/emasaitabuna.com.br\/new\/wp-json\/wp\/v2\/comments?post=3444"}],"version-history":[{"count":3,"href":"https:\/\/emasaitabuna.com.br\/new\/wp-json\/wp\/v2\/posts\/3444\/revisions"}],"predecessor-version":[{"id":3448,"href":"https:\/\/emasaitabuna.com.br\/new\/wp-json\/wp\/v2\/posts\/3444\/revisions\/3448"}],"wp:featuredmedia":[{"embeddable":true,"href":"https:\/\/emasaitabuna.com.br\/new\/wp-json\/wp\/v2\/media\/3447"}],"wp:attachment":[{"href":"https:\/\/emasaitabuna.com.br\/new\/wp-json\/wp\/v2\/media?parent=3444"}],"wp:term":[{"taxonomy":"category","embeddable":true,"href":"https:\/\/emasaitabuna.com.br\/new\/wp-json\/wp\/v2\/categories?post=3444"},{"taxonomy":"post_tag","embeddable":true,"href":"https:\/\/emasaitabuna.com.br\/new\/wp-json\/wp\/v2\/tags?post=3444"}],"curies":[{"name":"wp","href":"https:\/\/api.w.org\/{rel}","templated":true}]}}