{"id":3454,"date":"2025-06-17T14:03:10","date_gmt":"2025-06-17T17:03:10","guid":{"rendered":"https:\/\/emasaitabuna.com.br\/new\/?p=3454"},"modified":"2025-06-17T14:04:17","modified_gmt":"2025-06-17T17:04:17","slug":"emasa-participa-da-feira-comunitaria-de-encerramento-do-projeto-social-no-jardim-jacana","status":"publish","type":"post","link":"https:\/\/emasaitabuna.com.br\/new\/emasa-participa-da-feira-comunitaria-de-encerramento-do-projeto-social-no-jardim-jacana\/","title":{"rendered":"EMASA participa da Feira Comunit\u00e1ria de Encerramento do Projeto Social no Jardim Ja\u00e7an\u00e3"},"content":{"rendered":"<p><img decoding=\"async\" class=\"aligncenter size-medium wp-image-3455\" src=\"https:\/\/emasaitabuna.com.br\/new\/wp-content\/uploads\/2025\/06\/IMG-20250617-WA0009-375x500.jpg\" alt=\"\" width=\"375\" height=\"500\" srcset=\"https:\/\/emasaitabuna.com.br\/new\/wp-content\/uploads\/2025\/06\/IMG-20250617-WA0009-200x267.jpg 200w, https:\/\/emasaitabuna.com.br\/new\/wp-content\/uploads\/2025\/06\/IMG-20250617-WA0009-225x300.jpg 225w, https:\/\/emasaitabuna.com.br\/new\/wp-content\/uploads\/2025\/06\/IMG-20250617-WA0009-375x500.jpg 375w, https:\/\/emasaitabuna.com.br\/new\/wp-content\/uploads\/2025\/06\/IMG-20250617-WA0009-400x533.jpg 400w, https:\/\/emasaitabuna.com.br\/new\/wp-content\/uploads\/2025\/06\/IMG-20250617-WA0009-600x800.jpg 600w, https:\/\/emasaitabuna.com.br\/new\/wp-content\/uploads\/2025\/06\/IMG-20250617-WA0009-768x1024.jpg 768w, https:\/\/emasaitabuna.com.br\/new\/wp-content\/uploads\/2025\/06\/IMG-20250617-WA0009-800x1067.jpg 800w, https:\/\/emasaitabuna.com.br\/new\/wp-content\/uploads\/2025\/06\/IMG-20250617-WA0009-900x1200.jpg 900w, https:\/\/emasaitabuna.com.br\/new\/wp-content\/uploads\/2025\/06\/IMG-20250617-WA0009-1152x1536.jpg 1152w, https:\/\/emasaitabuna.com.br\/new\/wp-content\/uploads\/2025\/06\/IMG-20250617-WA0009-1200x1600.jpg 1200w, https:\/\/emasaitabuna.com.br\/new\/wp-content\/uploads\/2025\/06\/IMG-20250617-WA0009-1536x2048.jpg 1536w, https:\/\/emasaitabuna.com.br\/new\/wp-content\/uploads\/2025\/06\/IMG-20250617-WA0009-scaled.jpg 1920w\" sizes=\"(max-width: 375px) 100vw, 375px\" \/><\/p>\n<p>Nesta ter\u00e7a-feira (17), a Empresa Municipal de \u00c1guas e Saneamento (EMASA) participou na Feira Comunit\u00e1ria de Encerramento do Projeto de Trabalho Social (PTS), realizada na \u00e1rea coletiva do Residencial Jardim Ja\u00e7an\u00e3, em Itabuna. A a\u00e7\u00e3o foi promovida pela Companhia de Desenvolvimento Urbano do Estado da Bahia (CONDER), dentro do Programa Bahia Minha Casa, que acompanha as fam\u00edlias reassentadas ap\u00f3s as enchentes entre 2021 e 2022.<\/p>\n<p>A empresa levou para o evento atividades do programa EMASA Mais Perto, que tem aproximado a empresa das comunidades com orienta\u00e7\u00f5es sobre o uso consciente da \u00e1gua, al\u00e9m de din\u00e2micas e brincadeiras l\u00fadicas voltadas \u00e0 educa\u00e7\u00e3o ambiental. \u201cEsse \u00e9 um novo momento da EMASA, mais pr\u00f3ximo da popula\u00e7\u00e3o, com a\u00e7\u00f5es que v\u00e3o al\u00e9m dos servi\u00e7os operacionais. O EMASA Mais Perto \u00e9 uma ponte entre a empresa e as comunidades, promovendo cidadania e di\u00e1logo direto com os moradores\u201d, afirmou o presidente Ivan Maia.<\/p>\n<p>A participa\u00e7\u00e3o da empresa foi elogiada pela organiza\u00e7\u00e3o do evento. \u201cA Feira \u00e9 um marco de encerramento do nosso projeto social e tem como foco mostrar os resultados do trabalho desenvolvido com as fam\u00edlias. A presen\u00e7a da EMASA agrega muito ao promover conhecimento sobre o uso consciente da \u00e1gua e servi\u00e7os p\u00fablicos essenciais\u201d, destacou Vanessa Souza, supervisora do PTS pela COSOC\/CONDER.<\/p>\n<p>A assessora t\u00e9cnica da CONDER, D\u00e9borah Monteiro, tamb\u00e9m ressaltou a import\u00e2ncia do momento. \u201cA Feira representa o encerramento de uma etapa importante. \u00c9 tamb\u00e9m uma oportunidade para fortalecer o senso de pertencimento da comunidade e ampliar o acesso a pol\u00edticas p\u00fablicas.\u201d<\/p>\n<p>Presente com o marido e a filha rec\u00e9m-nascida, a moradora do residencial Ana Paula Pereira avaliou positivamente a participa\u00e7\u00e3o da EMASA no evento. \u201cRecebemos orienta\u00e7\u00f5es muito \u00fateis, principalmente sobre economia de \u00e1gua e os canais de atendimento. Foi uma a\u00e7\u00e3o diferente e muito importante para n\u00f3s moradores.\u201d<\/p>\n<p>Para o diretor de Expans\u00e3o e Opera\u00e7\u00e3o da EMASA, Fernando Duarte, a iniciativa refor\u00e7a o papel social da empresa. \u201cEstar presente num evento como esse \u00e9 valorizar o cidad\u00e3o e reconhecer o impacto que o saneamento b\u00e1sico tem na sa\u00fade e na qualidade de vida das fam\u00edlias reassentadas.\u201d<\/p>\n<p>Tamb\u00e9m participaram da a\u00e7\u00e3o o diretor de Planejamento da EMASA, Jos\u00e9 Silva e Santos, a assessora da presid\u00eancia Josimeire Alves, o vice-prefeito J\u00fanior Brand\u00e3o e a secret\u00e1ria de Infraestrutura e Urbanismo e presidente do Conselho de Administra\u00e7\u00e3o da EMASA, S\u00f4nia Fontes. Al\u00e9m dos funcion\u00e1rios Brenda Paix\u00e3o (Encarregada de Gest\u00e3o Ambiental), Maria D&#8217;Ajuda Nascimento (Coordenadora do Setor de Assist\u00eancia Social), Jos\u00e9 Rodrigues (Coordenador de Rela\u00e7\u00f5es Comunit\u00e1rias) e Indhoara Mendon\u00e7a (Coordenadora de N\u00facleo e Projeto).<\/p>\n<p><img decoding=\"async\" class=\"aligncenter size-medium wp-image-3456\" src=\"https:\/\/emasaitabuna.com.br\/new\/wp-content\/uploads\/2025\/06\/IMG-20250617-WA0004-500x410.jpg\" alt=\"\" width=\"500\" height=\"410\" srcset=\"https:\/\/emasaitabuna.com.br\/new\/wp-content\/uploads\/2025\/06\/IMG-20250617-WA0004-300x246.jpg 300w, https:\/\/emasaitabuna.com.br\/new\/wp-content\/uploads\/2025\/06\/IMG-20250617-WA0004-500x410.jpg 500w, https:\/\/emasaitabuna.com.br\/new\/wp-content\/uploads\/2025\/06\/IMG-20250617-WA0004-768x630.jpg 768w, https:\/\/emasaitabuna.com.br\/new\/wp-content\/uploads\/2025\/06\/IMG-20250617-WA0004-1200x985.jpg 1200w, https:\/\/emasaitabuna.com.br\/new\/wp-content\/uploads\/2025\/06\/IMG-20250617-WA0004-1536x1261.jpg 1536w\" sizes=\"(max-width: 500px) 100vw, 500px\" \/><\/p>\n<p><img decoding=\"async\" class=\"aligncenter size-medium wp-image-3457\" src=\"https:\/\/emasaitabuna.com.br\/new\/wp-content\/uploads\/2025\/06\/IMG-20250617-WA0008-500x391.jpg\" alt=\"\" width=\"500\" height=\"391\" srcset=\"https:\/\/emasaitabuna.com.br\/new\/wp-content\/uploads\/2025\/06\/IMG-20250617-WA0008-300x235.jpg 300w, https:\/\/emasaitabuna.com.br\/new\/wp-content\/uploads\/2025\/06\/IMG-20250617-WA0008-500x391.jpg 500w, https:\/\/emasaitabuna.com.br\/new\/wp-content\/uploads\/2025\/06\/IMG-20250617-WA0008-768x601.jpg 768w, https:\/\/emasaitabuna.com.br\/new\/wp-content\/uploads\/2025\/06\/IMG-20250617-WA0008-1200x939.jpg 1200w\" sizes=\"(max-width: 500px) 100vw, 500px\" \/><\/p>\n<p><img decoding=\"async\" class=\"aligncenter size-medium wp-image-3458\" src=\"https:\/\/emasaitabuna.com.br\/new\/wp-content\/uploads\/2025\/06\/IMG-20250617-WA0006.jpg\" alt=\"\" width=\"1\" height=\"1\" \/><img decoding=\"async\" class=\"aligncenter size-medium wp-image-3458\" src=\"https:\/\/emasaitabuna.com.br\/new\/wp-content\/uploads\/2025\/06\/IMG-20250617-WA0006-500x440.jpg\" alt=\"\" width=\"500\" height=\"440\" srcset=\"https:\/\/emasaitabuna.com.br\/new\/wp-content\/uploads\/2025\/06\/IMG-20250617-WA0006-300x264.jpg 300w, https:\/\/emasaitabuna.com.br\/new\/wp-content\/uploads\/2025\/06\/IMG-20250617-WA0006-500x440.jpg 500w, https:\/\/emasaitabuna.com.br\/new\/wp-content\/uploads\/2025\/06\/IMG-20250617-WA0006-768x675.jpg 768w, https:\/\/emasaitabuna.com.br\/new\/wp-content\/uploads\/2025\/06\/IMG-20250617-WA0006-1200x1055.jpg 1200w, https:\/\/emasaitabuna.com.br\/new\/wp-content\/uploads\/2025\/06\/IMG-20250617-WA0006-1536x1351.jpg 1536w\" sizes=\"(max-width: 500px) 100vw, 500px\" \/><\/p>\n<p>_____<\/p>\n<p>Assessoria de Comunica\u00e7\u00e3o da EMASA<\/p>\n<p>17\/Junho\/2025<\/p>\n","protected":false},"excerpt":{"rendered":"<p>Nesta ter\u00e7a-feira (17), a Empresa Municipal de \u00c1guas e Saneamento (EMASA) participou na Feira Comunit\u00e1ria de Encerramento do Projeto de [&hellip;]<\/p>\n","protected":false},"author":1,"featured_media":3455,"comment_status":"open","ping_status":"open","sticky":false,"template":"","format":"standard","meta":{"nf_dc_page":"","footnotes":""},"categories":[9],"tags":[],"class_list":["post-3454","post","type-post","status-publish","format-standard","has-post-thumbnail","hentry","category-noticias"],"_links":{"self":[{"href":"https:\/\/emasaitabuna.com.br\/new\/wp-json\/wp\/v2\/posts\/3454","targetHints":{"allow":["GET"]}}],"collection":[{"href":"https:\/\/emasaitabuna.com.br\/new\/wp-json\/wp\/v2\/posts"}],"about":[{"href":"https:\/\/emasaitabuna.com.br\/new\/wp-json\/wp\/v2\/types\/post"}],"author":[{"embeddable":true,"href":"https:\/\/emasaitabuna.com.br\/new\/wp-json\/wp\/v2\/users\/1"}],"replies":[{"embeddable":true,"href":"https:\/\/emasaitabuna.com.br\/new\/wp-json\/wp\/v2\/comments?post=3454"}],"version-history":[{"count":3,"href":"https:\/\/emasaitabuna.com.br\/new\/wp-json\/wp\/v2\/posts\/3454\/revisions"}],"predecessor-version":[{"id":3461,"href":"https:\/\/emasaitabuna.com.br\/new\/wp-json\/wp\/v2\/posts\/3454\/revisions\/3461"}],"wp:featuredmedia":[{"embeddable":true,"href":"https:\/\/emasaitabuna.com.br\/new\/wp-json\/wp\/v2\/media\/3455"}],"wp:attachment":[{"href":"https:\/\/emasaitabuna.com.br\/new\/wp-json\/wp\/v2\/media?parent=3454"}],"wp:term":[{"taxonomy":"category","embeddable":true,"href":"https:\/\/emasaitabuna.com.br\/new\/wp-json\/wp\/v2\/categories?post=3454"},{"taxonomy":"post_tag","embeddable":true,"href":"https:\/\/emasaitabuna.com.br\/new\/wp-json\/wp\/v2\/tags?post=3454"}],"curies":[{"name":"wp","href":"https:\/\/api.w.org\/{rel}","templated":true}]}}