{"id":3463,"date":"2025-06-25T14:51:03","date_gmt":"2025-06-25T17:51:03","guid":{"rendered":"https:\/\/emasaitabuna.com.br\/new\/?p=3463"},"modified":"2025-06-25T14:51:03","modified_gmt":"2025-06-25T17:51:03","slug":"emasa-firma-parceria-com-o-sesi-para-incentivar-conclusao-dos-estudos-dos-colaboradores","status":"publish","type":"post","link":"https:\/\/emasaitabuna.com.br\/new\/emasa-firma-parceria-com-o-sesi-para-incentivar-conclusao-dos-estudos-dos-colaboradores\/","title":{"rendered":"EMASA firma parceria com o SESI para incentivar conclus\u00e3o dos estudos dos colaboradores"},"content":{"rendered":"<p><img decoding=\"async\" class=\"aligncenter size-medium wp-image-3464\" src=\"https:\/\/emasaitabuna.com.br\/new\/wp-content\/uploads\/2025\/06\/IMG-20250625-WA0013-500x399.jpg\" alt=\"\" width=\"500\" height=\"399\" srcset=\"https:\/\/emasaitabuna.com.br\/new\/wp-content\/uploads\/2025\/06\/IMG-20250625-WA0013-177x142.jpg 177w, https:\/\/emasaitabuna.com.br\/new\/wp-content\/uploads\/2025\/06\/IMG-20250625-WA0013-200x160.jpg 200w, https:\/\/emasaitabuna.com.br\/new\/wp-content\/uploads\/2025\/06\/IMG-20250625-WA0013-300x239.jpg 300w, https:\/\/emasaitabuna.com.br\/new\/wp-content\/uploads\/2025\/06\/IMG-20250625-WA0013-400x319.jpg 400w, https:\/\/emasaitabuna.com.br\/new\/wp-content\/uploads\/2025\/06\/IMG-20250625-WA0013-500x399.jpg 500w, https:\/\/emasaitabuna.com.br\/new\/wp-content\/uploads\/2025\/06\/IMG-20250625-WA0013-600x479.jpg 600w, https:\/\/emasaitabuna.com.br\/new\/wp-content\/uploads\/2025\/06\/IMG-20250625-WA0013-768x613.jpg 768w, https:\/\/emasaitabuna.com.br\/new\/wp-content\/uploads\/2025\/06\/IMG-20250625-WA0013-800x638.jpg 800w, https:\/\/emasaitabuna.com.br\/new\/wp-content\/uploads\/2025\/06\/IMG-20250625-WA0013-1200x957.jpg 1200w, https:\/\/emasaitabuna.com.br\/new\/wp-content\/uploads\/2025\/06\/IMG-20250625-WA0013.jpg 1240w\" sizes=\"(max-width: 500px) 100vw, 500px\" \/><\/p>\n<p>No pr\u00f3ximo dia 7 de julho, \u00e0s 8h, a Empresa Municipal de \u00c1guas e Saneamento (EMASA) realiza, no audit\u00f3rio da Esta\u00e7\u00e3o de Tratamento de \u00c1gua (ETA), no bairro S\u00e3o Louren\u00e7o, a apresenta\u00e7\u00e3o do programa de Educa\u00e7\u00e3o de Jovens e Adultos (EJA), em parceria com o Servi\u00e7o Social da Ind\u00fastria (SESI). A a\u00e7\u00e3o \u00e9 voltada aos colaboradores que ainda n\u00e3o conclu\u00edram o ensino fundamental ou m\u00e9dio, oferecendo a oportunidade de retomarem os estudos com acompanhamento pedag\u00f3gico e certifica\u00e7\u00e3o.<\/p>\n<p>Durante o encontro, al\u00e9m da apresenta\u00e7\u00e3o do projeto, ser\u00e3o realizadas as matr\u00edculas. Para se inscrever, os interessados devem apresentar c\u00f3pias dos seguintes documentos: RG (frente e verso), CPF, hist\u00f3rico escolar ou atestado de transfer\u00eancia, comprovante de resid\u00eancia, e-mail, contracheque ou carteira de trabalho e n\u00famero de telefone com DDD (preferencialmente WhatsApp).<\/p>\n<p>O presidente da EMASA, Ivan Maia, destacou a import\u00e2ncia da iniciativa como forma de valoriza\u00e7\u00e3o e est\u00edmulo ao crescimento profissional. \u201cA EMASA vive um novo momento, com foco tamb\u00e9m na qualifica\u00e7\u00e3o dos seus colaboradores. Essa parceria com o SESI \u00e9 um passo fundamental para garantir que todos tenham acesso \u00e0 educa\u00e7\u00e3o e possam avan\u00e7ar em suas trajet\u00f3rias pessoais e profissionais. Estamos investindo em pessoas, que s\u00e3o o maior patrim\u00f4nio da nossa empresa\u201d, afirmou.<\/p>\n<p>Os colaboradores tamb\u00e9m ter\u00e3o a oportunidade de fazer o curso profissionalizante de Auxiliar de Opera\u00e7\u00e3o de Esta\u00e7\u00e3o de Tratamento de \u00c1guas com certifica\u00e7\u00e3o. A a\u00e7\u00e3o est\u00e1 sendo organizada pelo setor psicossocial da EMASA. Para Erilania Melo, coordenadora do setor, a proposta vai al\u00e9m da educa\u00e7\u00e3o formal. \u201cTrata-se de uma porta aberta para o desenvolvimento pessoal e a inclus\u00e3o. A EMASA est\u00e1 incentivando os colaboradores a conclu\u00edrem essa etapa t\u00e3o importante, reconhecendo que a educa\u00e7\u00e3o transforma e amplia horizontes\u201d, refor\u00e7ou.<\/p>\n<p>J\u00e1 a coordenadora do setor de Assist\u00eancia Social, Maria D\u2019Ajuda Nascimento, refor\u00e7ou o compromisso com o acolhimento e o incentivo \u00e0 forma\u00e7\u00e3o: \u201cMuitos dos colaboradores interromperam os estudos por necessidade. Agora, com essa oportunidade, a EMASA est\u00e1 ajudando a resgatar sonhos e abrir caminhos para o futuro\u201d, declarou.<\/p>\n<p>____<\/p>\n<p>Assessoria de Comunica\u00e7\u00e3o Social da EMASA.<\/p>\n<p>25\/junho\/2025.<\/p>\n","protected":false},"excerpt":{"rendered":"<p>No pr\u00f3ximo dia 7 de julho, \u00e0s 8h, a Empresa Municipal de \u00c1guas e Saneamento (EMASA) realiza, no audit\u00f3rio da [&hellip;]<\/p>\n","protected":false},"author":1,"featured_media":3464,"comment_status":"open","ping_status":"open","sticky":false,"template":"","format":"standard","meta":{"nf_dc_page":"","footnotes":""},"categories":[9],"tags":[],"class_list":["post-3463","post","type-post","status-publish","format-standard","has-post-thumbnail","hentry","category-noticias"],"_links":{"self":[{"href":"https:\/\/emasaitabuna.com.br\/new\/wp-json\/wp\/v2\/posts\/3463","targetHints":{"allow":["GET"]}}],"collection":[{"href":"https:\/\/emasaitabuna.com.br\/new\/wp-json\/wp\/v2\/posts"}],"about":[{"href":"https:\/\/emasaitabuna.com.br\/new\/wp-json\/wp\/v2\/types\/post"}],"author":[{"embeddable":true,"href":"https:\/\/emasaitabuna.com.br\/new\/wp-json\/wp\/v2\/users\/1"}],"replies":[{"embeddable":true,"href":"https:\/\/emasaitabuna.com.br\/new\/wp-json\/wp\/v2\/comments?post=3463"}],"version-history":[{"count":1,"href":"https:\/\/emasaitabuna.com.br\/new\/wp-json\/wp\/v2\/posts\/3463\/revisions"}],"predecessor-version":[{"id":3465,"href":"https:\/\/emasaitabuna.com.br\/new\/wp-json\/wp\/v2\/posts\/3463\/revisions\/3465"}],"wp:featuredmedia":[{"embeddable":true,"href":"https:\/\/emasaitabuna.com.br\/new\/wp-json\/wp\/v2\/media\/3464"}],"wp:attachment":[{"href":"https:\/\/emasaitabuna.com.br\/new\/wp-json\/wp\/v2\/media?parent=3463"}],"wp:term":[{"taxonomy":"category","embeddable":true,"href":"https:\/\/emasaitabuna.com.br\/new\/wp-json\/wp\/v2\/categories?post=3463"},{"taxonomy":"post_tag","embeddable":true,"href":"https:\/\/emasaitabuna.com.br\/new\/wp-json\/wp\/v2\/tags?post=3463"}],"curies":[{"name":"wp","href":"https:\/\/api.w.org\/{rel}","templated":true}]}}