{"id":3478,"date":"2025-07-05T12:01:55","date_gmt":"2025-07-05T15:01:55","guid":{"rendered":"https:\/\/emasaitabuna.com.br\/new\/?p=3478"},"modified":"2025-07-05T12:03:40","modified_gmt":"2025-07-05T15:03:40","slug":"emasa-conclui-obra-de-implantacao-de-rede-de-agua-e-esgoto-no-jardim-cordier-e-transforma-realidade-de-moradores","status":"publish","type":"post","link":"https:\/\/emasaitabuna.com.br\/new\/emasa-conclui-obra-de-implantacao-de-rede-de-agua-e-esgoto-no-jardim-cordier-e-transforma-realidade-de-moradores\/","title":{"rendered":"EMASA conclui obra de implanta\u00e7\u00e3o de rede de \u00e1gua e esgoto no Jardim Cordier e transforma realidade de moradores"},"content":{"rendered":"<div id=\"attachment_3479\" style=\"width: 510px\" class=\"wp-caption aligncenter\"><img decoding=\"async\" aria-describedby=\"caption-attachment-3479\" class=\"wp-image-3479 size-medium\" src=\"https:\/\/emasaitabuna.com.br\/new\/wp-content\/uploads\/2025\/07\/IMG-20250705-WA0002-500x333.jpg\" alt=\"\" width=\"500\" height=\"333\" srcset=\"https:\/\/emasaitabuna.com.br\/new\/wp-content\/uploads\/2025\/07\/IMG-20250705-WA0002-200x133.jpg 200w, https:\/\/emasaitabuna.com.br\/new\/wp-content\/uploads\/2025\/07\/IMG-20250705-WA0002-300x200.jpg 300w, https:\/\/emasaitabuna.com.br\/new\/wp-content\/uploads\/2025\/07\/IMG-20250705-WA0002-400x267.jpg 400w, https:\/\/emasaitabuna.com.br\/new\/wp-content\/uploads\/2025\/07\/IMG-20250705-WA0002-500x333.jpg 500w, https:\/\/emasaitabuna.com.br\/new\/wp-content\/uploads\/2025\/07\/IMG-20250705-WA0002-600x400.jpg 600w, https:\/\/emasaitabuna.com.br\/new\/wp-content\/uploads\/2025\/07\/IMG-20250705-WA0002-768x512.jpg 768w, https:\/\/emasaitabuna.com.br\/new\/wp-content\/uploads\/2025\/07\/IMG-20250705-WA0002-800x533.jpg 800w, https:\/\/emasaitabuna.com.br\/new\/wp-content\/uploads\/2025\/07\/IMG-20250705-WA0002-1200x800.jpg 1200w, https:\/\/emasaitabuna.com.br\/new\/wp-content\/uploads\/2025\/07\/IMG-20250705-WA0002-1536x1023.jpg 1536w, https:\/\/emasaitabuna.com.br\/new\/wp-content\/uploads\/2025\/07\/IMG-20250705-WA0002.jpg 1600w\" sizes=\"(max-width: 500px) 100vw, 500px\" \/><p id=\"caption-attachment-3479\" class=\"wp-caption-text\">Obras de implanta\u00e7\u00e3o da rede de esgotamento sanit\u00e1rio e \u00e1gua na localidade.<\/p><\/div>\n<p>A Empresa Municipal de \u00c1guas e Saneamento S\/A (EMASA) concluiu ontem, sexta-feira (4), as obras de implanta\u00e7\u00e3o das redes de abastecimento de \u00e1gua e esgotamento sanit\u00e1rio no Loteamento Jardim Cordier, localizado no bairro Novo Ja\u00e7an\u00e3, em Itabuna. A opera\u00e7\u00e3o dos sistemas teve in\u00edcio neste s\u00e1bado (5), beneficiando diretamente dezenas de fam\u00edlias da comunidade.<\/p>\n<p>Com investimento de R$ 357 mil com recursos pr\u00f3prios da EMASA, a interven\u00e7\u00e3o contemplou a instala\u00e7\u00e3o de 1.500 metros de redes de \u00e1gua e esgoto, al\u00e9m das liga\u00e7\u00f5es domiciliares e intradomiciliares, garantindo o acesso imediato dos moradores aos servi\u00e7os essenciais de saneamento. A iniciativa hist\u00f3rica leva, pela primeira vez em 15 anos desde a funda\u00e7\u00e3o do loteamento, estruturas b\u00e1sicas de saneamento \u00e0 comunidade.<\/p>\n<p>O atendimento \u00e0 popula\u00e7\u00e3o tamb\u00e9m ganhou um refor\u00e7o importante com o Programa Emasa Mais Perto \u2013 uma a\u00e7\u00e3o in\u00e9dita da empresa, que promoveu o cadastramento dos moradores por meio de servi\u00e7os itinerantes, oferecendo mais comodidade, proximidade e efici\u00eancia.<\/p>\n<p>O presidente da EMASA, Ivan Maia, destacou que a entrega reafirma o compromisso da atual gest\u00e3o com o bem-estar da popula\u00e7\u00e3o e com o desenvolvimento sustent\u00e1vel: \u201cO Jardim Cordier tamb\u00e9m abriga um dos reservat\u00f3rios do Projeto Mais \u00c1gua para a Cidade, com capacidade de 5 milh\u00f5es de litros. Estamos falando de dignidade, sa\u00fade p\u00fablica e valoriza\u00e7\u00e3o dos im\u00f3veis. \u00c9 uma conquista coletiva da comunidade de Itabuna\u201d, afirmou.<\/p>\n<p>O gerente t\u00e9cnico da EMASA, Jo\u00e3o Bittencourt, acompanhou os trabalhos e destacou a qualidade da execu\u00e7\u00e3o. \u201cAl\u00e9m da rede principal, realizamos as liga\u00e7\u00f5es, o que vai facilitar o acesso imediato dos moradores aos servi\u00e7os. \u00c9 uma obra que cumpre as normas t\u00e9cnicas e atende plenamente \u00e0s necessidades dos moradores\u201d, explicou.<\/p>\n<p>A a\u00e7\u00e3o integra o plano de universaliza\u00e7\u00e3o do saneamento em Itabuna, alinhado ao novo Marco Legal do Saneamento, e se soma a outras melhorias nos bairros de Nova Ferradas, Novo Ja\u00e7an\u00e3, Novo Lomanto e S\u00e3o Crist\u00f3v\u00e3o, no Manoel Le\u00e3o.<\/p>\n<p>A obra tamb\u00e9m atendeu a uma solicita\u00e7\u00e3o do vereador Bab\u00e1 Cearense, unindo esfor\u00e7os em prol de uma cidade mais justa e bem estruturada.<\/p>\n<p><img decoding=\"async\" class=\"aligncenter size-medium wp-image-3482\" src=\"https:\/\/emasaitabuna.com.br\/new\/wp-content\/uploads\/2025\/07\/IMG-20250705-WA0003-500x333.jpg\" alt=\"\" width=\"500\" height=\"333\" srcset=\"https:\/\/emasaitabuna.com.br\/new\/wp-content\/uploads\/2025\/07\/IMG-20250705-WA0003-200x133.jpg 200w, https:\/\/emasaitabuna.com.br\/new\/wp-content\/uploads\/2025\/07\/IMG-20250705-WA0003-300x200.jpg 300w, https:\/\/emasaitabuna.com.br\/new\/wp-content\/uploads\/2025\/07\/IMG-20250705-WA0003-400x267.jpg 400w, https:\/\/emasaitabuna.com.br\/new\/wp-content\/uploads\/2025\/07\/IMG-20250705-WA0003-500x333.jpg 500w, https:\/\/emasaitabuna.com.br\/new\/wp-content\/uploads\/2025\/07\/IMG-20250705-WA0003-600x400.jpg 600w, https:\/\/emasaitabuna.com.br\/new\/wp-content\/uploads\/2025\/07\/IMG-20250705-WA0003-768x512.jpg 768w, https:\/\/emasaitabuna.com.br\/new\/wp-content\/uploads\/2025\/07\/IMG-20250705-WA0003-800x533.jpg 800w, https:\/\/emasaitabuna.com.br\/new\/wp-content\/uploads\/2025\/07\/IMG-20250705-WA0003-1200x800.jpg 1200w, https:\/\/emasaitabuna.com.br\/new\/wp-content\/uploads\/2025\/07\/IMG-20250705-WA0003-1536x1023.jpg 1536w, https:\/\/emasaitabuna.com.br\/new\/wp-content\/uploads\/2025\/07\/IMG-20250705-WA0003.jpg 1600w\" sizes=\"(max-width: 500px) 100vw, 500px\" \/><\/p>\n<p>\u2014\u2014<br \/>\nAssessoria de Comunica\u00e7\u00e3o Social da EMASA<br \/>\n05\/julho\/2025<\/p>\n","protected":false},"excerpt":{"rendered":"<p>A Empresa Municipal de \u00c1guas e Saneamento S\/A (EMASA) concluiu ontem, sexta-feira (4), as obras de implanta\u00e7\u00e3o das redes de [&hellip;]<\/p>\n","protected":false},"author":1,"featured_media":3479,"comment_status":"open","ping_status":"open","sticky":false,"template":"","format":"standard","meta":{"nf_dc_page":"","footnotes":""},"categories":[9],"tags":[],"class_list":["post-3478","post","type-post","status-publish","format-standard","has-post-thumbnail","hentry","category-noticias"],"_links":{"self":[{"href":"https:\/\/emasaitabuna.com.br\/new\/wp-json\/wp\/v2\/posts\/3478","targetHints":{"allow":["GET"]}}],"collection":[{"href":"https:\/\/emasaitabuna.com.br\/new\/wp-json\/wp\/v2\/posts"}],"about":[{"href":"https:\/\/emasaitabuna.com.br\/new\/wp-json\/wp\/v2\/types\/post"}],"author":[{"embeddable":true,"href":"https:\/\/emasaitabuna.com.br\/new\/wp-json\/wp\/v2\/users\/1"}],"replies":[{"embeddable":true,"href":"https:\/\/emasaitabuna.com.br\/new\/wp-json\/wp\/v2\/comments?post=3478"}],"version-history":[{"count":4,"href":"https:\/\/emasaitabuna.com.br\/new\/wp-json\/wp\/v2\/posts\/3478\/revisions"}],"predecessor-version":[{"id":3484,"href":"https:\/\/emasaitabuna.com.br\/new\/wp-json\/wp\/v2\/posts\/3478\/revisions\/3484"}],"wp:featuredmedia":[{"embeddable":true,"href":"https:\/\/emasaitabuna.com.br\/new\/wp-json\/wp\/v2\/media\/3479"}],"wp:attachment":[{"href":"https:\/\/emasaitabuna.com.br\/new\/wp-json\/wp\/v2\/media?parent=3478"}],"wp:term":[{"taxonomy":"category","embeddable":true,"href":"https:\/\/emasaitabuna.com.br\/new\/wp-json\/wp\/v2\/categories?post=3478"},{"taxonomy":"post_tag","embeddable":true,"href":"https:\/\/emasaitabuna.com.br\/new\/wp-json\/wp\/v2\/tags?post=3478"}],"curies":[{"name":"wp","href":"https:\/\/api.w.org\/{rel}","templated":true}]}}