{"id":3485,"date":"2025-07-07T13:26:12","date_gmt":"2025-07-07T16:26:12","guid":{"rendered":"https:\/\/emasaitabuna.com.br\/new\/?p=3485"},"modified":"2025-07-07T15:01:33","modified_gmt":"2025-07-07T18:01:33","slug":"emasa-realiza-congresso-aguas-de-futuro-sobre-saneamento-sustentabilidade-e-revitalizacao-do-rio-cachoeira","status":"publish","type":"post","link":"https:\/\/emasaitabuna.com.br\/new\/emasa-realiza-congresso-aguas-de-futuro-sobre-saneamento-sustentabilidade-e-revitalizacao-do-rio-cachoeira\/","title":{"rendered":"EMASA realiza Congresso \u201c\u00c1guas de Futuro\u201d sobre Saneamento, Sustentabilidade e Revitaliza\u00e7\u00e3o do Rio Cachoeira"},"content":{"rendered":"<div id=\"attachment_3486\" style=\"width: 510px\" class=\"wp-caption aligncenter\"><img decoding=\"async\" aria-describedby=\"caption-attachment-3486\" class=\"wp-image-3486 size-medium\" src=\"https:\/\/emasaitabuna.com.br\/new\/wp-content\/uploads\/2025\/07\/IMG-20250707-WA0042-500x500.jpg\" alt=\"\" width=\"500\" height=\"500\" srcset=\"https:\/\/emasaitabuna.com.br\/new\/wp-content\/uploads\/2025\/07\/IMG-20250707-WA0042-66x66.jpg 66w, https:\/\/emasaitabuna.com.br\/new\/wp-content\/uploads\/2025\/07\/IMG-20250707-WA0042-200x200.jpg 200w, https:\/\/emasaitabuna.com.br\/new\/wp-content\/uploads\/2025\/07\/IMG-20250707-WA0042-300x300.jpg 300w, https:\/\/emasaitabuna.com.br\/new\/wp-content\/uploads\/2025\/07\/IMG-20250707-WA0042-400x400.jpg 400w, https:\/\/emasaitabuna.com.br\/new\/wp-content\/uploads\/2025\/07\/IMG-20250707-WA0042-500x500.jpg 500w, https:\/\/emasaitabuna.com.br\/new\/wp-content\/uploads\/2025\/07\/IMG-20250707-WA0042-600x600.jpg 600w, https:\/\/emasaitabuna.com.br\/new\/wp-content\/uploads\/2025\/07\/IMG-20250707-WA0042-768x768.jpg 768w, https:\/\/emasaitabuna.com.br\/new\/wp-content\/uploads\/2025\/07\/IMG-20250707-WA0042-800x800.jpg 800w, https:\/\/emasaitabuna.com.br\/new\/wp-content\/uploads\/2025\/07\/IMG-20250707-WA0042.jpg 887w\" sizes=\"(max-width: 500px) 100vw, 500px\" \/><p id=\"caption-attachment-3486\" class=\"wp-caption-text\">A revitaliza\u00e7\u00e3o do Rio Cachoeira e o saneamento b\u00e1sico de Itabuna, ser\u00e3o discutidos no Congresso \u00c1guas de Futuro. (Foto: Jefferson Teixeira)<\/p><\/div>\n<p>A Empresa Municipal de \u00c1guas e Saneamento (EMASA) realiza, no dia 14 de julho, o Congresso \u00c1guas de Futuro \u2013 Saneamento, Sustentabilidade e Desenvolvimento para Itabuna. O evento acontece das 8h \u00e0s 19h30min, no Centro de Cultura Adonias Filho, reunindo especialistas, gestores p\u00fablicos e lideran\u00e7as regionais para debater os desafios e solu\u00e7\u00f5es para a universaliza\u00e7\u00e3o do saneamento e a recupera\u00e7\u00e3o da bacia hidrogr\u00e1fica do Rio Cachoeira.<\/p>\n<p>Com o tema central \u201cUniversaliza\u00e7\u00e3o do Saneamento e a Revitaliza\u00e7\u00e3o do Rio Cachoeira\u201d, o congresso ser\u00e1 dividido em pain\u00e9is com a presen\u00e7a de palestrantes renomados do Brasil que abordar\u00e3o estrat\u00e9gias de gest\u00e3o, governan\u00e7a e regula\u00e7\u00e3o, sustentabilidade, recupera\u00e7\u00e3o ambiental e engajamento comunit\u00e1rio. A proposta \u00e9 promover a troca de experi\u00eancias e estimular pol\u00edticas p\u00fablicas voltadas ao desenvolvimento sustent\u00e1vel de Itabuna e da regi\u00e3o sul da Bahia.<\/p>\n<p>Segundo o presidente da EMASA, Ivan Maia, o evento marca um novo momento para o setor de saneamento no munic\u00edpio. \u201cEstamos diante de um debate urgente. Levar saneamento para todos e recuperar o Rio Cachoeira s\u00e3o compromissos com a vida, com a sa\u00fade e com o futuro. Esse congresso \u00e9 um passo importante para pensar solu\u00e7\u00f5es, alinhar a\u00e7\u00f5es e envolver todos os atores sociais nesse prop\u00f3sito. A EMASA est\u00e1 empenhada em ser parte ativa dessa transforma\u00e7\u00e3o\u201d, afirmou.<\/p>\n<p>O Congresso \u201c\u00c1guas de Futuro\u201d \u00e9 gratuito e voltado para convidados, entre eles, profissionais da \u00e1rea, t\u00e9cnicos, gestores e representantes da sociedade civil. A expectativa \u00e9 que o evento se torne um marco no fortalecimento das pol\u00edticas p\u00fablicas de saneamento e preserva\u00e7\u00e3o ambiental no munic\u00edpio.<\/p>\n<p><img decoding=\"async\" class=\"aligncenter size-medium wp-image-3489\" src=\"https:\/\/emasaitabuna.com.br\/new\/wp-content\/uploads\/2025\/07\/IMG-20250707-WA0043-500x500.jpg\" alt=\"\" width=\"500\" height=\"500\" srcset=\"https:\/\/emasaitabuna.com.br\/new\/wp-content\/uploads\/2025\/07\/IMG-20250707-WA0043-66x66.jpg 66w, https:\/\/emasaitabuna.com.br\/new\/wp-content\/uploads\/2025\/07\/IMG-20250707-WA0043-200x200.jpg 200w, https:\/\/emasaitabuna.com.br\/new\/wp-content\/uploads\/2025\/07\/IMG-20250707-WA0043-300x300.jpg 300w, https:\/\/emasaitabuna.com.br\/new\/wp-content\/uploads\/2025\/07\/IMG-20250707-WA0043-400x400.jpg 400w, https:\/\/emasaitabuna.com.br\/new\/wp-content\/uploads\/2025\/07\/IMG-20250707-WA0043-500x500.jpg 500w, https:\/\/emasaitabuna.com.br\/new\/wp-content\/uploads\/2025\/07\/IMG-20250707-WA0043-600x600.jpg 600w, https:\/\/emasaitabuna.com.br\/new\/wp-content\/uploads\/2025\/07\/IMG-20250707-WA0043-768x768.jpg 768w, https:\/\/emasaitabuna.com.br\/new\/wp-content\/uploads\/2025\/07\/IMG-20250707-WA0043-800x800.jpg 800w, https:\/\/emasaitabuna.com.br\/new\/wp-content\/uploads\/2025\/07\/IMG-20250707-WA0043.jpg 1080w\" sizes=\"(max-width: 500px) 100vw, 500px\" \/><\/p>\n<p>\u2014\u2014<\/p>\n<p>Assessoria de Comunica\u00e7\u00e3o Social da EMASA<\/p>\n<p>07\/julho\/2025<\/p>\n","protected":false},"excerpt":{"rendered":"<p>A Empresa Municipal de \u00c1guas e Saneamento (EMASA) realiza, no dia 14 de julho, o Congresso \u00c1guas de Futuro \u2013 [&hellip;]<\/p>\n","protected":false},"author":1,"featured_media":3486,"comment_status":"open","ping_status":"open","sticky":false,"template":"","format":"standard","meta":{"nf_dc_page":"","footnotes":""},"categories":[9],"tags":[],"class_list":["post-3485","post","type-post","status-publish","format-standard","has-post-thumbnail","hentry","category-noticias"],"_links":{"self":[{"href":"https:\/\/emasaitabuna.com.br\/new\/wp-json\/wp\/v2\/posts\/3485","targetHints":{"allow":["GET"]}}],"collection":[{"href":"https:\/\/emasaitabuna.com.br\/new\/wp-json\/wp\/v2\/posts"}],"about":[{"href":"https:\/\/emasaitabuna.com.br\/new\/wp-json\/wp\/v2\/types\/post"}],"author":[{"embeddable":true,"href":"https:\/\/emasaitabuna.com.br\/new\/wp-json\/wp\/v2\/users\/1"}],"replies":[{"embeddable":true,"href":"https:\/\/emasaitabuna.com.br\/new\/wp-json\/wp\/v2\/comments?post=3485"}],"version-history":[{"count":5,"href":"https:\/\/emasaitabuna.com.br\/new\/wp-json\/wp\/v2\/posts\/3485\/revisions"}],"predecessor-version":[{"id":3492,"href":"https:\/\/emasaitabuna.com.br\/new\/wp-json\/wp\/v2\/posts\/3485\/revisions\/3492"}],"wp:featuredmedia":[{"embeddable":true,"href":"https:\/\/emasaitabuna.com.br\/new\/wp-json\/wp\/v2\/media\/3486"}],"wp:attachment":[{"href":"https:\/\/emasaitabuna.com.br\/new\/wp-json\/wp\/v2\/media?parent=3485"}],"wp:term":[{"taxonomy":"category","embeddable":true,"href":"https:\/\/emasaitabuna.com.br\/new\/wp-json\/wp\/v2\/categories?post=3485"},{"taxonomy":"post_tag","embeddable":true,"href":"https:\/\/emasaitabuna.com.br\/new\/wp-json\/wp\/v2\/tags?post=3485"}],"curies":[{"name":"wp","href":"https:\/\/api.w.org\/{rel}","templated":true}]}}