{"id":3513,"date":"2025-07-12T18:44:18","date_gmt":"2025-07-12T21:44:18","guid":{"rendered":"https:\/\/emasaitabuna.com.br\/new\/?p=3513"},"modified":"2025-07-12T18:49:19","modified_gmt":"2025-07-12T21:49:19","slug":"emasa-avanca-com-as-obras-de-ampliacao-das-redes-de-agua-e-esgoto-no-loteamento-nova-esperanc","status":"publish","type":"post","link":"https:\/\/emasaitabuna.com.br\/new\/emasa-avanca-com-as-obras-de-ampliacao-das-redes-de-agua-e-esgoto-no-loteamento-nova-esperanc\/","title":{"rendered":"EMASA avan\u00e7a com as obras de amplia\u00e7\u00e3o das redes de \u00e1gua e esgoto no Loteamento Nova Esperan\u00e7a"},"content":{"rendered":"<div id=\"attachment_3514\" style=\"width: 510px\" class=\"wp-caption aligncenter\"><img decoding=\"async\" aria-describedby=\"caption-attachment-3514\" class=\"wp-image-3514 size-medium\" src=\"https:\/\/emasaitabuna.com.br\/new\/wp-content\/uploads\/2025\/07\/IMG-20250712-WA0009-500x333.jpg\" alt=\"\" width=\"500\" height=\"333\" srcset=\"https:\/\/emasaitabuna.com.br\/new\/wp-content\/uploads\/2025\/07\/IMG-20250712-WA0009-200x133.jpg 200w, https:\/\/emasaitabuna.com.br\/new\/wp-content\/uploads\/2025\/07\/IMG-20250712-WA0009-300x200.jpg 300w, https:\/\/emasaitabuna.com.br\/new\/wp-content\/uploads\/2025\/07\/IMG-20250712-WA0009-400x267.jpg 400w, https:\/\/emasaitabuna.com.br\/new\/wp-content\/uploads\/2025\/07\/IMG-20250712-WA0009-500x333.jpg 500w, https:\/\/emasaitabuna.com.br\/new\/wp-content\/uploads\/2025\/07\/IMG-20250712-WA0009-600x400.jpg 600w, https:\/\/emasaitabuna.com.br\/new\/wp-content\/uploads\/2025\/07\/IMG-20250712-WA0009-768x512.jpg 768w, https:\/\/emasaitabuna.com.br\/new\/wp-content\/uploads\/2025\/07\/IMG-20250712-WA0009-800x533.jpg 800w, https:\/\/emasaitabuna.com.br\/new\/wp-content\/uploads\/2025\/07\/IMG-20250712-WA0009-1200x800.jpg 1200w, https:\/\/emasaitabuna.com.br\/new\/wp-content\/uploads\/2025\/07\/IMG-20250712-WA0009-1536x1023.jpg 1536w, https:\/\/emasaitabuna.com.br\/new\/wp-content\/uploads\/2025\/07\/IMG-20250712-WA0009.jpg 1600w\" sizes=\"(max-width: 500px) 100vw, 500px\" \/><p id=\"caption-attachment-3514\" class=\"wp-caption-text\">Presidente da EMASA, Ivan Maia e o gerente de Saneamento, Tauan Sampaio, acompanham os servi\u00e7os de amplia\u00e7\u00e3o das redes de \u00e1gua e esgoto, no Nova Esperan\u00e7a.<\/p><\/div>\n<p>As obras de amplia\u00e7\u00e3o das redes de \u00e1gua e esgoto, executadas pela Empresa Municipal de \u00c1guas e Saneamento (EMASA), no Loteamento Nova Esperan\u00e7a, seguem em ritmo acelerado. Na manh\u00e3 deste s\u00e1bado, dia 12, o presidente da EMASA, Ivan Maia, e o gerente de Saneamento, Tauan Sampaio, estiveram vistoriando as frentes de trabalho.<\/p>\n<p>Est\u00e3o sendo implantados cerca de 300 metros de redes de \u00e1gua e esgotamento sanit\u00e1rio em tr\u00eas ruas da localidade da zona oeste da cidade, que beneficiar\u00e1 110 resid\u00eancias. O Nova Esperan\u00e7a tem aproximadamente 600 moradores que n\u00e3o contavam com os servi\u00e7os b\u00e1sicos de saneamento.<\/p>\n<p>O eletricista Claudionor Oliveira Santos, morador da Travessa Bom Sossego, h\u00e1 mais de 20 anos, n\u00e3o esconde o contentamento e lembra da dificuldade de viver sem \u00e1gua tratada e esgotamento sanit\u00e1rio.<\/p>\n<p>\u201cEstamos em outra realidade. \u00c9 a coisa que mais esper\u00e1vamos e estou muito contente e agradecido ao prefeito Augusto Castro (PSD), que lutou para trazer esse benef\u00edcio. Aqui, a gente vivia ao \u2018Deus dar\u00e1\u2019 com crian\u00e7a pisando na lama e levando bact\u00e9rias para dentro de casa, convivendo com o mau cheiro. Estamos todos agradecidos com o trabalho da EMASA\u201d, declarou Oliveira Santos.<\/p>\n<p>Segundo o presidente da EMASA, Ivan Maia, o objetivo da empresa \u00e9 ampliar e implantar o saneamento nas localidades que ainda n\u00e3o contam com esse servi\u00e7o b\u00e1sico.<\/p>\n<p>\u201cOs servi\u00e7os que est\u00e3o sendo executados no Nova Esperan\u00e7a fazem parte do cronograma da EMASA de estender redes de \u00e1gua e esgoto nos bairros que ainda n\u00e3o t\u00eam esses servi\u00e7os, t\u00e3o essenciais para a vida. Essa \u00e9 uma delibera\u00e7\u00e3o do prefeito Augusto Castro e o que determina o Novo Marco Legal do Saneamento B\u00e1sico\u201d, afirmou Ivan Maia.<\/p>\n<p>As obras no Loteamento Nova Esperan\u00e7a, foram iniciadas na segunda quinzena de maio e \u00e9 fruto de um pedido de provid\u00eancia do vereador Silas da Sa\u00fade (PSD) junto ao prefeito Augusto Castro.<\/p>\n<p>___________<\/p>\n<p>Assessoria de Comunica\u00e7\u00e3o Social da EMASA<\/p>\n<p>12\/julho\/2025<\/p>\n","protected":false},"excerpt":{"rendered":"<p>As obras de amplia\u00e7\u00e3o das redes de \u00e1gua e esgoto, executadas pela Empresa Municipal de \u00c1guas e Saneamento (EMASA), no [&hellip;]<\/p>\n","protected":false},"author":1,"featured_media":3514,"comment_status":"open","ping_status":"open","sticky":false,"template":"","format":"standard","meta":{"nf_dc_page":"","footnotes":""},"categories":[9],"tags":[],"class_list":["post-3513","post","type-post","status-publish","format-standard","has-post-thumbnail","hentry","category-noticias"],"_links":{"self":[{"href":"https:\/\/emasaitabuna.com.br\/new\/wp-json\/wp\/v2\/posts\/3513","targetHints":{"allow":["GET"]}}],"collection":[{"href":"https:\/\/emasaitabuna.com.br\/new\/wp-json\/wp\/v2\/posts"}],"about":[{"href":"https:\/\/emasaitabuna.com.br\/new\/wp-json\/wp\/v2\/types\/post"}],"author":[{"embeddable":true,"href":"https:\/\/emasaitabuna.com.br\/new\/wp-json\/wp\/v2\/users\/1"}],"replies":[{"embeddable":true,"href":"https:\/\/emasaitabuna.com.br\/new\/wp-json\/wp\/v2\/comments?post=3513"}],"version-history":[{"count":3,"href":"https:\/\/emasaitabuna.com.br\/new\/wp-json\/wp\/v2\/posts\/3513\/revisions"}],"predecessor-version":[{"id":3517,"href":"https:\/\/emasaitabuna.com.br\/new\/wp-json\/wp\/v2\/posts\/3513\/revisions\/3517"}],"wp:featuredmedia":[{"embeddable":true,"href":"https:\/\/emasaitabuna.com.br\/new\/wp-json\/wp\/v2\/media\/3514"}],"wp:attachment":[{"href":"https:\/\/emasaitabuna.com.br\/new\/wp-json\/wp\/v2\/media?parent=3513"}],"wp:term":[{"taxonomy":"category","embeddable":true,"href":"https:\/\/emasaitabuna.com.br\/new\/wp-json\/wp\/v2\/categories?post=3513"},{"taxonomy":"post_tag","embeddable":true,"href":"https:\/\/emasaitabuna.com.br\/new\/wp-json\/wp\/v2\/tags?post=3513"}],"curies":[{"name":"wp","href":"https:\/\/api.w.org\/{rel}","templated":true}]}}