{"id":3535,"date":"2025-07-14T12:59:17","date_gmt":"2025-07-14T15:59:17","guid":{"rendered":"https:\/\/emasaitabuna.com.br\/new\/?p=3535"},"modified":"2025-07-14T15:01:01","modified_gmt":"2025-07-14T18:01:01","slug":"emasa-abre-congresso-aguas-de-futuro-com-foco-na-universalizacao-do-saneamento-e-revitalizacao-do-rio-cachoeira","status":"publish","type":"post","link":"https:\/\/emasaitabuna.com.br\/new\/emasa-abre-congresso-aguas-de-futuro-com-foco-na-universalizacao-do-saneamento-e-revitalizacao-do-rio-cachoeira\/","title":{"rendered":"EMASA abre Congresso \u00c1guas de Futuro com foco na universaliza\u00e7\u00e3o do saneamento e revitaliza\u00e7\u00e3o do Rio Cachoeira"},"content":{"rendered":"<div id=\"attachment_3520\" style=\"width: 510px\" class=\"wp-caption aligncenter\"><img decoding=\"async\" aria-describedby=\"caption-attachment-3520\" class=\"wp-image-3520 size-medium\" src=\"https:\/\/emasaitabuna.com.br\/new\/wp-content\/uploads\/2025\/07\/IMG-20250714-WA0020-500x333.jpg\" alt=\"\" width=\"500\" height=\"333\" srcset=\"https:\/\/emasaitabuna.com.br\/new\/wp-content\/uploads\/2025\/07\/IMG-20250714-WA0020-200x133.jpg 200w, https:\/\/emasaitabuna.com.br\/new\/wp-content\/uploads\/2025\/07\/IMG-20250714-WA0020-300x200.jpg 300w, https:\/\/emasaitabuna.com.br\/new\/wp-content\/uploads\/2025\/07\/IMG-20250714-WA0020-400x267.jpg 400w, https:\/\/emasaitabuna.com.br\/new\/wp-content\/uploads\/2025\/07\/IMG-20250714-WA0020-500x333.jpg 500w, https:\/\/emasaitabuna.com.br\/new\/wp-content\/uploads\/2025\/07\/IMG-20250714-WA0020-600x400.jpg 600w, https:\/\/emasaitabuna.com.br\/new\/wp-content\/uploads\/2025\/07\/IMG-20250714-WA0020-768x512.jpg 768w, https:\/\/emasaitabuna.com.br\/new\/wp-content\/uploads\/2025\/07\/IMG-20250714-WA0020-800x533.jpg 800w, https:\/\/emasaitabuna.com.br\/new\/wp-content\/uploads\/2025\/07\/IMG-20250714-WA0020-1200x800.jpg 1200w, https:\/\/emasaitabuna.com.br\/new\/wp-content\/uploads\/2025\/07\/IMG-20250714-WA0020-1536x1024.jpg 1536w, https:\/\/emasaitabuna.com.br\/new\/wp-content\/uploads\/2025\/07\/IMG-20250714-WA0020.jpg 1620w\" sizes=\"(max-width: 500px) 100vw, 500px\" \/><p id=\"caption-attachment-3520\" class=\"wp-caption-text\">Prefeito Augusto Castro, junto com a secret\u00e1ria S\u00f4nia Fontes e o presidente Ivan Maia, apresenta a Autoriza\u00e7\u00e3o para Licita\u00e7\u00e3o da implanta\u00e7\u00e3o da ETE e redes de capta\u00e7\u00e3o em Tempo Seco, na margem direita do Rio Cachoeira.<\/p><\/div>\n<p>Na manh\u00e3 desta segunda-feira (14), no Centro de Cultura Adonias Filho, em Itabuna, foi realizada a cerim\u00f4nia de abertura do Congresso \u00c1guas de Futuro \u2013 Saneamento, Sustentabilidade e Desenvolvimento para Itabuna, com o tema central \u201cUniversaliza\u00e7\u00e3o do Saneamento e a Revitaliza\u00e7\u00e3o do Rio Cachoeira\u201d. O evento contou com a presen\u00e7a do prefeito Augusto Castro (PSD), do presidente da EMASA, Ivan Maia, da secret\u00e1ria de Infraestrutura e Urbanismo (SIURB), S\u00f4nia Fontes, da secret\u00e1ria executiva da Associa\u00e7\u00e3o dos Munic\u00edpios da Regi\u00e3o Cacaueira (AMURC), Rita Souza, al\u00e9m de secret\u00e1rios municipais, vereadores e representantes de institui\u00e7\u00f5es regionais.<\/p>\n<p>Ao abrir oficialmente o evento, o presidente da EMASA, Ivan Maia, destacou o protagonismo do Congresso no debate das pol\u00edticas p\u00fablicas de saneamento e preserva\u00e7\u00e3o dos recursos h\u00eddricos. \u201cO Rio Cachoeira \u00e9 a alma de Itabuna. Pensar o seu futuro \u00e9 pensar o futuro da cidade. Estamos aqui reunidos para fortalecer estrat\u00e9gias que nos levem \u00e0 universaliza\u00e7\u00e3o do saneamento e \u00e0 recupera\u00e7\u00e3o ambiental, como parte de um compromisso real com a sustentabilidade e a qualidade de vida da popula\u00e7\u00e3o\u201d, afirmou.<\/p>\n<p>A titular da SIURB, S\u00f4nia Fontes reafirmou o compromisso da atual gest\u00e3o com a amplia\u00e7\u00e3o do saneamento b\u00e1sico. \u201cDesde o in\u00edcio da administra\u00e7\u00e3o temos feito investimentos hist\u00f3ricos, por determina\u00e7\u00e3o do prefeito. Com o Mais \u00c1gua, estamos levando abastecimento regular a bairros que antes viviam sob racionamento. Al\u00e9m disso, temos ampliado a capta\u00e7\u00e3o do esgoto sanit\u00e1rio da cidade. E seguimos avan\u00e7ando com obras com saltos em dire\u00e7\u00e3o \u00e0 Itabuna do futuro\u201d, pontuou.<\/p>\n<p>Representando a AMURC, Rita Souza tamb\u00e9m defendeu a atua\u00e7\u00e3o conjunta entre os munic\u00edpios e a import\u00e2ncia de construir solu\u00e7\u00f5es regionais. \u201cPrecisamos pensar o saneamento como parte de um projeto de vida. A AMURC, com os cons\u00f3rcios regionais, tem levado essa pauta aos 13 munic\u00edpios da Bacia do Rio Cachoeira, conectando os desafios locais para o cumprimento das metas da Agenda 2030 da ONU\u201d, refor\u00e7ou.<\/p>\n<p>Durante o evento, o prefeito Augusto Castro assinou, ao lado da secret\u00e1ria S\u00f4nia Fontes e do presidente da EMASA, Ivan Maia, a autoriza\u00e7\u00e3o para licita\u00e7\u00e3o das obras da Esta\u00e7\u00e3o de Tratamento de Esgoto e redes de capta\u00e7\u00e3o em tempo seco na margem direita do Rio Cachoeira. A a\u00e7\u00e3o integra o Programa Itabuna 2030, com recursos do Banco Fonplata, e representa um marco no processo de despolui\u00e7\u00e3o do principal rio que corta o munic\u00edpio \u2013 Rio Cachoeira.<\/p>\n<p>Em seu discurso, o prefeito ressaltou os avan\u00e7os recentes. \u201cA EMASA tem dado passos significativos com o Programa Mais \u00c1gua para a Cidade, e a meta \u00e9, dentro de um ano, garantir abastecimento di\u00e1rio para toda Itabuna. Mas tamb\u00e9m precisamos avan\u00e7ar no esgotamento sanit\u00e1rio, e esse projeto da margem direita do Rio Cachoeira \u00e9 um grande exemplo desse esfor\u00e7o\u201d, declarou Augusto Castro.<\/p>\n<p>O Congresso \u00c1guas de Futuro segue at\u00e9 o final do dia com palestras e pain\u00e9is tem\u00e1ticos sobre governan\u00e7a, modelos de gest\u00e3o, regula\u00e7\u00e3o e experi\u00eancias bem-sucedidas no setor de saneamento ambiental. Participam representantes do setor p\u00fablico, especialistas, pesquisadores e sociedade civil.<\/p>\n<p>Tamb\u00e9m estiveram presentes na abertura o vice-prefeito J\u00fanior Brand\u00e3o, os secret\u00e1rios L\u00edvia Mendes (Sa\u00fade), Jos\u00e9 Carlos Oliveira (Agricultura e Meio Ambiente), Jos\u00e9 Trindade (Promo\u00e7\u00e3o Social) e Luciano Veiga (Governo), al\u00e9m dos vereadores Wilmaci de Oliveira (PcdoB), Eldon Or\u00eaa (Avante), Jos\u00e9 Alberto (PSB), Paulinho do Banco (PC do B), Adilson Pereira \u2013 Zoi (Avante) Bab\u00e1 Cearense (PP) e Denilton Santos (Avante).<\/p>\n<p>&nbsp;<\/p>\n<p>&#8212;&#8212;<\/p>\n<p>Assessoria de Comunica\u00e7\u00e3o Social da EMASA<\/p>\n<p>14\/julho\/2025.<\/p>\n","protected":false},"excerpt":{"rendered":"<p>Na manh\u00e3 desta segunda-feira (14), no Centro de Cultura Adonias Filho, em Itabuna, foi realizada a cerim\u00f4nia de abertura do [&hellip;]<\/p>\n","protected":false},"author":1,"featured_media":3520,"comment_status":"open","ping_status":"open","sticky":false,"template":"","format":"standard","meta":{"nf_dc_page":"","footnotes":""},"categories":[9],"tags":[],"class_list":["post-3535","post","type-post","status-publish","format-standard","has-post-thumbnail","hentry","category-noticias"],"_links":{"self":[{"href":"https:\/\/emasaitabuna.com.br\/new\/wp-json\/wp\/v2\/posts\/3535","targetHints":{"allow":["GET"]}}],"collection":[{"href":"https:\/\/emasaitabuna.com.br\/new\/wp-json\/wp\/v2\/posts"}],"about":[{"href":"https:\/\/emasaitabuna.com.br\/new\/wp-json\/wp\/v2\/types\/post"}],"author":[{"embeddable":true,"href":"https:\/\/emasaitabuna.com.br\/new\/wp-json\/wp\/v2\/users\/1"}],"replies":[{"embeddable":true,"href":"https:\/\/emasaitabuna.com.br\/new\/wp-json\/wp\/v2\/comments?post=3535"}],"version-history":[{"count":2,"href":"https:\/\/emasaitabuna.com.br\/new\/wp-json\/wp\/v2\/posts\/3535\/revisions"}],"predecessor-version":[{"id":3537,"href":"https:\/\/emasaitabuna.com.br\/new\/wp-json\/wp\/v2\/posts\/3535\/revisions\/3537"}],"wp:featuredmedia":[{"embeddable":true,"href":"https:\/\/emasaitabuna.com.br\/new\/wp-json\/wp\/v2\/media\/3520"}],"wp:attachment":[{"href":"https:\/\/emasaitabuna.com.br\/new\/wp-json\/wp\/v2\/media?parent=3535"}],"wp:term":[{"taxonomy":"category","embeddable":true,"href":"https:\/\/emasaitabuna.com.br\/new\/wp-json\/wp\/v2\/categories?post=3535"},{"taxonomy":"post_tag","embeddable":true,"href":"https:\/\/emasaitabuna.com.br\/new\/wp-json\/wp\/v2\/tags?post=3535"}],"curies":[{"name":"wp","href":"https:\/\/api.w.org\/{rel}","templated":true}]}}