{"id":3563,"date":"2025-07-15T15:32:57","date_gmt":"2025-07-15T18:32:57","guid":{"rendered":"https:\/\/emasaitabuna.com.br\/new\/?p=3563"},"modified":"2025-07-15T15:33:39","modified_gmt":"2025-07-15T18:33:39","slug":"congresso-aguas-de-futuro-encerra-com-debate-sobre-revitalizacao-do-rio-cachoeira-e-papel-dos-municipios-na-gestao-das-aguas","status":"publish","type":"post","link":"https:\/\/emasaitabuna.com.br\/new\/congresso-aguas-de-futuro-encerra-com-debate-sobre-revitalizacao-do-rio-cachoeira-e-papel-dos-municipios-na-gestao-das-aguas\/","title":{"rendered":"Congresso \u201c\u00c1guas de Futuro\u201d encerra com debate sobre revitaliza\u00e7\u00e3o do Rio Cachoeira e papel dos munic\u00edpios na gest\u00e3o das \u00e1guas"},"content":{"rendered":"<div id=\"attachment_3564\" style=\"width: 510px\" class=\"wp-caption aligncenter\"><img decoding=\"async\" aria-describedby=\"caption-attachment-3564\" class=\"wp-image-3564 size-medium\" src=\"https:\/\/emasaitabuna.com.br\/new\/wp-content\/uploads\/2025\/07\/IMG-20250715-WA0004-500x333.jpg\" alt=\"\" width=\"500\" height=\"333\" srcset=\"https:\/\/emasaitabuna.com.br\/new\/wp-content\/uploads\/2025\/07\/IMG-20250715-WA0004-200x133.jpg 200w, https:\/\/emasaitabuna.com.br\/new\/wp-content\/uploads\/2025\/07\/IMG-20250715-WA0004-300x200.jpg 300w, https:\/\/emasaitabuna.com.br\/new\/wp-content\/uploads\/2025\/07\/IMG-20250715-WA0004-400x267.jpg 400w, https:\/\/emasaitabuna.com.br\/new\/wp-content\/uploads\/2025\/07\/IMG-20250715-WA0004-500x333.jpg 500w, https:\/\/emasaitabuna.com.br\/new\/wp-content\/uploads\/2025\/07\/IMG-20250715-WA0004-600x400.jpg 600w, https:\/\/emasaitabuna.com.br\/new\/wp-content\/uploads\/2025\/07\/IMG-20250715-WA0004-768x512.jpg 768w, https:\/\/emasaitabuna.com.br\/new\/wp-content\/uploads\/2025\/07\/IMG-20250715-WA0004-800x533.jpg 800w, https:\/\/emasaitabuna.com.br\/new\/wp-content\/uploads\/2025\/07\/IMG-20250715-WA0004-1200x800.jpg 1200w, https:\/\/emasaitabuna.com.br\/new\/wp-content\/uploads\/2025\/07\/IMG-20250715-WA0004-1536x1023.jpg 1536w, https:\/\/emasaitabuna.com.br\/new\/wp-content\/uploads\/2025\/07\/IMG-20250715-WA0004.jpg 1600w\" sizes=\"(max-width: 500px) 100vw, 500px\" \/><p id=\"caption-attachment-3564\" class=\"wp-caption-text\">O professor Anderson Alves afirmou que a revitaliza\u00e7\u00e3o de rios urbanos exige planejamento, envolvimento comunit\u00e1rio e forte articula\u00e7\u00e3o entre os entes p\u00fablicos.<\/p><\/div>\n<p>O Congresso \u00c1guas de Futuro \u2013 Saneamento, Sustentabilidade e Desenvolvimento para Itabuna encerrou sua programa\u00e7\u00e3o na noite de segunda-feira (14), com a realiza\u00e7\u00e3o do quarto e \u00faltimo painel tem\u00e1tico, que abordou a Revitaliza\u00e7\u00e3o do Rio Cachoeira: Estrat\u00e9gias, Impactos e Engajamento Comunit\u00e1rio. O evento, promovido pela EMASA e realizado no Centro de Cultura Adonias Filho, reuniu gestores, especialistas e representantes da sociedade civil para debater solu\u00e7\u00f5es e experi\u00eancias em saneamento e preserva\u00e7\u00e3o dos recursos h\u00eddricos.<\/p>\n<p>A primeira apresenta\u00e7\u00e3o da noite foi conduzida pelo gerente comercial da EMASA, Anderson Alves, que destacou as li\u00e7\u00f5es de saneamento em bacias hidrogr\u00e1ficas urbanas brasileiras. \u201cA experi\u00eancia de outras cidades nos mostra que a revitaliza\u00e7\u00e3o de rios urbanos exige planejamento, envolvimento comunit\u00e1rio e forte articula\u00e7\u00e3o entre os entes p\u00fablicos. \u00c9 essencial garantir o tratamento adequado de esgoto e o controle da polui\u00e7\u00e3o difusa para devolver vida aos nossos rios\u201d, afirmou.<\/p>\n<p>Na sequ\u00eancia, os professores da Universidade Federal do Sul da Bahia (UFSB), Valerie Nicollier e Nadson Ressy\u00e9, abordaram o tema A Governan\u00e7a da \u00c1gua e o Papel dos Munic\u00edpios na Gest\u00e3o Integrada de Recursos H\u00eddricos. Em sua fala, Valerie ressaltou a import\u00e2ncia do engajamento local nas pol\u00edticas p\u00fablicas de \u00e1gua. \u201cA gest\u00e3o dos recursos h\u00eddricos deve ser participativa e intersetorial. Os munic\u00edpios precisam assumir o protagonismo na constru\u00e7\u00e3o de uma governan\u00e7a h\u00eddrica eficaz e sustent\u00e1vel\u201d, destacou. J\u00e1 o professor Nadson Ressy\u00e9 pontuou que \u201c\u00e9 preciso integrar conhecimento t\u00e9cnico, saberes locais e participa\u00e7\u00e3o social para que as decis\u00f5es sobre a \u00e1gua sejam realmente justas e eficientes\u201d.<\/p>\n<p>Fechando o painel, o vereador Jos\u00e9 Alberto Lima Filho tratou da dimens\u00e3o social e legislativa da pauta h\u00eddrica, com a palestra Ecologia Integral e Fraternidade: o papel do Legislativo Municipal na Recupera\u00e7\u00e3o do Rio Cachoeira e na Universaliza\u00e7\u00e3o do Saneamento em Itabuna. Ele defendeu que o cuidado com o rio e com o saneamento \u00e9 uma miss\u00e3o coletiva. \u201cO parlamento precisa se comprometer com o futuro ambiental da cidade. Cuidar do Rio Cachoeira \u00e9 cuidar da dignidade do povo de Itabuna\u201d, declarou o vereador.<\/p>\n<p>O Congresso \u00c1guas de Futuro reuniu ao longo do dia dezenas de participantes, entre autoridades, profissionais do setor, t\u00e9cnicos e representantes de \u00f3rg\u00e3os estaduais, federais e da sociedade civil. O evento consolidou Itabuna no centro do debate sobre a universaliza\u00e7\u00e3o do saneamento e a revitaliza\u00e7\u00e3o do Rio Cachoeira, com o lan\u00e7amento de projetos estrat\u00e9gicos e assinatura de autoriza\u00e7\u00e3o para licita\u00e7\u00e3o da Esta\u00e7\u00e3o de Tratamento de Esgoto e redes de capta\u00e7\u00e3o em tempo seco, na margem direita do rio.<\/p>\n<p>Com quatro pain\u00e9is tem\u00e1ticos, o congresso discutiu modelos de gest\u00e3o, marcos legais, parcerias p\u00fablico-privadas, estrat\u00e9gias para despolui\u00e7\u00e3o e fortalecimento da governan\u00e7a h\u00eddrica.<\/p>\n<p>O Congresso \u00c1guas de Futuro \u00e9 promovido pela EMASA com apoio da Prefeitura de Itabuna e re\u00fane especialistas, autoridades e representantes da sociedade civil para debater os rumos do saneamento e a revitaliza\u00e7\u00e3o do Rio Cachoeira.<\/p>\n<p>&#8212;&#8212;<\/p>\n<p>Assessoria de Comunica\u00e7\u00e3o Social da EMASA<\/p>\n<p>15\/julho\/2025.<\/p>\n","protected":false},"excerpt":{"rendered":"<p>O Congresso \u00c1guas de Futuro \u2013 Saneamento, Sustentabilidade e Desenvolvimento para Itabuna encerrou sua programa\u00e7\u00e3o na noite de segunda-feira (14), [&hellip;]<\/p>\n","protected":false},"author":1,"featured_media":3564,"comment_status":"open","ping_status":"open","sticky":false,"template":"","format":"standard","meta":{"nf_dc_page":"","footnotes":""},"categories":[9],"tags":[],"class_list":["post-3563","post","type-post","status-publish","format-standard","has-post-thumbnail","hentry","category-noticias"],"_links":{"self":[{"href":"https:\/\/emasaitabuna.com.br\/new\/wp-json\/wp\/v2\/posts\/3563","targetHints":{"allow":["GET"]}}],"collection":[{"href":"https:\/\/emasaitabuna.com.br\/new\/wp-json\/wp\/v2\/posts"}],"about":[{"href":"https:\/\/emasaitabuna.com.br\/new\/wp-json\/wp\/v2\/types\/post"}],"author":[{"embeddable":true,"href":"https:\/\/emasaitabuna.com.br\/new\/wp-json\/wp\/v2\/users\/1"}],"replies":[{"embeddable":true,"href":"https:\/\/emasaitabuna.com.br\/new\/wp-json\/wp\/v2\/comments?post=3563"}],"version-history":[{"count":2,"href":"https:\/\/emasaitabuna.com.br\/new\/wp-json\/wp\/v2\/posts\/3563\/revisions"}],"predecessor-version":[{"id":3566,"href":"https:\/\/emasaitabuna.com.br\/new\/wp-json\/wp\/v2\/posts\/3563\/revisions\/3566"}],"wp:featuredmedia":[{"embeddable":true,"href":"https:\/\/emasaitabuna.com.br\/new\/wp-json\/wp\/v2\/media\/3564"}],"wp:attachment":[{"href":"https:\/\/emasaitabuna.com.br\/new\/wp-json\/wp\/v2\/media?parent=3563"}],"wp:term":[{"taxonomy":"category","embeddable":true,"href":"https:\/\/emasaitabuna.com.br\/new\/wp-json\/wp\/v2\/categories?post=3563"},{"taxonomy":"post_tag","embeddable":true,"href":"https:\/\/emasaitabuna.com.br\/new\/wp-json\/wp\/v2\/tags?post=3563"}],"curies":[{"name":"wp","href":"https:\/\/api.w.org\/{rel}","templated":true}]}}