{"id":3567,"date":"2025-07-15T18:22:59","date_gmt":"2025-07-15T21:22:59","guid":{"rendered":"https:\/\/emasaitabuna.com.br\/new\/?p=3567"},"modified":"2025-07-15T18:24:02","modified_gmt":"2025-07-15T21:24:02","slug":"prefeito-augusto-castro-autoriza-licitacao-para-obras-da-estacao-de-tratamento-de-esgoto-e-captacao-em-tempo-seco-no-rio-cachoeira","status":"publish","type":"post","link":"https:\/\/emasaitabuna.com.br\/new\/prefeito-augusto-castro-autoriza-licitacao-para-obras-da-estacao-de-tratamento-de-esgoto-e-captacao-em-tempo-seco-no-rio-cachoeira\/","title":{"rendered":"Prefeito Augusto Castro autoriza licita\u00e7\u00e3o para obras da Esta\u00e7\u00e3o de Tratamento de Esgoto e capta\u00e7\u00e3o em tempo seco no Rio Cachoeira"},"content":{"rendered":"<div id=\"attachment_3520\" style=\"width: 510px\" class=\"wp-caption aligncenter\"><img decoding=\"async\" aria-describedby=\"caption-attachment-3520\" class=\"wp-image-3520 size-medium\" src=\"https:\/\/emasaitabuna.com.br\/new\/wp-content\/uploads\/2025\/07\/IMG-20250714-WA0020-500x333.jpg\" alt=\"\" width=\"500\" height=\"333\" srcset=\"https:\/\/emasaitabuna.com.br\/new\/wp-content\/uploads\/2025\/07\/IMG-20250714-WA0020-200x133.jpg 200w, https:\/\/emasaitabuna.com.br\/new\/wp-content\/uploads\/2025\/07\/IMG-20250714-WA0020-300x200.jpg 300w, https:\/\/emasaitabuna.com.br\/new\/wp-content\/uploads\/2025\/07\/IMG-20250714-WA0020-400x267.jpg 400w, https:\/\/emasaitabuna.com.br\/new\/wp-content\/uploads\/2025\/07\/IMG-20250714-WA0020-500x333.jpg 500w, https:\/\/emasaitabuna.com.br\/new\/wp-content\/uploads\/2025\/07\/IMG-20250714-WA0020-600x400.jpg 600w, https:\/\/emasaitabuna.com.br\/new\/wp-content\/uploads\/2025\/07\/IMG-20250714-WA0020-768x512.jpg 768w, https:\/\/emasaitabuna.com.br\/new\/wp-content\/uploads\/2025\/07\/IMG-20250714-WA0020-800x533.jpg 800w, https:\/\/emasaitabuna.com.br\/new\/wp-content\/uploads\/2025\/07\/IMG-20250714-WA0020-1200x800.jpg 1200w, https:\/\/emasaitabuna.com.br\/new\/wp-content\/uploads\/2025\/07\/IMG-20250714-WA0020-1536x1024.jpg 1536w, https:\/\/emasaitabuna.com.br\/new\/wp-content\/uploads\/2025\/07\/IMG-20250714-WA0020.jpg 1620w\" sizes=\"(max-width: 500px) 100vw, 500px\" \/><p id=\"caption-attachment-3520\" class=\"wp-caption-text\">Prefeito Augusto Castro, autorizou a publica\u00e7\u00e3o do Edital de Licita\u00e7\u00e3o, para as obras de capta\u00e7\u00e3o em tempo seco e implanta\u00e7\u00e3o da Esta\u00e7\u00e3o de Tratamento de Esgoto.<\/p><\/div>\n<p>Na manh\u00e3 desta segunda-feira (14), durante a abertura do Congresso \u00c1guas de Futuro \u2013 Saneamento, Sustentabilidade e Desenvolvimento para Itabuna, realizada no Centro de Cultura Adonias Filho, o prefeito de Itabuna, Augusto Castro (PSD), assinou a autoriza\u00e7\u00e3o para licita\u00e7\u00e3o das obras de implanta\u00e7\u00e3o da Esta\u00e7\u00e3o de Tratamento de Esgoto (ETE) e das redes de capta\u00e7\u00e3o em tempo seco na margem direita do Rio Cachoeira. A a\u00e7\u00e3o, coordenada pela Secretaria Municipal de Infraestrutura e Urbanismo (SIURB), e acompanhada pela EMASA faz parte do Programa de Integra\u00e7\u00e3o Urbana Itabuna 2030, com financiamento do Banco Fonplata.<\/p>\n<p>O projeto \u00e9 considerado estrat\u00e9gico para a despolui\u00e7\u00e3o do principal curso d\u2019\u00e1gua da cidade e representa um avan\u00e7o importante no cumprimento das metas de saneamento e sustentabilidade previstas no novo Marco Legal do Saneamento.<\/p>\n<p>Para o presidente da EMASA, Ivan Maia, o momento marca um divisor de \u00e1guas na hist\u00f3ria da empresa e da cidade. \u201cEssa licita\u00e7\u00e3o simboliza o in\u00edcio de um novo cap\u00edtulo para o Rio Cachoeira e para Itabuna. Com a ETE e as redes de capta\u00e7\u00e3o em tempo seco, vamos reduzir drasticamente a carga poluente que chega ao rio e iniciar, de fato, o processo de revitaliza\u00e7\u00e3o ambiental t\u00e3o esperado pela popula\u00e7\u00e3o\u201d, afirmou.<\/p>\n<p>A secret\u00e1ria de Infraestrutura e Urbanismo e presidente do Conselho de Administra\u00e7\u00e3o da EMASA, S\u00f4nia Fontes, destacou que o projeto \u00e9 fruto de planejamento t\u00e9cnico e compromisso institucional. \u201cEstamos diante de uma das a\u00e7\u00f5es mais importantes do programa Itabuna 2030. Essa obra \u00e9 essencial para que possamos avan\u00e7ar no tratamento de esgoto, melhorar a qualidade da \u00e1gua e devolver vida ao Rio Cachoeira. \u00c9 um passo concreto rumo \u00e0 sustentabilidade\u201d, declarou.<\/p>\n<p>J\u00e1 o prefeito Augusto Castro enfatizou o compromisso da gest\u00e3o com o meio ambiente e a melhoria da qualidade de vida da popula\u00e7\u00e3o. \u201cItabuna vive um novo tempo. A assinatura desta autoriza\u00e7\u00e3o \u00e9 um compromisso com a sa\u00fade p\u00fablica, com o meio ambiente e com as gera\u00e7\u00f5es futuras. Vamos seguir avan\u00e7ando, com responsabilidade, planejamento e parcerias que tragam resultados efetivos para a cidade\u201d, concluiu.<\/p>\n<p>A assinatura integrou a programa\u00e7\u00e3o oficial do Congresso, que reuniu especialistas, gestores p\u00fablicos e representantes da sociedade civil em torno do tema \u201cUniversaliza\u00e7\u00e3o do Saneamento e a Revitaliza\u00e7\u00e3o do Rio Cachoeira\u201d.<\/p>\n<p>&#8212;&#8212;-<\/p>\n<p>Assessoria de Comunica\u00e7\u00e3o Social da EMASA<\/p>\n<p>15\/julho\/2025.<\/p>\n","protected":false},"excerpt":{"rendered":"<p>Na manh\u00e3 desta segunda-feira (14), durante a abertura do Congresso \u00c1guas de Futuro \u2013 Saneamento, Sustentabilidade e Desenvolvimento para Itabuna, [&hellip;]<\/p>\n","protected":false},"author":1,"featured_media":3520,"comment_status":"open","ping_status":"open","sticky":false,"template":"","format":"standard","meta":{"nf_dc_page":"","footnotes":""},"categories":[9],"tags":[],"class_list":["post-3567","post","type-post","status-publish","format-standard","has-post-thumbnail","hentry","category-noticias"],"_links":{"self":[{"href":"https:\/\/emasaitabuna.com.br\/new\/wp-json\/wp\/v2\/posts\/3567","targetHints":{"allow":["GET"]}}],"collection":[{"href":"https:\/\/emasaitabuna.com.br\/new\/wp-json\/wp\/v2\/posts"}],"about":[{"href":"https:\/\/emasaitabuna.com.br\/new\/wp-json\/wp\/v2\/types\/post"}],"author":[{"embeddable":true,"href":"https:\/\/emasaitabuna.com.br\/new\/wp-json\/wp\/v2\/users\/1"}],"replies":[{"embeddable":true,"href":"https:\/\/emasaitabuna.com.br\/new\/wp-json\/wp\/v2\/comments?post=3567"}],"version-history":[{"count":3,"href":"https:\/\/emasaitabuna.com.br\/new\/wp-json\/wp\/v2\/posts\/3567\/revisions"}],"predecessor-version":[{"id":3570,"href":"https:\/\/emasaitabuna.com.br\/new\/wp-json\/wp\/v2\/posts\/3567\/revisions\/3570"}],"wp:featuredmedia":[{"embeddable":true,"href":"https:\/\/emasaitabuna.com.br\/new\/wp-json\/wp\/v2\/media\/3520"}],"wp:attachment":[{"href":"https:\/\/emasaitabuna.com.br\/new\/wp-json\/wp\/v2\/media?parent=3567"}],"wp:term":[{"taxonomy":"category","embeddable":true,"href":"https:\/\/emasaitabuna.com.br\/new\/wp-json\/wp\/v2\/categories?post=3567"},{"taxonomy":"post_tag","embeddable":true,"href":"https:\/\/emasaitabuna.com.br\/new\/wp-json\/wp\/v2\/tags?post=3567"}],"curies":[{"name":"wp","href":"https:\/\/api.w.org\/{rel}","templated":true}]}}