{"id":3587,"date":"2025-07-23T17:59:30","date_gmt":"2025-07-23T20:59:30","guid":{"rendered":"https:\/\/emasaitabuna.com.br\/new\/?p=3587"},"modified":"2025-07-23T18:00:23","modified_gmt":"2025-07-23T21:00:23","slug":"emasa-promove-acao-de-atendimento-e-negociacao-de-dividas-em-nova-ferradas-neste-sabado-26","status":"publish","type":"post","link":"https:\/\/emasaitabuna.com.br\/new\/emasa-promove-acao-de-atendimento-e-negociacao-de-dividas-em-nova-ferradas-neste-sabado-26\/","title":{"rendered":"EMASA promove a\u00e7\u00e3o de atendimento e negocia\u00e7\u00e3o de d\u00edvidas em Nova Ferradas neste s\u00e1bado (26)"},"content":{"rendered":"<p><img decoding=\"async\" class=\"aligncenter size-medium wp-image-3589\" src=\"https:\/\/emasaitabuna.com.br\/new\/wp-content\/uploads\/2025\/07\/IMG-20250723-WA0001-403x500.jpg\" alt=\"\" width=\"403\" height=\"500\" srcset=\"https:\/\/emasaitabuna.com.br\/new\/wp-content\/uploads\/2025\/07\/IMG-20250723-WA0001-200x248.jpg 200w, https:\/\/emasaitabuna.com.br\/new\/wp-content\/uploads\/2025\/07\/IMG-20250723-WA0001-242x300.jpg 242w, https:\/\/emasaitabuna.com.br\/new\/wp-content\/uploads\/2025\/07\/IMG-20250723-WA0001-400x496.jpg 400w, https:\/\/emasaitabuna.com.br\/new\/wp-content\/uploads\/2025\/07\/IMG-20250723-WA0001-403x500.jpg 403w, https:\/\/emasaitabuna.com.br\/new\/wp-content\/uploads\/2025\/07\/IMG-20250723-WA0001-600x744.jpg 600w, https:\/\/emasaitabuna.com.br\/new\/wp-content\/uploads\/2025\/07\/IMG-20250723-WA0001-768x952.jpg 768w, https:\/\/emasaitabuna.com.br\/new\/wp-content\/uploads\/2025\/07\/IMG-20250723-WA0001-800x992.jpg 800w, https:\/\/emasaitabuna.com.br\/new\/wp-content\/uploads\/2025\/07\/IMG-20250723-WA0001-968x1200.jpg 968w, https:\/\/emasaitabuna.com.br\/new\/wp-content\/uploads\/2025\/07\/IMG-20250723-WA0001.jpg 1080w\" sizes=\"(max-width: 403px) 100vw, 403px\" \/><\/p>\n<p>A Empresa Municipal de \u00c1guas e Saneamento (EMASA) estar\u00e1 presente neste s\u00e1bado, dia 26 de julho, a partir das 8h, na Escola Municipal Flor\u00edpedes Meneses Santos de Oliveira, no bairro Nova Ferradas, levando os programas _EMASA Mais Perto e EMASA Legal_ aos moradores das comunidades de Nova Ferradas e Nova Esperan\u00e7a.<\/p>\n<p>Durante a a\u00e7\u00e3o, ser\u00e3o oferecidos atendimentos para atualiza\u00e7\u00e3o cadastral e condi\u00e7\u00f5es especiais para renegocia\u00e7\u00e3o de d\u00e9bitos. O _EMASA Legal_ garante retirada total de juros e multas, entrada facilitada com at\u00e9 40% de desconto para pagamentos \u00e0 vista, al\u00e9m de op\u00e7\u00f5es a prazo com 20% de desconto e parcelamento em at\u00e9 60 vezes.<\/p>\n<p>J\u00e1 o programa _EMASA Mais Perto_ disponibiliza diversos servi\u00e7os essenciais \u00e0 popula\u00e7\u00e3o, como solicita\u00e7\u00e3o de liga\u00e7\u00e3o nova de \u00e1gua e esgoto, pedido de desmembramento de liga\u00e7\u00e3o, altera\u00e7\u00e3o de titularidade e registro de den\u00fancias de uso irregular ou desperd\u00edcio de \u00e1gua.<\/p>\n<p>Segundo o presidente da EMASA, Ivan Maia, a iniciativa refor\u00e7a o compromisso da empresa com o atendimento humanizado e a inclus\u00e3o social. \u201cQueremos facilitar o acesso da popula\u00e7\u00e3o aos nossos servi\u00e7os e permitir que as fam\u00edlias regularizem sua situa\u00e7\u00e3o com dignidade. Estamos cada vez mais pr\u00f3ximos das comunidades, ouvindo, dialogando e oferecendo solu\u00e7\u00f5es reais\u201d, afirmou.<\/p>\n","protected":false},"excerpt":{"rendered":"<p>A Empresa Municipal de \u00c1guas e Saneamento (EMASA) estar\u00e1 presente neste s\u00e1bado, dia 26 de julho, a partir das 8h, [&hellip;]<\/p>\n","protected":false},"author":1,"featured_media":3589,"comment_status":"open","ping_status":"open","sticky":false,"template":"","format":"standard","meta":{"nf_dc_page":"","footnotes":""},"categories":[9],"tags":[],"class_list":["post-3587","post","type-post","status-publish","format-standard","has-post-thumbnail","hentry","category-noticias"],"_links":{"self":[{"href":"https:\/\/emasaitabuna.com.br\/new\/wp-json\/wp\/v2\/posts\/3587","targetHints":{"allow":["GET"]}}],"collection":[{"href":"https:\/\/emasaitabuna.com.br\/new\/wp-json\/wp\/v2\/posts"}],"about":[{"href":"https:\/\/emasaitabuna.com.br\/new\/wp-json\/wp\/v2\/types\/post"}],"author":[{"embeddable":true,"href":"https:\/\/emasaitabuna.com.br\/new\/wp-json\/wp\/v2\/users\/1"}],"replies":[{"embeddable":true,"href":"https:\/\/emasaitabuna.com.br\/new\/wp-json\/wp\/v2\/comments?post=3587"}],"version-history":[{"count":2,"href":"https:\/\/emasaitabuna.com.br\/new\/wp-json\/wp\/v2\/posts\/3587\/revisions"}],"predecessor-version":[{"id":3590,"href":"https:\/\/emasaitabuna.com.br\/new\/wp-json\/wp\/v2\/posts\/3587\/revisions\/3590"}],"wp:featuredmedia":[{"embeddable":true,"href":"https:\/\/emasaitabuna.com.br\/new\/wp-json\/wp\/v2\/media\/3589"}],"wp:attachment":[{"href":"https:\/\/emasaitabuna.com.br\/new\/wp-json\/wp\/v2\/media?parent=3587"}],"wp:term":[{"taxonomy":"category","embeddable":true,"href":"https:\/\/emasaitabuna.com.br\/new\/wp-json\/wp\/v2\/categories?post=3587"},{"taxonomy":"post_tag","embeddable":true,"href":"https:\/\/emasaitabuna.com.br\/new\/wp-json\/wp\/v2\/tags?post=3587"}],"curies":[{"name":"wp","href":"https:\/\/api.w.org\/{rel}","templated":true}]}}