{"id":3599,"date":"2025-07-25T13:42:14","date_gmt":"2025-07-25T16:42:14","guid":{"rendered":"https:\/\/emasaitabuna.com.br\/new\/?p=3599"},"modified":"2025-07-25T13:43:34","modified_gmt":"2025-07-25T16:43:34","slug":"prefeito-augusto-castro-assina-ordem-de-servico-para-construcao-da-praca-da-emasa-neste-sabado-26-no-mangabinha","status":"publish","type":"post","link":"https:\/\/emasaitabuna.com.br\/new\/prefeito-augusto-castro-assina-ordem-de-servico-para-construcao-da-praca-da-emasa-neste-sabado-26-no-mangabinha\/","title":{"rendered":"Prefeito Augusto Castro assina ordem de servi\u00e7o para constru\u00e7\u00e3o da Pra\u00e7a da EMASA neste s\u00e1bado (26), no Mangabinha"},"content":{"rendered":"<div id=\"attachment_3600\" style=\"width: 510px\" class=\"wp-caption aligncenter\"><img decoding=\"async\" aria-describedby=\"caption-attachment-3600\" class=\"size-medium wp-image-3600\" src=\"https:\/\/emasaitabuna.com.br\/new\/wp-content\/uploads\/2025\/07\/IMG-20250725-WA0006-500x281.jpg\" alt=\"\" width=\"500\" height=\"281\" srcset=\"https:\/\/emasaitabuna.com.br\/new\/wp-content\/uploads\/2025\/07\/IMG-20250725-WA0006-200x113.jpg 200w, https:\/\/emasaitabuna.com.br\/new\/wp-content\/uploads\/2025\/07\/IMG-20250725-WA0006-300x169.jpg 300w, https:\/\/emasaitabuna.com.br\/new\/wp-content\/uploads\/2025\/07\/IMG-20250725-WA0006-400x225.jpg 400w, https:\/\/emasaitabuna.com.br\/new\/wp-content\/uploads\/2025\/07\/IMG-20250725-WA0006-500x281.jpg 500w, https:\/\/emasaitabuna.com.br\/new\/wp-content\/uploads\/2025\/07\/IMG-20250725-WA0006-600x338.jpg 600w, https:\/\/emasaitabuna.com.br\/new\/wp-content\/uploads\/2025\/07\/IMG-20250725-WA0006-768x432.jpg 768w, https:\/\/emasaitabuna.com.br\/new\/wp-content\/uploads\/2025\/07\/IMG-20250725-WA0006-800x450.jpg 800w, https:\/\/emasaitabuna.com.br\/new\/wp-content\/uploads\/2025\/07\/IMG-20250725-WA0006.jpg 960w\" sizes=\"(max-width: 500px) 100vw, 500px\" \/><p id=\"caption-attachment-3600\" class=\"wp-caption-text\">Pra\u00e7a da EMASA ser\u00e1 constru\u00edda no bairro Mangabinha transformado o espa\u00e7o antes esquecido em \u00e1rea de lazer, conviv\u00eancia e valoriza\u00e7\u00e3o comunit\u00e1ria. Foto: Z\u00e9 Drone<\/p><\/div>\n<p>O prefeito de Itabuna, Augusto Castro (PSD), assina neste s\u00e1bado, dia 26 de julho, \u00e0s 15h, a ordem de servi\u00e7o para a constru\u00e7\u00e3o da Pra\u00e7a da EMASA, no bairro Mangabinha. A solenidade acontecer\u00e1 no pr\u00f3prio local da obra, situado entre as ruas Zildolina, Alto Brasileiro e Berilo Guimar\u00e3es.<\/p>\n<p>A assinatura faz parte das comemora\u00e7\u00f5es pelos 115 anos de emancipa\u00e7\u00e3o pol\u00edtica de Itabuna, celebrados na pr\u00f3xima segunda-feira, dia 28. A nova pra\u00e7a ser\u00e1 implantada como contrapartida do Empreendimento Vog Grapi\u00fana, das empresas E2 Engenharia e Souza Gomes &amp; Gr\u00e1fico Empreendimentos, e visa transformar um espa\u00e7o antes esquecido em \u00e1rea de lazer, conviv\u00eancia e valoriza\u00e7\u00e3o comunit\u00e1ria.<\/p>\n<p>A pra\u00e7a receber\u00e1 o nome de EMASA por iniciativa do vereador Bruno Bileco (PSB), com relatoria do vereador Adilson Z\u00f3i (Avante) na C\u00e2mara Municipal, em homenagem \u00e0 presen\u00e7a da Esta\u00e7\u00e3o Elevat\u00f3ria do Sistema de Esgotamento Sanit\u00e1rio instalada no local. A escolha tamb\u00e9m foi validada por meio de consulta p\u00fablica com os moradores da comunidade.<\/p>\n<p>Segundo o presidente da EMASA, Ivan Maia, o projeto representa um avan\u00e7o urban\u00edstico e simb\u00f3lico. \u201cA constru\u00e7\u00e3o da pra\u00e7a reconhece a import\u00e2ncia da EMASA no bairro e resgata um espa\u00e7o p\u00fablico que h\u00e1 anos carecia de aten\u00e7\u00e3o. \u00c9 uma forma de refor\u00e7ar nosso compromisso com Itabuna e com o bem-estar da popula\u00e7\u00e3o\u201d, afirmou.<\/p>\n<p>A Pra\u00e7a da EMASA ter\u00e1 fun\u00e7\u00e3o ambiental, social e recreativa, promovendo integra\u00e7\u00e3o urbana e oferecendo aos moradores do Mangabinha um novo espa\u00e7o de conviv\u00eancia qualificada e cidadania.<\/p>\n<p>&#8212;&#8211;<\/p>\n<p>Assessoria de Comunica\u00e7\u00e3o Social da EMASA<\/p>\n<p>25\/julho\/2025.<\/p>\n","protected":false},"excerpt":{"rendered":"<p>O prefeito de Itabuna, Augusto Castro (PSD), assina neste s\u00e1bado, dia 26 de julho, \u00e0s 15h, a ordem de servi\u00e7o [&hellip;]<\/p>\n","protected":false},"author":1,"featured_media":3600,"comment_status":"open","ping_status":"open","sticky":false,"template":"","format":"standard","meta":{"nf_dc_page":"","footnotes":""},"categories":[9],"tags":[],"class_list":["post-3599","post","type-post","status-publish","format-standard","has-post-thumbnail","hentry","category-noticias"],"_links":{"self":[{"href":"https:\/\/emasaitabuna.com.br\/new\/wp-json\/wp\/v2\/posts\/3599","targetHints":{"allow":["GET"]}}],"collection":[{"href":"https:\/\/emasaitabuna.com.br\/new\/wp-json\/wp\/v2\/posts"}],"about":[{"href":"https:\/\/emasaitabuna.com.br\/new\/wp-json\/wp\/v2\/types\/post"}],"author":[{"embeddable":true,"href":"https:\/\/emasaitabuna.com.br\/new\/wp-json\/wp\/v2\/users\/1"}],"replies":[{"embeddable":true,"href":"https:\/\/emasaitabuna.com.br\/new\/wp-json\/wp\/v2\/comments?post=3599"}],"version-history":[{"count":2,"href":"https:\/\/emasaitabuna.com.br\/new\/wp-json\/wp\/v2\/posts\/3599\/revisions"}],"predecessor-version":[{"id":3602,"href":"https:\/\/emasaitabuna.com.br\/new\/wp-json\/wp\/v2\/posts\/3599\/revisions\/3602"}],"wp:featuredmedia":[{"embeddable":true,"href":"https:\/\/emasaitabuna.com.br\/new\/wp-json\/wp\/v2\/media\/3600"}],"wp:attachment":[{"href":"https:\/\/emasaitabuna.com.br\/new\/wp-json\/wp\/v2\/media?parent=3599"}],"wp:term":[{"taxonomy":"category","embeddable":true,"href":"https:\/\/emasaitabuna.com.br\/new\/wp-json\/wp\/v2\/categories?post=3599"},{"taxonomy":"post_tag","embeddable":true,"href":"https:\/\/emasaitabuna.com.br\/new\/wp-json\/wp\/v2\/tags?post=3599"}],"curies":[{"name":"wp","href":"https:\/\/api.w.org\/{rel}","templated":true}]}}