{"id":3610,"date":"2025-07-27T11:50:11","date_gmt":"2025-07-27T14:50:11","guid":{"rendered":"https:\/\/emasaitabuna.com.br\/new\/?p=3610"},"modified":"2025-07-27T11:50:59","modified_gmt":"2025-07-27T14:50:59","slug":"praca-da-emasa-na-mangabinha-tera-espaco-de-convivencia-lazer-e-atividade-fisica-afirma-prefeito-augusto-castro","status":"publish","type":"post","link":"https:\/\/emasaitabuna.com.br\/new\/praca-da-emasa-na-mangabinha-tera-espaco-de-convivencia-lazer-e-atividade-fisica-afirma-prefeito-augusto-castro\/","title":{"rendered":"Pra\u00e7a da EMASA na Mangabinha ter\u00e1 espa\u00e7o de conviv\u00eancia, lazer e atividade f\u00edsica, afirma prefeito Augusto Castro"},"content":{"rendered":"<div id=\"attachment_3611\" style=\"width: 510px\" class=\"wp-caption aligncenter\"><img decoding=\"async\" aria-describedby=\"caption-attachment-3611\" class=\"wp-image-3611 size-medium\" src=\"https:\/\/emasaitabuna.com.br\/new\/wp-content\/uploads\/2025\/07\/IMG-20250727-WA0005-500x333.jpg\" alt=\"\" width=\"500\" height=\"333\" srcset=\"https:\/\/emasaitabuna.com.br\/new\/wp-content\/uploads\/2025\/07\/IMG-20250727-WA0005-200x133.jpg 200w, https:\/\/emasaitabuna.com.br\/new\/wp-content\/uploads\/2025\/07\/IMG-20250727-WA0005-300x200.jpg 300w, https:\/\/emasaitabuna.com.br\/new\/wp-content\/uploads\/2025\/07\/IMG-20250727-WA0005-400x267.jpg 400w, https:\/\/emasaitabuna.com.br\/new\/wp-content\/uploads\/2025\/07\/IMG-20250727-WA0005-500x333.jpg 500w, https:\/\/emasaitabuna.com.br\/new\/wp-content\/uploads\/2025\/07\/IMG-20250727-WA0005-600x400.jpg 600w, https:\/\/emasaitabuna.com.br\/new\/wp-content\/uploads\/2025\/07\/IMG-20250727-WA0005-768x512.jpg 768w, https:\/\/emasaitabuna.com.br\/new\/wp-content\/uploads\/2025\/07\/IMG-20250727-WA0005-800x533.jpg 800w, https:\/\/emasaitabuna.com.br\/new\/wp-content\/uploads\/2025\/07\/IMG-20250727-WA0005-1200x800.jpg 1200w, https:\/\/emasaitabuna.com.br\/new\/wp-content\/uploads\/2025\/07\/IMG-20250727-WA0005-1536x1023.jpg 1536w, https:\/\/emasaitabuna.com.br\/new\/wp-content\/uploads\/2025\/07\/IMG-20250727-WA0005.jpg 1600w\" sizes=\"(max-width: 500px) 100vw, 500px\" \/><p id=\"caption-attachment-3611\" class=\"wp-caption-text\">Solenidade de assinatura da Ordem de Servi\u00e7o contou com a presen\u00e7a de autoridades e sociedade civil organizada.<\/p><\/div>\n<p>O prefeito de Itabuna, Augusto Castro (PSD), assinou, na tarde deste s\u00e1bado (26), a ordem de servi\u00e7o que autoriza o in\u00edcio das obras de requalifica\u00e7\u00e3o da nova Pra\u00e7a da EMASA, no bairro Mangabinha. Segundo o gestor, a comunidade ter\u00e1 um novo espa\u00e7o com \u00e1rea de conviv\u00eancia, lazer e atividade f\u00edsica. A solenidade ocorreu no pr\u00f3prio local onde ser\u00e1 executado o projeto, entre as ruas Zildolina, Alto Brasileiro e Berilo Guimar\u00e3es. A iniciativa \u00e9 parte das comemora\u00e7\u00f5es pelos 115 anos de emancipa\u00e7\u00e3o pol\u00edtica de Itabuna e representa um importante investimento em lazer, urbanismo e qualidade de vida para os moradores da regi\u00e3o.<\/p>\n<p>A comunidade marcou presen\u00e7a no evento, que tamb\u00e9m reuniu vereadores, secret\u00e1rios municipais, representantes do poder p\u00fablico e da iniciativa privada. A pra\u00e7a ser\u00e1 constru\u00edda como contrapartida do Empreendimento Vog Grapi\u00fana, fruto da parceria entre as empresas E2 Engenharia e Souza Gomes &amp; Gr\u00e1fico Empreendimentos, que tamb\u00e9m participaram do ato de assinatura. A homenagem ao nome EMASA foi aprovada na C\u00e2mara Municipal, com proposta do vereador Bruno Bileco e relatoria de Adilson Z\u00f3i, validada ainda por consulta p\u00fablica com os moradores.<\/p>\n<p>Durante o evento, o prefeito Augusto Castro ressaltou a relev\u00e2ncia do projeto para o bairro Mangabinha. \u201cEssa obra simboliza o cuidado da nossa gest\u00e3o com as fam\u00edlias itabunenses. A pra\u00e7a servir\u00e1 como espa\u00e7o de conviv\u00eancia, lazer e dignidade. Agrade\u00e7o \u00e0 EMASA pelo trabalho que vem realizando e \u00e0 parceria com o empreendimento, que torna poss\u00edvel transformar esse espa\u00e7o em benef\u00edcio da popula\u00e7\u00e3o\u201d, afirmou.<\/p>\n<p>O presidente da EMASA, Ivan Maia, destacou que o projeto vai muito al\u00e9m do paisagismo. \u201cEstamos levando qualidade de vida para a comunidade. A presen\u00e7a da Esta\u00e7\u00e3o Elevat\u00f3ria aqui j\u00e1 \u00e9 um marco do nosso compromisso com o saneamento. Hoje, com o programa Mais \u00c1gua, conseguimos abastecer 80% da cidade todos os dias. A Pra\u00e7a da EMASA \u00e9 mais um s\u00edmbolo dessa transforma\u00e7\u00e3o urbana e social que estamos promovendo em Itabuna\u201d, disse.<\/p>\n<p>A secret\u00e1ria de Infraestrutura e Urbanismo, S\u00f4nia Fontes, lembrou das dificuldades enfrentadas no passado e das solu\u00e7\u00f5es implementadas. \u201cA Mangabinha j\u00e1 sofreu muito com a falta d\u2019\u00e1gua, mas o prefeito Augusto enfrentou o problema de frente, com investimentos e planejamento. Hoje, podemos afirmar que esse bairro tem garantias reais de abastecimento e dignidade para seus moradores\u201d, afirmou.<\/p>\n<p>Representando o empreendimento Vog Grapi\u00fana, respons\u00e1vel pela obra, o engenheiro Iuri Campos refor\u00e7ou o orgulho da parceria p\u00fablico-privada. \u201c\u00c9 uma satisfa\u00e7\u00e3o imensa fazer parte de um projeto que valoriza n\u00e3o apenas o espa\u00e7o urbano, mas tamb\u00e9m a vida de quem mora aqui. Essa pra\u00e7a vai ser um marco para o bairro e para a cidade\u201d, concluiu.<\/p>\n<p>\u2014\u2014<\/p>\n<p>Assessoria de Comunica\u00e7\u00e3o da EMASA<\/p>\n<p>27\/julho\/2025<\/p>\n","protected":false},"excerpt":{"rendered":"<p>O prefeito de Itabuna, Augusto Castro (PSD), assinou, na tarde deste s\u00e1bado (26), a ordem de servi\u00e7o que autoriza o [&hellip;]<\/p>\n","protected":false},"author":1,"featured_media":3611,"comment_status":"open","ping_status":"open","sticky":false,"template":"","format":"standard","meta":{"nf_dc_page":"","footnotes":""},"categories":[9],"tags":[],"class_list":["post-3610","post","type-post","status-publish","format-standard","has-post-thumbnail","hentry","category-noticias"],"_links":{"self":[{"href":"https:\/\/emasaitabuna.com.br\/new\/wp-json\/wp\/v2\/posts\/3610","targetHints":{"allow":["GET"]}}],"collection":[{"href":"https:\/\/emasaitabuna.com.br\/new\/wp-json\/wp\/v2\/posts"}],"about":[{"href":"https:\/\/emasaitabuna.com.br\/new\/wp-json\/wp\/v2\/types\/post"}],"author":[{"embeddable":true,"href":"https:\/\/emasaitabuna.com.br\/new\/wp-json\/wp\/v2\/users\/1"}],"replies":[{"embeddable":true,"href":"https:\/\/emasaitabuna.com.br\/new\/wp-json\/wp\/v2\/comments?post=3610"}],"version-history":[{"count":2,"href":"https:\/\/emasaitabuna.com.br\/new\/wp-json\/wp\/v2\/posts\/3610\/revisions"}],"predecessor-version":[{"id":3613,"href":"https:\/\/emasaitabuna.com.br\/new\/wp-json\/wp\/v2\/posts\/3610\/revisions\/3613"}],"wp:featuredmedia":[{"embeddable":true,"href":"https:\/\/emasaitabuna.com.br\/new\/wp-json\/wp\/v2\/media\/3611"}],"wp:attachment":[{"href":"https:\/\/emasaitabuna.com.br\/new\/wp-json\/wp\/v2\/media?parent=3610"}],"wp:term":[{"taxonomy":"category","embeddable":true,"href":"https:\/\/emasaitabuna.com.br\/new\/wp-json\/wp\/v2\/categories?post=3610"},{"taxonomy":"post_tag","embeddable":true,"href":"https:\/\/emasaitabuna.com.br\/new\/wp-json\/wp\/v2\/tags?post=3610"}],"curies":[{"name":"wp","href":"https:\/\/api.w.org\/{rel}","templated":true}]}}