{"id":3614,"date":"2025-07-29T07:31:52","date_gmt":"2025-07-29T10:31:52","guid":{"rendered":"https:\/\/emasaitabuna.com.br\/new\/?p=3614"},"modified":"2025-07-29T07:32:24","modified_gmt":"2025-07-29T10:32:24","slug":"prefeito-augusto-castro-autoriza-inicio-do-processo-de-licitacao-para-obras-do-mais-agua-iii","status":"publish","type":"post","link":"https:\/\/emasaitabuna.com.br\/new\/prefeito-augusto-castro-autoriza-inicio-do-processo-de-licitacao-para-obras-do-mais-agua-iii\/","title":{"rendered":"Prefeito Augusto Castro autoriza in\u00edcio do processo de licita\u00e7\u00e3o para obras do Mais \u00c1gua III"},"content":{"rendered":"<div id=\"attachment_3615\" style=\"width: 510px\" class=\"wp-caption aligncenter\"><img decoding=\"async\" aria-describedby=\"caption-attachment-3615\" class=\"wp-image-3615 size-medium\" src=\"https:\/\/emasaitabuna.com.br\/new\/wp-content\/uploads\/2025\/07\/IMG-20250729-WA0000-500x333.jpg\" alt=\"\" width=\"500\" height=\"333\" srcset=\"https:\/\/emasaitabuna.com.br\/new\/wp-content\/uploads\/2025\/07\/IMG-20250729-WA0000-200x133.jpg 200w, https:\/\/emasaitabuna.com.br\/new\/wp-content\/uploads\/2025\/07\/IMG-20250729-WA0000-300x200.jpg 300w, https:\/\/emasaitabuna.com.br\/new\/wp-content\/uploads\/2025\/07\/IMG-20250729-WA0000-400x267.jpg 400w, https:\/\/emasaitabuna.com.br\/new\/wp-content\/uploads\/2025\/07\/IMG-20250729-WA0000-500x333.jpg 500w, https:\/\/emasaitabuna.com.br\/new\/wp-content\/uploads\/2025\/07\/IMG-20250729-WA0000-600x400.jpg 600w, https:\/\/emasaitabuna.com.br\/new\/wp-content\/uploads\/2025\/07\/IMG-20250729-WA0000-768x512.jpg 768w, https:\/\/emasaitabuna.com.br\/new\/wp-content\/uploads\/2025\/07\/IMG-20250729-WA0000-800x533.jpg 800w, https:\/\/emasaitabuna.com.br\/new\/wp-content\/uploads\/2025\/07\/IMG-20250729-WA0000-1200x800.jpg 1200w, https:\/\/emasaitabuna.com.br\/new\/wp-content\/uploads\/2025\/07\/IMG-20250729-WA0000-1536x1023.jpg 1536w, https:\/\/emasaitabuna.com.br\/new\/wp-content\/uploads\/2025\/07\/IMG-20250729-WA0000.jpg 1600w\" sizes=\"(max-width: 500px) 100vw, 500px\" \/><p id=\"caption-attachment-3615\" class=\"wp-caption-text\">Prefeito Augusto Castro apresenta a ordem que dar\u00e1 in\u00edcio ao Mais \u00c1gua III, ladeado pelo presidente da EMASA, Ivan Maia, diretores da empresa, secret\u00e1rios municipais e vereadores.<\/p><\/div>\n<p>O prefeito de Itabuna, Augusto Castro (PSD), assinou no final da tarde desta segunda-feria, dia 28, data em que se comemora os 115 anos de emancipa\u00e7\u00e3o pol\u00edtica do munic\u00edpio, a autoriza\u00e7\u00e3o para o in\u00edcio do processo de licita\u00e7\u00e3o das obras da 3\u00aa etapa do Projeto Mais \u00c1gua para a Cidade, que vai beneficiar 12 bairros da zona norte. O ato aconteceu durante a inaugura\u00e7\u00e3o da requalifica\u00e7\u00e3o da Escola Castelo Branco, no Bairro Calif\u00f3rnia, um dos que ser\u00e1 beneficiado.<\/p>\n<p>&nbsp;<\/p>\n<p>O Projeto Mais \u00c1gua para a Cidade III conta com aporte financeiro do Governo Federal no Novo Programa de Acelera\u00e7\u00e3o do Crescimento (PAC), via Caixa Econ\u00f4mica Federal (CEF), no valor de R$ 21.425.716,00 e contrapartida de R$ 3.016.431,11 do munic\u00edpio. O novo sistema beneficiar\u00e1 os bairros Calif\u00f3rnia, Nova Calif\u00f3rnia, F\u00e1tima, Jo\u00e3o Soares, Parque Boa Vista, Santa In\u00eas, Vila das Dores, Loteamentos Para\u00edso e Vit\u00f3rio Loup Soares e os condom\u00ednios residenciais Jardim Am\u00e9rica I e II, Vida Nova e Parque Verde.<\/p>\n<p>&nbsp;<\/p>\n<p>O prefeito Augusto Castro destacou o montante de investimento para a implanta\u00e7\u00e3o do Mais \u00c1gua III. \u201cItabuna sempre sofreu com o fornecimento irregular de \u00e1gua. Recentemente, entregamos o Mais \u00c1gua I e II que leva \u00e1gua todos os dias para quase 40 bairros das zonas oeste, sul e leste da cidade e agora \u00e9 a vez do Calif\u00f3rnia e outras localidades desta regi\u00e3o\u201d, afirmou.<\/p>\n<p>&nbsp;<\/p>\n<p>De acordo com o prefeito itabunense, os desafios s\u00e3o grandes e a vontade de enfrentar s\u00e3o ainda maiores. \u201cEstamos vencendo o problema do abastecimento de \u00e1gua, que durava pelo menos 40 anos. Mas, existe a quest\u00e3o do esgotamento sanit\u00e1rio da cidade e a revitaliza\u00e7\u00e3o do Rio Cachoeira. Com f\u00e9 em Deus e muito trabalho, vamos buscar meios, seja atrav\u00e9s do Governo Federal ou da iniciativa privada, pois, investir em saneamento b\u00e1sico \u00e9 investir em sa\u00fade\u201d, assegurou Augusto Castro.<\/p>\n<p>&nbsp;<\/p>\n<p>O presidente da Empresa Municipal de \u00c1guas e Saneamento (EMASA), Ivan Maia, disse que o pr\u00f3ximo passo ser\u00e1 a publica\u00e7\u00e3o do Aviso do Edital de Licita\u00e7\u00e3o, que ser\u00e1 realizado pela Secretaria de Gest\u00e3o e Inova\u00e7\u00e3o do munic\u00edpio. \u201cJ\u00e1 o acompanhamento da obra ficar\u00e1 por conta da Secretaria de Infraestrutura e Urbanismo (SIURB) e da EMASA. Todos estamos empenhados em fazer o processo acontecer para entregar o Mais \u00c1gua III, dentro do prazo\u201d, afirmou.<\/p>\n<p>&nbsp;<\/p>\n<p>O Projeto Mais \u00c1gua para a Cidade III contar\u00e1 com a constru\u00e7\u00e3o de uma nova Esta\u00e7\u00e3o de Tratamento de \u00c1gua (ETA), uma Esta\u00e7\u00e3o Elevat\u00f3ria de \u00c1gua Tratada (EEAT) e dois reservat\u00f3rios, al\u00e9m da implanta\u00e7\u00e3o de 4 Km de rede adutora de \u00e1gua bruta e 6,7 Km de rede adutora de \u00e1gua tratada.<\/p>\n<p>&nbsp;<\/p>\n<p>Prestigiaram a entrega da requalifica\u00e7\u00e3o da Escola Castelo Branco e a assinatura da autoriza\u00e7\u00e3o para o in\u00edcio do processo licitat\u00f3rio do Projeto Mais \u00c1gua para a Cidade III, os diretores da EMASA Jos\u00e9 Silva (Planejamento) Ronaldo J\u00fanior (Financeiro e Relacionamento) e Fernando Duarte (Opera\u00e7\u00e3o e Expans\u00e3o).<\/p>\n<p>&nbsp;<\/p>\n<p>Al\u00e9m disso, o vice-prefeito e secret\u00e1rio de Planejamento Josu\u00e9 Brand\u00e3o J\u00fanior os secret\u00e1rios municipais Rosivaldo Pinheiro (Educa\u00e7\u00e3o), L\u00edvia Mendes Aguiar (Sa\u00fade), S\u00f4nia Fontes (Infraestrutura e Urbanismo), Luciano Veiga (Governo), a subsecret\u00e1ria de Sa\u00fade L\u00e2nia Peixoto e o superintendente de Servi\u00e7os P\u00fablicos, Sousa Lino, e tamb\u00e9m os vereadores Erasmo \u00c1vila e Silas da Sa\u00fade (PSD), Bab\u00e1 Cearense (PP), Wilmaci de Oliveira (PC do B) e Robson Rigaud (DC).<\/p>\n<p>&nbsp;<\/p>\n<p>&#8212;&#8212;-<\/p>\n<p>Assessoria de Comunica\u00e7\u00e3o Social da EMASA.<\/p>\n<p>29\/julho\/2025<\/p>\n","protected":false},"excerpt":{"rendered":"<p>O prefeito de Itabuna, Augusto Castro (PSD), assinou no final da tarde desta segunda-feria, dia 28, data em que se [&hellip;]<\/p>\n","protected":false},"author":1,"featured_media":3615,"comment_status":"open","ping_status":"open","sticky":false,"template":"","format":"standard","meta":{"nf_dc_page":"","footnotes":""},"categories":[9],"tags":[],"class_list":["post-3614","post","type-post","status-publish","format-standard","has-post-thumbnail","hentry","category-noticias"],"_links":{"self":[{"href":"https:\/\/emasaitabuna.com.br\/new\/wp-json\/wp\/v2\/posts\/3614","targetHints":{"allow":["GET"]}}],"collection":[{"href":"https:\/\/emasaitabuna.com.br\/new\/wp-json\/wp\/v2\/posts"}],"about":[{"href":"https:\/\/emasaitabuna.com.br\/new\/wp-json\/wp\/v2\/types\/post"}],"author":[{"embeddable":true,"href":"https:\/\/emasaitabuna.com.br\/new\/wp-json\/wp\/v2\/users\/1"}],"replies":[{"embeddable":true,"href":"https:\/\/emasaitabuna.com.br\/new\/wp-json\/wp\/v2\/comments?post=3614"}],"version-history":[{"count":2,"href":"https:\/\/emasaitabuna.com.br\/new\/wp-json\/wp\/v2\/posts\/3614\/revisions"}],"predecessor-version":[{"id":3617,"href":"https:\/\/emasaitabuna.com.br\/new\/wp-json\/wp\/v2\/posts\/3614\/revisions\/3617"}],"wp:featuredmedia":[{"embeddable":true,"href":"https:\/\/emasaitabuna.com.br\/new\/wp-json\/wp\/v2\/media\/3615"}],"wp:attachment":[{"href":"https:\/\/emasaitabuna.com.br\/new\/wp-json\/wp\/v2\/media?parent=3614"}],"wp:term":[{"taxonomy":"category","embeddable":true,"href":"https:\/\/emasaitabuna.com.br\/new\/wp-json\/wp\/v2\/categories?post=3614"},{"taxonomy":"post_tag","embeddable":true,"href":"https:\/\/emasaitabuna.com.br\/new\/wp-json\/wp\/v2\/tags?post=3614"}],"curies":[{"name":"wp","href":"https:\/\/api.w.org\/{rel}","templated":true}]}}