{"id":3634,"date":"2025-07-31T14:08:07","date_gmt":"2025-07-31T17:08:07","guid":{"rendered":"https:\/\/emasaitabuna.com.br\/new\/?p=3634"},"modified":"2025-07-31T14:10:05","modified_gmt":"2025-07-31T17:10:05","slug":"durante-encontro-com-o-sindae-presidente-da-emasa-aponta-ultimos-avancos-da-empresa","status":"publish","type":"post","link":"https:\/\/emasaitabuna.com.br\/new\/durante-encontro-com-o-sindae-presidente-da-emasa-aponta-ultimos-avancos-da-empresa\/","title":{"rendered":"Durante encontro com o SINDAE presidente da EMASA aponta \u00faltimos avan\u00e7os da empresa"},"content":{"rendered":"<div id=\"attachment_3636\" style=\"width: 510px\" class=\"wp-caption aligncenter\"><img decoding=\"async\" aria-describedby=\"caption-attachment-3636\" class=\"wp-image-3636 size-full\" src=\"https:\/\/emasaitabuna.com.br\/new\/wp-content\/uploads\/2025\/07\/IMG-20250731-WA0005.jpg\" alt=\"\" width=\"500\" height=\"350\" srcset=\"https:\/\/emasaitabuna.com.br\/new\/wp-content\/uploads\/2025\/07\/IMG-20250731-WA0005-200x140.jpg 200w, https:\/\/emasaitabuna.com.br\/new\/wp-content\/uploads\/2025\/07\/IMG-20250731-WA0005-300x210.jpg 300w, https:\/\/emasaitabuna.com.br\/new\/wp-content\/uploads\/2025\/07\/IMG-20250731-WA0005-400x280.jpg 400w, https:\/\/emasaitabuna.com.br\/new\/wp-content\/uploads\/2025\/07\/IMG-20250731-WA0005.jpg 500w\" sizes=\"(max-width: 500px) 100vw, 500px\" \/><p id=\"caption-attachment-3636\" class=\"wp-caption-text\">O presidente da EMASA, Ivan Maia, avaliou como muito produtiva a reuni\u00e3o com a diretoria executiva do SINDAE. (Foto: SINDAE)<\/p><\/div>\n<p>O presidente da Empresa Municipal de \u00c1guas e Saneamento (EMASA), Ivan Maia, esteve reunido com dirigentes da executiva estadual do Sindicato dos Trabalhadores em \u00c1gua, Esgoto e Meio Ambiente no Estado da Bahia (SINDAE), na manh\u00e3 da \u00faltima quarta-feira, dia 30, na sede da entidade, em Salvador.<\/p>\n<p>Maia lembrou da decis\u00e3o favor\u00e1vel da Justi\u00e7a da Bahia, que autoriza a retomada da cobran\u00e7a da tarifa de esgotamento sanit\u00e1rio nas unidades consumidoras, e estudos que est\u00e3o sendo realizado para definir como a EMASA ir\u00e1 operar no futuro.<\/p>\n<p>\u201cDepois de oito anos sem poder cobrar o percentual real da taxa de esgoto, devido a uma liminar, obtivemos decis\u00e3o favor\u00e1vel no TJBA. Por \u00faltimo, realizamos o Congresso \u00c1guas de Futuro, onde especialistas do setor do saneamento puderam apresentar e discutir com colaboradores da EMASA e a sociedade civil, alternativas para o saneamento de Itabuna e a revitaliza\u00e7\u00e3o do Rio Cachoeira\u201d, disse o presidente da EMASA, Ivan Maia, no encontro com os dirigentes sindicais.<\/p>\n<p>Ainda de acordo com Ivan Maia, o munic\u00edpio de Itabuna est\u00e1 realizando uma s\u00e9rie de an\u00e1lises e brevemente apresentar\u00e1 o Novo Plano Municipal de Saneamento B\u00e1sico e as propostas alternativas que possam atrair investimentos para que a EMASA resolva a quest\u00e3o do esgotamento sanit\u00e1rio de Itabuna com o revigoramento do Rio Cachoeira.<\/p>\n<p>\u201cConseguimos avan\u00e7ar no que se refere ao abastecimento de \u00e1gua. E, em breve, com o Mais \u00c1gua III e a expans\u00e3o da rede para as comunidades rurais, chegaremos \u00e0 universaliza\u00e7\u00e3o do fornecimento de \u00e1gua para toda Itabuna\u201d, salientou.<\/p>\n<p>\u201cPor\u00e9m, no atual modelo que a EMASA opera, \u00e9 imposs\u00edvel viabilizar investimentos para solucionar a situa\u00e7\u00e3o do esgoto da cidade, para a despolui\u00e7\u00e3o do Rio Cachoeira e tamb\u00e9m chegar \u00e0 universaliza\u00e7\u00e3o do esgotamento sanit\u00e1rio. Por isso, o munic\u00edpio est\u00e1 realizando estudos t\u00e9cnicos e em breve ser\u00e1 poss\u00edvel apresentar os resultados e discutir com a sociedade essas quest\u00f5es. Seja qual for a solu\u00e7\u00e3o encontrada, estar\u00e3o assegurados os empregos e a cobran\u00e7a de tarifa justa\u201d, previu Ivan Maia.<\/p>\n<p>&#8212;&#8211;<\/p>\n<p>Assessoria de Comunica\u00e7\u00e3o Social da EMASA<\/p>\n<p>31\/julho\/2025.<\/p>\n<p>(Foto: SINDAE)<\/p>\n","protected":false},"excerpt":{"rendered":"<p>O presidente da Empresa Municipal de \u00c1guas e Saneamento (EMASA), Ivan Maia, esteve reunido com dirigentes da executiva estadual do [&hellip;]<\/p>\n","protected":false},"author":1,"featured_media":3636,"comment_status":"open","ping_status":"open","sticky":false,"template":"","format":"standard","meta":{"nf_dc_page":"","footnotes":""},"categories":[9],"tags":[],"class_list":["post-3634","post","type-post","status-publish","format-standard","has-post-thumbnail","hentry","category-noticias"],"_links":{"self":[{"href":"https:\/\/emasaitabuna.com.br\/new\/wp-json\/wp\/v2\/posts\/3634","targetHints":{"allow":["GET"]}}],"collection":[{"href":"https:\/\/emasaitabuna.com.br\/new\/wp-json\/wp\/v2\/posts"}],"about":[{"href":"https:\/\/emasaitabuna.com.br\/new\/wp-json\/wp\/v2\/types\/post"}],"author":[{"embeddable":true,"href":"https:\/\/emasaitabuna.com.br\/new\/wp-json\/wp\/v2\/users\/1"}],"replies":[{"embeddable":true,"href":"https:\/\/emasaitabuna.com.br\/new\/wp-json\/wp\/v2\/comments?post=3634"}],"version-history":[{"count":2,"href":"https:\/\/emasaitabuna.com.br\/new\/wp-json\/wp\/v2\/posts\/3634\/revisions"}],"predecessor-version":[{"id":3637,"href":"https:\/\/emasaitabuna.com.br\/new\/wp-json\/wp\/v2\/posts\/3634\/revisions\/3637"}],"wp:featuredmedia":[{"embeddable":true,"href":"https:\/\/emasaitabuna.com.br\/new\/wp-json\/wp\/v2\/media\/3636"}],"wp:attachment":[{"href":"https:\/\/emasaitabuna.com.br\/new\/wp-json\/wp\/v2\/media?parent=3634"}],"wp:term":[{"taxonomy":"category","embeddable":true,"href":"https:\/\/emasaitabuna.com.br\/new\/wp-json\/wp\/v2\/categories?post=3634"},{"taxonomy":"post_tag","embeddable":true,"href":"https:\/\/emasaitabuna.com.br\/new\/wp-json\/wp\/v2\/tags?post=3634"}],"curies":[{"name":"wp","href":"https:\/\/api.w.org\/{rel}","templated":true}]}}