{"id":3662,"date":"2025-08-05T07:14:26","date_gmt":"2025-08-05T10:14:26","guid":{"rendered":"https:\/\/emasaitabuna.com.br\/new\/?p=3662"},"modified":"2025-08-05T07:25:06","modified_gmt":"2025-08-05T10:25:06","slug":"funcionarios-da-emasa-passarao-a-contar-com-o-cdl-card-para-compras-no-comercio-de-itabuna","status":"publish","type":"post","link":"https:\/\/emasaitabuna.com.br\/new\/funcionarios-da-emasa-passarao-a-contar-com-o-cdl-card-para-compras-no-comercio-de-itabuna\/","title":{"rendered":"Funcion\u00e1rios da EMASA passar\u00e3o a contar com o CDL Card para compras no com\u00e9rcio de Itabuna"},"content":{"rendered":"<p>Os colaboradores da Empresa Municipal de \u00c1guas e Saneamento (EMASA) passar\u00e3o a contar com uma nova ferramenta para realizar compras e utilizar servi\u00e7os no com\u00e9rcio de Itabuna. A diretoria da EMASA assinou contrato com representantes da CDL Card Brasil Ltda., para que os funcion\u00e1rios da empresa passem a contar com o cart\u00e3o CDL Card.<\/p>\n<p>O CDL Card oferece a oportunidade em mais de 100 estabelecimentos de Itabuna, onde o usu\u00e1rio do cart\u00e3o poder\u00e1 realizar compras com descontos que variam de 5% a 10% de desconto, sendo que a ades\u00e3o do funcion\u00e1rio ao cart\u00e3o \u00e9 opcional e quem aderir ter\u00e1 os custos das despesas descontados em folha.<\/p>\n<p>O presidente da EMASA, Ivan Maia, destaca que o CDL Card possibilita a circula\u00e7\u00e3o de recursos dentro do pr\u00f3prio munic\u00edpio. \u201cA EMASA conta com pouco mais de 300 colaboradores que, ao realizarem suas compras com o CDL Card, proporcionar\u00e3o que o dinheiro circule na economia local, ajudando a fomentar mais empregos na cidade\u201d, afirma.<\/p>\n<p>Para o presidente da C\u00e2mara de Dirigentes Lojistas (CDL), Carlos Veloso Leahy, ter a EMASA na carteira de clientes do CDL Card \u00e9 importante para o com\u00e9rcio e, principalmente, para os estabelecimentos parceiros da CDL.<\/p>\n<p>\u201cA EMASA \u00e9 uma das grandes empregadoras de Itabuna e ter seus funcion\u00e1rios como usu\u00e1rios da CDL Card \u00e9 de grande valia, pois passar\u00e3o a contar com bons descontos nos estabelecimentos conveniados\u201d, ressalta Leahy.<\/p>\n<p>\u201cO CDL Card conta com um aplicativo com a rela\u00e7\u00e3o dos estabelecimentos comerciais parceiros e tamb\u00e9m oferece a op\u00e7\u00e3o ao cliente de acompanhar suas compras. Al\u00e9m disso, \u00e9 poss\u00edvel solicitar um cart\u00e3o adicional para dependentes\u201d, explica Valter Sim\u00e3o, diretor comercial do CDL Card.<\/p>\n<p>O cart\u00e3o tem uma taxa de ades\u00e3o de R$ 4,90 ao m\u00eas para o titular e de R$ 2,45 para o cart\u00e3o adicional. \u201cComo os estabelecimentos associados oferecem descontos consider\u00e1veis ao portador do CDL Card, o valor da anuidade \u00e9 absorvido por esses descontos\u201d, salienta Sim\u00e3o.<\/p>\n<p>Al\u00e9m dos presidentes da EMASA, Ivan Maia, e da CDL, Carlos Leahy, e do gerente Comercial da CDL Card, Valter Sim\u00e3o, participaram da assinatura do contrato o diretor Financeiro e de Relacionamento da EMASA, Ronaldo J\u00fanior, o gerente Comercial da EMASA, Anderson Alves, o chefe de Recursos Humanos da EMASA, Leandro Souza, e os representantes do Gr\u00eamio Recreativo Esportivo dos Servidores da EMASA (GRESE), Chesman Gilton (presidente) e Glauber Silva (diretor Financeiro).<\/p>\n<p>&#8212;&#8212;-<br \/>\nAssessoria de Comunica\u00e7\u00e3o Social da EMASA.<br \/>\n05\/agosto\/2025.<\/p>\n<div id=\"attachment_3663\" style=\"width: 510px\" class=\"wp-caption aligncenter\"><img decoding=\"async\" aria-describedby=\"caption-attachment-3663\" class=\"size-medium wp-image-3663\" src=\"https:\/\/emasaitabuna.com.br\/new\/wp-content\/uploads\/2025\/08\/Presidente-da-EMASA-Ivan-Maia-assina-contrato-que-possibilita-a-adesao-dos-colaboradores-da-empresa-ao-CDL-Card-500x375.jpg\" alt=\"\" width=\"500\" height=\"375\" srcset=\"https:\/\/emasaitabuna.com.br\/new\/wp-content\/uploads\/2025\/08\/Presidente-da-EMASA-Ivan-Maia-assina-contrato-que-possibilita-a-adesao-dos-colaboradores-da-empresa-ao-CDL-Card-200x150.jpg 200w, https:\/\/emasaitabuna.com.br\/new\/wp-content\/uploads\/2025\/08\/Presidente-da-EMASA-Ivan-Maia-assina-contrato-que-possibilita-a-adesao-dos-colaboradores-da-empresa-ao-CDL-Card-300x225.jpg 300w, https:\/\/emasaitabuna.com.br\/new\/wp-content\/uploads\/2025\/08\/Presidente-da-EMASA-Ivan-Maia-assina-contrato-que-possibilita-a-adesao-dos-colaboradores-da-empresa-ao-CDL-Card-400x300.jpg 400w, https:\/\/emasaitabuna.com.br\/new\/wp-content\/uploads\/2025\/08\/Presidente-da-EMASA-Ivan-Maia-assina-contrato-que-possibilita-a-adesao-dos-colaboradores-da-empresa-ao-CDL-Card-500x375.jpg 500w, https:\/\/emasaitabuna.com.br\/new\/wp-content\/uploads\/2025\/08\/Presidente-da-EMASA-Ivan-Maia-assina-contrato-que-possibilita-a-adesao-dos-colaboradores-da-empresa-ao-CDL-Card-600x450.jpg 600w, https:\/\/emasaitabuna.com.br\/new\/wp-content\/uploads\/2025\/08\/Presidente-da-EMASA-Ivan-Maia-assina-contrato-que-possibilita-a-adesao-dos-colaboradores-da-empresa-ao-CDL-Card-768x576.jpg 768w, https:\/\/emasaitabuna.com.br\/new\/wp-content\/uploads\/2025\/08\/Presidente-da-EMASA-Ivan-Maia-assina-contrato-que-possibilita-a-adesao-dos-colaboradores-da-empresa-ao-CDL-Card-800x600.jpg 800w, https:\/\/emasaitabuna.com.br\/new\/wp-content\/uploads\/2025\/08\/Presidente-da-EMASA-Ivan-Maia-assina-contrato-que-possibilita-a-adesao-dos-colaboradores-da-empresa-ao-CDL-Card-1200x900.jpg 1200w, https:\/\/emasaitabuna.com.br\/new\/wp-content\/uploads\/2025\/08\/Presidente-da-EMASA-Ivan-Maia-assina-contrato-que-possibilita-a-adesao-dos-colaboradores-da-empresa-ao-CDL-Card-1536x1152.jpg 1536w, https:\/\/emasaitabuna.com.br\/new\/wp-content\/uploads\/2025\/08\/Presidente-da-EMASA-Ivan-Maia-assina-contrato-que-possibilita-a-adesao-dos-colaboradores-da-empresa-ao-CDL-Card.jpg 1600w\" sizes=\"(max-width: 500px) 100vw, 500px\" \/><p id=\"caption-attachment-3663\" class=\"wp-caption-text\">Presidente da EMASA, Ivan Maia, assina contrato que possibilita a ades\u00e3o dos colaboradores da empresa ao CDL Card.<\/p><\/div>\n<p>&nbsp;<\/p>\n<div id=\"attachment_3664\" style=\"width: 510px\" class=\"wp-caption aligncenter\"><img decoding=\"async\" aria-describedby=\"caption-attachment-3664\" class=\"size-medium wp-image-3664\" src=\"https:\/\/emasaitabuna.com.br\/new\/wp-content\/uploads\/2025\/08\/Diretores-da-EMASA-representantes-da-CDL-e-do-GRESE-mostram-peca-promocional-do-CDL-Card-500x375.jpg\" alt=\"\" width=\"500\" height=\"375\" srcset=\"https:\/\/emasaitabuna.com.br\/new\/wp-content\/uploads\/2025\/08\/Diretores-da-EMASA-representantes-da-CDL-e-do-GRESE-mostram-peca-promocional-do-CDL-Card-200x150.jpg 200w, https:\/\/emasaitabuna.com.br\/new\/wp-content\/uploads\/2025\/08\/Diretores-da-EMASA-representantes-da-CDL-e-do-GRESE-mostram-peca-promocional-do-CDL-Card-300x225.jpg 300w, https:\/\/emasaitabuna.com.br\/new\/wp-content\/uploads\/2025\/08\/Diretores-da-EMASA-representantes-da-CDL-e-do-GRESE-mostram-peca-promocional-do-CDL-Card-400x300.jpg 400w, https:\/\/emasaitabuna.com.br\/new\/wp-content\/uploads\/2025\/08\/Diretores-da-EMASA-representantes-da-CDL-e-do-GRESE-mostram-peca-promocional-do-CDL-Card-500x375.jpg 500w, https:\/\/emasaitabuna.com.br\/new\/wp-content\/uploads\/2025\/08\/Diretores-da-EMASA-representantes-da-CDL-e-do-GRESE-mostram-peca-promocional-do-CDL-Card-600x450.jpg 600w, https:\/\/emasaitabuna.com.br\/new\/wp-content\/uploads\/2025\/08\/Diretores-da-EMASA-representantes-da-CDL-e-do-GRESE-mostram-peca-promocional-do-CDL-Card-768x576.jpg 768w, https:\/\/emasaitabuna.com.br\/new\/wp-content\/uploads\/2025\/08\/Diretores-da-EMASA-representantes-da-CDL-e-do-GRESE-mostram-peca-promocional-do-CDL-Card-800x600.jpg 800w, https:\/\/emasaitabuna.com.br\/new\/wp-content\/uploads\/2025\/08\/Diretores-da-EMASA-representantes-da-CDL-e-do-GRESE-mostram-peca-promocional-do-CDL-Card-1200x900.jpg 1200w, https:\/\/emasaitabuna.com.br\/new\/wp-content\/uploads\/2025\/08\/Diretores-da-EMASA-representantes-da-CDL-e-do-GRESE-mostram-peca-promocional-do-CDL-Card-1536x1152.jpg 1536w, https:\/\/emasaitabuna.com.br\/new\/wp-content\/uploads\/2025\/08\/Diretores-da-EMASA-representantes-da-CDL-e-do-GRESE-mostram-peca-promocional-do-CDL-Card.jpg 1600w\" sizes=\"(max-width: 500px) 100vw, 500px\" \/><p id=\"caption-attachment-3664\" class=\"wp-caption-text\">Diretores da EMASA, representantes da CDL e do GRESE, mostram pe\u00e7a promocional do CDL Card.<\/p><\/div>\n","protected":false},"excerpt":{"rendered":"<p>Os colaboradores da Empresa Municipal de \u00c1guas e Saneamento (EMASA) passar\u00e3o a contar com uma nova ferramenta para realizar compras [&hellip;]<\/p>\n","protected":false},"author":1,"featured_media":3664,"comment_status":"open","ping_status":"open","sticky":false,"template":"","format":"standard","meta":{"nf_dc_page":"","footnotes":""},"categories":[9],"tags":[],"class_list":["post-3662","post","type-post","status-publish","format-standard","has-post-thumbnail","hentry","category-noticias"],"_links":{"self":[{"href":"https:\/\/emasaitabuna.com.br\/new\/wp-json\/wp\/v2\/posts\/3662","targetHints":{"allow":["GET"]}}],"collection":[{"href":"https:\/\/emasaitabuna.com.br\/new\/wp-json\/wp\/v2\/posts"}],"about":[{"href":"https:\/\/emasaitabuna.com.br\/new\/wp-json\/wp\/v2\/types\/post"}],"author":[{"embeddable":true,"href":"https:\/\/emasaitabuna.com.br\/new\/wp-json\/wp\/v2\/users\/1"}],"replies":[{"embeddable":true,"href":"https:\/\/emasaitabuna.com.br\/new\/wp-json\/wp\/v2\/comments?post=3662"}],"version-history":[{"count":1,"href":"https:\/\/emasaitabuna.com.br\/new\/wp-json\/wp\/v2\/posts\/3662\/revisions"}],"predecessor-version":[{"id":3665,"href":"https:\/\/emasaitabuna.com.br\/new\/wp-json\/wp\/v2\/posts\/3662\/revisions\/3665"}],"wp:featuredmedia":[{"embeddable":true,"href":"https:\/\/emasaitabuna.com.br\/new\/wp-json\/wp\/v2\/media\/3664"}],"wp:attachment":[{"href":"https:\/\/emasaitabuna.com.br\/new\/wp-json\/wp\/v2\/media?parent=3662"}],"wp:term":[{"taxonomy":"category","embeddable":true,"href":"https:\/\/emasaitabuna.com.br\/new\/wp-json\/wp\/v2\/categories?post=3662"},{"taxonomy":"post_tag","embeddable":true,"href":"https:\/\/emasaitabuna.com.br\/new\/wp-json\/wp\/v2\/tags?post=3662"}],"curies":[{"name":"wp","href":"https:\/\/api.w.org\/{rel}","templated":true}]}}