{"id":3674,"date":"2025-08-06T07:22:35","date_gmt":"2025-08-06T10:22:35","guid":{"rendered":"https:\/\/emasaitabuna.com.br\/new\/?p=3674"},"modified":"2025-08-06T07:23:31","modified_gmt":"2025-08-06T10:23:31","slug":"emasa-prorroga-programa-emasa-legal-por-mais-90-dias-a-partir-de-1o-de-agosto","status":"publish","type":"post","link":"https:\/\/emasaitabuna.com.br\/new\/emasa-prorroga-programa-emasa-legal-por-mais-90-dias-a-partir-de-1o-de-agosto\/","title":{"rendered":"EMASA prorroga Programa EMASA Legal por mais 90 dias a partir de 1\u00ba de agosto"},"content":{"rendered":"<div id=\"attachment_3589\" style=\"width: 413px\" class=\"wp-caption aligncenter\"><img decoding=\"async\" aria-describedby=\"caption-attachment-3589\" class=\"size-medium wp-image-3589\" src=\"https:\/\/emasaitabuna.com.br\/new\/wp-content\/uploads\/2025\/07\/IMG-20250723-WA0001-403x500.jpg\" alt=\"\" width=\"403\" height=\"500\" srcset=\"https:\/\/emasaitabuna.com.br\/new\/wp-content\/uploads\/2025\/07\/IMG-20250723-WA0001-200x248.jpg 200w, https:\/\/emasaitabuna.com.br\/new\/wp-content\/uploads\/2025\/07\/IMG-20250723-WA0001-242x300.jpg 242w, https:\/\/emasaitabuna.com.br\/new\/wp-content\/uploads\/2025\/07\/IMG-20250723-WA0001-400x496.jpg 400w, https:\/\/emasaitabuna.com.br\/new\/wp-content\/uploads\/2025\/07\/IMG-20250723-WA0001-403x500.jpg 403w, https:\/\/emasaitabuna.com.br\/new\/wp-content\/uploads\/2025\/07\/IMG-20250723-WA0001-600x744.jpg 600w, https:\/\/emasaitabuna.com.br\/new\/wp-content\/uploads\/2025\/07\/IMG-20250723-WA0001-768x952.jpg 768w, https:\/\/emasaitabuna.com.br\/new\/wp-content\/uploads\/2025\/07\/IMG-20250723-WA0001-800x992.jpg 800w, https:\/\/emasaitabuna.com.br\/new\/wp-content\/uploads\/2025\/07\/IMG-20250723-WA0001-968x1200.jpg 968w, https:\/\/emasaitabuna.com.br\/new\/wp-content\/uploads\/2025\/07\/IMG-20250723-WA0001.jpg 1080w\" sizes=\"(max-width: 403px) 100vw, 403px\" \/><p id=\"caption-attachment-3589\" class=\"wp-caption-text\">EMASA Legal, programa de regulariza\u00e7\u00e3o de d\u00edvidas \u00e9 prorrogado.<\/p><\/div>\n<p>A Empresa Municipal de \u00c1guas e Saneamento (EMASA) prorrogou por mais 90 dias o prazo para ades\u00e3o ao Programa EMASA Legal, que agora segue at\u00e9 o final de outubro. A decis\u00e3o, v\u00e1lida a partir de 1\u00ba de agosto, busca ampliar o alcance da iniciativa e permitir que mais consumidores de Itabuna regularizem seus d\u00e9bitos com condi\u00e7\u00f5es facilitadas.<\/p>\n<p>Lan\u00e7ado em junho, o EMASA Legal oferece entrada reduzida, isen\u00e7\u00e3o total de juros e multas, desconto de at\u00e9 40% para pagamentos \u00e0 vista e parcelamento em at\u00e9 60 vezes. O programa contempla d\u00edvidas vencidas at\u00e9 31 de dezembro de 2024, inclusive aquelas j\u00e1 protestadas ou negativadas, e est\u00e1 dispon\u00edvel exclusivamente para clientes que n\u00e3o tenham a\u00e7\u00f5es judiciais em andamento contra a empresa.<\/p>\n<p>De acordo com o presidente da EMASA, Ivan Maia, a prorroga\u00e7\u00e3o refor\u00e7a o compromisso da gest\u00e3o em garantir o acesso da popula\u00e7\u00e3o aos servi\u00e7os essenciais com dignidade. \u201cO EMASA Legal j\u00e1 beneficiou centenas de fam\u00edlias e queremos alcan\u00e7ar ainda mais. A iniciativa \u00e9 parte da pol\u00edtica de inclus\u00e3o da empresa, que busca promover a regulariza\u00e7\u00e3o com responsabilidade e sensibilidade social. \u00c9 um reflexo da boa gest\u00e3o do prefeito Augusto Castro, voltada para o cuidado com as pessoas e a melhoria cont\u00ednua dos nossos servi\u00e7os\u201d, afirmou.<\/p>\n<p>A ades\u00e3o deve ser feita na Loja de Atendimento da EMASA, no centro de Itabuna, onde o consumidor receber\u00e1 todas as orienta\u00e7\u00f5es sobre formas de pagamento e as possibilidades de parcelamento conforme o seu perfil.<\/p>\n<p>Segundo o gerente comercial da EMASA, Anderson Alves, a procura tem sido significativa desde o lan\u00e7amento. \u201cEstendemos o prazo porque identificamos uma demanda crescente, especialmente por parte de fam\u00edlias que estavam aguardando uma oportunidade vi\u00e1vel para quitar suas d\u00edvidas. Nossa equipe est\u00e1 preparada para oferecer um atendimento acolhedor, explicando todas as vantagens e ajustando as condi\u00e7\u00f5es \u00e0 realidade de cada cliente\u201d, concluiu.<\/p>\n<p>&#8212;&#8212;-<\/p>\n<p>Assessoria de Comunica\u00e7\u00e3o Social da EMASA<\/p>\n<p>06\/agosto\/2025.<\/p>\n","protected":false},"excerpt":{"rendered":"<p>A Empresa Municipal de \u00c1guas e Saneamento (EMASA) prorrogou por mais 90 dias o prazo para ades\u00e3o ao Programa EMASA [&hellip;]<\/p>\n","protected":false},"author":1,"featured_media":3589,"comment_status":"open","ping_status":"open","sticky":false,"template":"","format":"standard","meta":{"nf_dc_page":"","footnotes":""},"categories":[9],"tags":[],"class_list":["post-3674","post","type-post","status-publish","format-standard","has-post-thumbnail","hentry","category-noticias"],"_links":{"self":[{"href":"https:\/\/emasaitabuna.com.br\/new\/wp-json\/wp\/v2\/posts\/3674","targetHints":{"allow":["GET"]}}],"collection":[{"href":"https:\/\/emasaitabuna.com.br\/new\/wp-json\/wp\/v2\/posts"}],"about":[{"href":"https:\/\/emasaitabuna.com.br\/new\/wp-json\/wp\/v2\/types\/post"}],"author":[{"embeddable":true,"href":"https:\/\/emasaitabuna.com.br\/new\/wp-json\/wp\/v2\/users\/1"}],"replies":[{"embeddable":true,"href":"https:\/\/emasaitabuna.com.br\/new\/wp-json\/wp\/v2\/comments?post=3674"}],"version-history":[{"count":2,"href":"https:\/\/emasaitabuna.com.br\/new\/wp-json\/wp\/v2\/posts\/3674\/revisions"}],"predecessor-version":[{"id":3676,"href":"https:\/\/emasaitabuna.com.br\/new\/wp-json\/wp\/v2\/posts\/3674\/revisions\/3676"}],"wp:featuredmedia":[{"embeddable":true,"href":"https:\/\/emasaitabuna.com.br\/new\/wp-json\/wp\/v2\/media\/3589"}],"wp:attachment":[{"href":"https:\/\/emasaitabuna.com.br\/new\/wp-json\/wp\/v2\/media?parent=3674"}],"wp:term":[{"taxonomy":"category","embeddable":true,"href":"https:\/\/emasaitabuna.com.br\/new\/wp-json\/wp\/v2\/categories?post=3674"},{"taxonomy":"post_tag","embeddable":true,"href":"https:\/\/emasaitabuna.com.br\/new\/wp-json\/wp\/v2\/tags?post=3674"}],"curies":[{"name":"wp","href":"https:\/\/api.w.org\/{rel}","templated":true}]}}