{"id":3682,"date":"2025-08-13T15:53:05","date_gmt":"2025-08-13T18:53:05","guid":{"rendered":"https:\/\/emasaitabuna.com.br\/new\/?p=3682"},"modified":"2025-08-13T15:54:08","modified_gmt":"2025-08-13T18:54:08","slug":"reservatorios-do-mais-agua-para-itabuna-terao-reflorestamento-com-especies-da-mata-atlantica","status":"publish","type":"post","link":"https:\/\/emasaitabuna.com.br\/new\/reservatorios-do-mais-agua-para-itabuna-terao-reflorestamento-com-especies-da-mata-atlantica\/","title":{"rendered":"Reservat\u00f3rios do Mais \u00c1gua para Itabuna ter\u00e3o reflorestamento com esp\u00e9cies da Mata Atl\u00e2ntica"},"content":{"rendered":"<div id=\"attachment_3683\" style=\"width: 459px\" class=\"wp-caption aligncenter\"><img decoding=\"async\" aria-describedby=\"caption-attachment-3683\" class=\"wp-image-3683 size-medium\" src=\"https:\/\/emasaitabuna.com.br\/new\/wp-content\/uploads\/2025\/08\/IMG-20250813-WA0004-449x500.jpg\" alt=\"\" width=\"449\" height=\"500\" srcset=\"https:\/\/emasaitabuna.com.br\/new\/wp-content\/uploads\/2025\/08\/IMG-20250813-WA0004-200x223.jpg 200w, https:\/\/emasaitabuna.com.br\/new\/wp-content\/uploads\/2025\/08\/IMG-20250813-WA0004-269x300.jpg 269w, https:\/\/emasaitabuna.com.br\/new\/wp-content\/uploads\/2025\/08\/IMG-20250813-WA0004-400x446.jpg 400w, https:\/\/emasaitabuna.com.br\/new\/wp-content\/uploads\/2025\/08\/IMG-20250813-WA0004-449x500.jpg 449w, https:\/\/emasaitabuna.com.br\/new\/wp-content\/uploads\/2025\/08\/IMG-20250813-WA0004-600x668.jpg 600w, https:\/\/emasaitabuna.com.br\/new\/wp-content\/uploads\/2025\/08\/IMG-20250813-WA0004-768x856.jpg 768w, https:\/\/emasaitabuna.com.br\/new\/wp-content\/uploads\/2025\/08\/IMG-20250813-WA0004-800x891.jpg 800w, https:\/\/emasaitabuna.com.br\/new\/wp-content\/uploads\/2025\/08\/IMG-20250813-WA0004-1077x1200.jpg 1077w, https:\/\/emasaitabuna.com.br\/new\/wp-content\/uploads\/2025\/08\/IMG-20250813-WA0004.jpg 1079w\" sizes=\"(max-width: 449px) 100vw, 449px\" \/><p id=\"caption-attachment-3683\" class=\"wp-caption-text\">Grupo visitou as \u00e1reas dos reservat\u00f3rios do Mais \u00c1gua para discutir as esp\u00e9cies ideiais para o plantio das \u00e1rvores.<\/p><\/div>\n<p>Na \u00faltima ter\u00e7a-feira (12), a Empresa Municipal de \u00c1guas e Saneamento (EMASA) e a Prefeitura de Itabuna, atrav\u00e9s da Secretaria de Agricultura e Meio Ambiente de Itabuna se reuniram para dar in\u00edcio ao projeto de arboriza\u00e7\u00e3o das \u00e1reas que cercam os reservat\u00f3rios do programa Mais \u00c1gua para Itabuna, nos bairros Novo Lomanto e Novo Ja\u00e7an\u00e3. A a\u00e7\u00e3o tem como objetivo revitalizar a regi\u00e3o, preservar o meio ambiente e transformar o espa\u00e7o em um ambiente agrad\u00e1vel para a popula\u00e7\u00e3o, sem comprometer a manuten\u00e7\u00e3o da estrutura.<\/p>\n<p>O encontro contou com a presen\u00e7a do presidente da EMASA, Ivan Maia, do diretor de Expans\u00e3o e Opera\u00e7\u00e3o, Fernando Duarte, do assessor t\u00e9cnico, Agnaldo Ferreira, do secret\u00e1rio de Agricultura e Meio Ambiente, Jo\u00e3o Carlos Oliveira, da engenheira florestal, Andressa Aiala Neves, e dos t\u00e9cnicos Elissandro dos Santos Santana, Breno Cardoso e Marcelo Lisboa.<\/p>\n<p>Durante a reuni\u00e3o, foram discutidas as esp\u00e9cies ideais para o plantio, priorizando \u00e1rvores nativas da Mata Atl\u00e2ntica, como Ip\u00ea, Pau-Brasil e Quaresmeira. O projeto prev\u00ea a avalia\u00e7\u00e3o cuidadosa de cada esp\u00e9cie para garantir que n\u00e3o interfira nas atividades operacionais do reservat\u00f3rio, preservando tamb\u00e9m a vista panor\u00e2mica da cidade.<\/p>\n<p>Segundo o presidente da EMASA, Ivan Maia, a a\u00e7\u00e3o alia preserva\u00e7\u00e3o ambiental e bem-estar para a popula\u00e7\u00e3o. \u201cEstamos trabalhando junto com a Secretaria de Meio Ambiente para revitalizar as \u00e1reas do reservat\u00f3rio, utilizando esp\u00e9cies origin\u00e1rias da nossa regi\u00e3o. \u00c9 um projeto que vai melhorar a quest\u00e3o ambiental e, ao mesmo tempo, criar um espa\u00e7o mais agrad\u00e1vel para a comunidade\u201d, afirmou.<\/p>\n<p>O secret\u00e1rio de Agricultura e Meio Ambiente, Jo\u00e3o Carlos Oliveira, ressaltou que a parceria entre os \u00f3rg\u00e3os \u00e9 fundamental para a execu\u00e7\u00e3o do projeto. \u201cN\u00f3s queremos plantar esp\u00e9cies nativas e preservar a beleza natural do local, tornando-o um espa\u00e7o prop\u00edcio para visita\u00e7\u00e3o e lazer. Meio ambiente se constr\u00f3i com parcerias, e a EMASA \u00e9 um parceiro estrat\u00e9gico para que possamos alcan\u00e7ar esse objetivo\u201d, concluiu.<\/p>\n<p>&#8212;&#8212;&#8212;&#8212;&#8212;&#8212;&#8212;&#8212;&#8212;&#8212;&#8212;&#8212;&#8212;&#8212;&#8212;&#8211;<\/p>\n<p>Assessoria de Comunica\u00e7\u00e3o Social da EMASA<\/p>\n<p>13\/agosto\/2025.<\/p>\n","protected":false},"excerpt":{"rendered":"<p>Na \u00faltima ter\u00e7a-feira (12), a Empresa Municipal de \u00c1guas e Saneamento (EMASA) e a Prefeitura de Itabuna, atrav\u00e9s da Secretaria [&hellip;]<\/p>\n","protected":false},"author":1,"featured_media":3683,"comment_status":"open","ping_status":"open","sticky":false,"template":"","format":"standard","meta":{"nf_dc_page":"","footnotes":""},"categories":[9],"tags":[],"class_list":["post-3682","post","type-post","status-publish","format-standard","has-post-thumbnail","hentry","category-noticias"],"_links":{"self":[{"href":"https:\/\/emasaitabuna.com.br\/new\/wp-json\/wp\/v2\/posts\/3682","targetHints":{"allow":["GET"]}}],"collection":[{"href":"https:\/\/emasaitabuna.com.br\/new\/wp-json\/wp\/v2\/posts"}],"about":[{"href":"https:\/\/emasaitabuna.com.br\/new\/wp-json\/wp\/v2\/types\/post"}],"author":[{"embeddable":true,"href":"https:\/\/emasaitabuna.com.br\/new\/wp-json\/wp\/v2\/users\/1"}],"replies":[{"embeddable":true,"href":"https:\/\/emasaitabuna.com.br\/new\/wp-json\/wp\/v2\/comments?post=3682"}],"version-history":[{"count":3,"href":"https:\/\/emasaitabuna.com.br\/new\/wp-json\/wp\/v2\/posts\/3682\/revisions"}],"predecessor-version":[{"id":3686,"href":"https:\/\/emasaitabuna.com.br\/new\/wp-json\/wp\/v2\/posts\/3682\/revisions\/3686"}],"wp:featuredmedia":[{"embeddable":true,"href":"https:\/\/emasaitabuna.com.br\/new\/wp-json\/wp\/v2\/media\/3683"}],"wp:attachment":[{"href":"https:\/\/emasaitabuna.com.br\/new\/wp-json\/wp\/v2\/media?parent=3682"}],"wp:term":[{"taxonomy":"category","embeddable":true,"href":"https:\/\/emasaitabuna.com.br\/new\/wp-json\/wp\/v2\/categories?post=3682"},{"taxonomy":"post_tag","embeddable":true,"href":"https:\/\/emasaitabuna.com.br\/new\/wp-json\/wp\/v2\/tags?post=3682"}],"curies":[{"name":"wp","href":"https:\/\/api.w.org\/{rel}","templated":true}]}}