{"id":3687,"date":"2025-08-14T08:07:38","date_gmt":"2025-08-14T11:07:38","guid":{"rendered":"https:\/\/emasaitabuna.com.br\/new\/?p=3687"},"modified":"2025-08-14T08:08:11","modified_gmt":"2025-08-14T11:08:11","slug":"emasa-executa-operacao-tapa-buraco-no-bairro-nova-ferradas","status":"publish","type":"post","link":"https:\/\/emasaitabuna.com.br\/new\/emasa-executa-operacao-tapa-buraco-no-bairro-nova-ferradas\/","title":{"rendered":"EMASA executa Opera\u00e7\u00e3o Tapa-Buraco no Bairro Nova Ferradas"},"content":{"rendered":"<div id=\"attachment_3688\" style=\"width: 510px\" class=\"wp-caption aligncenter\"><img decoding=\"async\" aria-describedby=\"caption-attachment-3688\" class=\"wp-image-3688 size-medium\" src=\"https:\/\/emasaitabuna.com.br\/new\/wp-content\/uploads\/2025\/08\/IMG-20250814-WA0000-500x333.jpg\" alt=\"\" width=\"500\" height=\"333\" srcset=\"https:\/\/emasaitabuna.com.br\/new\/wp-content\/uploads\/2025\/08\/IMG-20250814-WA0000-200x133.jpg 200w, https:\/\/emasaitabuna.com.br\/new\/wp-content\/uploads\/2025\/08\/IMG-20250814-WA0000-300x200.jpg 300w, https:\/\/emasaitabuna.com.br\/new\/wp-content\/uploads\/2025\/08\/IMG-20250814-WA0000-400x267.jpg 400w, https:\/\/emasaitabuna.com.br\/new\/wp-content\/uploads\/2025\/08\/IMG-20250814-WA0000-500x333.jpg 500w, https:\/\/emasaitabuna.com.br\/new\/wp-content\/uploads\/2025\/08\/IMG-20250814-WA0000-600x400.jpg 600w, https:\/\/emasaitabuna.com.br\/new\/wp-content\/uploads\/2025\/08\/IMG-20250814-WA0000-768x512.jpg 768w, https:\/\/emasaitabuna.com.br\/new\/wp-content\/uploads\/2025\/08\/IMG-20250814-WA0000-800x533.jpg 800w, https:\/\/emasaitabuna.com.br\/new\/wp-content\/uploads\/2025\/08\/IMG-20250814-WA0000-1200x800.jpg 1200w, https:\/\/emasaitabuna.com.br\/new\/wp-content\/uploads\/2025\/08\/IMG-20250814-WA0000-1536x1023.jpg 1536w, https:\/\/emasaitabuna.com.br\/new\/wp-content\/uploads\/2025\/08\/IMG-20250814-WA0000.jpg 1600w\" sizes=\"(max-width: 500px) 100vw, 500px\" \/><p id=\"caption-attachment-3688\" class=\"wp-caption-text\">EMASA recupera vias no Nova Ferradas, onde foram realizadas manuten\u00e7\u00e3o da rede de \u00e1gua.<\/p><\/div>\n<p>A Empresa Municipal de \u00c1guas e Saneamento (EMASA) iniciou o processo de prepara\u00e7\u00e3o do solo para realizar Opera\u00e7\u00e3o Tapa-Buraco em algumas vias do Bairro Nova Ferradas, onde realizou interven\u00e7\u00f5es para a manuten\u00e7\u00e3o da rede de abastecimento de \u00e1gua.<\/p>\n<p>De acordo com o presidente da EMASA, Ivan Maia, em alguns trechos houve a necessidade de rebaixamento e reparos de vazamento na rede que atende o bairro.<\/p>\n<p>\u201cNa rua e travessa S\u00e3o Jos\u00e9, por exemplo, houve o rebaixamento da rede que atende cerca de 100 resid\u00eancias. Em outras vias, como a Rua Principal e a 1\u00ba de Maio, ocorreram reparos de vazamentos foi iniciado os servi\u00e7os de prepara\u00e7\u00e3o do piso para em seguida, realizar o tapa-buraco com asfalto a quente\u201d, disse Maia.<\/p>\n<p>Na visita realizada na quarta-feira, dia 13, ao bairro Nova Ferradas, o presidente Ivan Maia esteve acompanhado pelo vereador Silas da Sa\u00fade (PSD), que representa as comunidades da zona oeste da cidade.<\/p>\n<p>Para Silas, o trabalho de parceria com a EMASA agrega muito para o bairro e seus moradores. \u201cO presidente Ivan Maia \u00e9 muito atencioso \u00e0s nossas reivindica\u00e7\u00f5es que, dentro do poss\u00edvel, s\u00e3o atendidas\u201d, disse o represente do bairro na C\u00e2mara Municipal de Vereadores.<\/p>\n<p>\u201c\u00c9 muito bom poder contar com a boa parceria da EMASA\u201d, acrescentou o vereador Silas da Sa\u00fade.<\/p>\n<p>A previs\u00e3o da EMASA \u00e9 que at\u00e9 sexta-feira, dia 15, os trabalhos de cobertura com concreto betuminoso usinado a quente (CBUQ) sejam executados devolvendo \u00e0s vias \u00e0 mobilidade e ao conforto dos moradores do Nova Ferradas.<\/p>\n<p>&#8212;&#8212;-<\/p>\n<p>Assessoria de Comunica\u00e7\u00e3o Social da EMASA<\/p>\n<p>14\/agosto\/2025.<\/p>\n","protected":false},"excerpt":{"rendered":"<p>A Empresa Municipal de \u00c1guas e Saneamento (EMASA) iniciou o processo de prepara\u00e7\u00e3o do solo para realizar Opera\u00e7\u00e3o Tapa-Buraco em [&hellip;]<\/p>\n","protected":false},"author":1,"featured_media":3688,"comment_status":"open","ping_status":"open","sticky":false,"template":"","format":"standard","meta":{"nf_dc_page":"","footnotes":""},"categories":[9],"tags":[],"class_list":["post-3687","post","type-post","status-publish","format-standard","has-post-thumbnail","hentry","category-noticias"],"_links":{"self":[{"href":"https:\/\/emasaitabuna.com.br\/new\/wp-json\/wp\/v2\/posts\/3687","targetHints":{"allow":["GET"]}}],"collection":[{"href":"https:\/\/emasaitabuna.com.br\/new\/wp-json\/wp\/v2\/posts"}],"about":[{"href":"https:\/\/emasaitabuna.com.br\/new\/wp-json\/wp\/v2\/types\/post"}],"author":[{"embeddable":true,"href":"https:\/\/emasaitabuna.com.br\/new\/wp-json\/wp\/v2\/users\/1"}],"replies":[{"embeddable":true,"href":"https:\/\/emasaitabuna.com.br\/new\/wp-json\/wp\/v2\/comments?post=3687"}],"version-history":[{"count":2,"href":"https:\/\/emasaitabuna.com.br\/new\/wp-json\/wp\/v2\/posts\/3687\/revisions"}],"predecessor-version":[{"id":3690,"href":"https:\/\/emasaitabuna.com.br\/new\/wp-json\/wp\/v2\/posts\/3687\/revisions\/3690"}],"wp:featuredmedia":[{"embeddable":true,"href":"https:\/\/emasaitabuna.com.br\/new\/wp-json\/wp\/v2\/media\/3688"}],"wp:attachment":[{"href":"https:\/\/emasaitabuna.com.br\/new\/wp-json\/wp\/v2\/media?parent=3687"}],"wp:term":[{"taxonomy":"category","embeddable":true,"href":"https:\/\/emasaitabuna.com.br\/new\/wp-json\/wp\/v2\/categories?post=3687"},{"taxonomy":"post_tag","embeddable":true,"href":"https:\/\/emasaitabuna.com.br\/new\/wp-json\/wp\/v2\/tags?post=3687"}],"curies":[{"name":"wp","href":"https:\/\/api.w.org\/{rel}","templated":true}]}}