{"id":3695,"date":"2025-08-14T14:26:54","date_gmt":"2025-08-14T17:26:54","guid":{"rendered":"https:\/\/emasaitabuna.com.br\/new\/?p=3695"},"modified":"2025-08-14T14:27:36","modified_gmt":"2025-08-14T17:27:36","slug":"ministerio-das-cidades-publica-nova-portaria-confirmando-recursos-para-a-execucao-do-mais-agua-iii","status":"publish","type":"post","link":"https:\/\/emasaitabuna.com.br\/new\/ministerio-das-cidades-publica-nova-portaria-confirmando-recursos-para-a-execucao-do-mais-agua-iii\/","title":{"rendered":"Minist\u00e9rio das Cidades publica nova Portaria confirmando recursos para a execu\u00e7\u00e3o do Mais \u00c1gua III"},"content":{"rendered":"<div id=\"attachment_3696\" style=\"width: 510px\" class=\"wp-caption aligncenter\"><img decoding=\"async\" aria-describedby=\"caption-attachment-3696\" class=\"wp-image-3696 size-medium\" src=\"https:\/\/emasaitabuna.com.br\/new\/wp-content\/uploads\/2025\/08\/IMG-20250527-WA0021-500x281.jpg\" alt=\"\" width=\"500\" height=\"281\" srcset=\"https:\/\/emasaitabuna.com.br\/new\/wp-content\/uploads\/2025\/08\/IMG-20250527-WA0021-200x113.jpg 200w, https:\/\/emasaitabuna.com.br\/new\/wp-content\/uploads\/2025\/08\/IMG-20250527-WA0021-300x169.jpg 300w, https:\/\/emasaitabuna.com.br\/new\/wp-content\/uploads\/2025\/08\/IMG-20250527-WA0021-400x225.jpg 400w, https:\/\/emasaitabuna.com.br\/new\/wp-content\/uploads\/2025\/08\/IMG-20250527-WA0021-500x281.jpg 500w, https:\/\/emasaitabuna.com.br\/new\/wp-content\/uploads\/2025\/08\/IMG-20250527-WA0021-600x338.jpg 600w, https:\/\/emasaitabuna.com.br\/new\/wp-content\/uploads\/2025\/08\/IMG-20250527-WA0021-768x432.jpg 768w, https:\/\/emasaitabuna.com.br\/new\/wp-content\/uploads\/2025\/08\/IMG-20250527-WA0021.jpg 800w\" sizes=\"(max-width: 500px) 100vw, 500px\" \/><p id=\"caption-attachment-3696\" class=\"wp-caption-text\">Governador Jer\u00f4nimo Rodrigues (PT) e o prefeito de Itabuna Augusto Castro (PSD), na entrega da primeira etapa do Projeto Mais \u00c1gua para a Cidade, em mar\u00e7o deste ano (Foto: Mateus Landim &#8211; SECOM\/BA).<\/p><\/div>\n<p>O Minist\u00e9rio das Cidades publicou na edi\u00e7\u00e3o de hoje, dia 14, no Di\u00e1rio Oficial da Uni\u00e3o (DOU), a Portaria MCID n\u00ba 886, de 7 de agosto de 2025, ratificando a decis\u00e3o em rela\u00e7\u00e3o ao resultado de propostas da modalidade Processo de Sele\u00e7\u00e3o de Projetos do Eixo \u00c1gua Para Todos, Subeixo Abastecimento de \u00c1gua &#8211; Urbano, Portaria MCID n\u00ba 768, de 26 de julho de 2024.<\/p>\n<p>A Portaria inclui o munic\u00edpio de Itabuna que foi selecionado atrav\u00e9s do Novo PAC (Programa de Acelera\u00e7\u00e3o do Crescimento) do Governo Federal, que contempla a cidade com recursos no valor de R$ 21.425.715,95, para as obras do Projeto Mais \u00c1gua para a Cidade III.<\/p>\n<p>Com o Projeto ser\u00e3o atendidos os bairros da zona norte: Calif\u00f3rnia, Nova Calif\u00f3rnia, F\u00e1tima, Jo\u00e3o Soares, Parque Boa Vista, Santa In\u00eas, Loteamento Para\u00edso e condom\u00ednios residenciais Jardim Am\u00e9rica I e II, Vida Nova e Parque Verde.<\/p>\n<p>De acordo com o presidente da Empresa Municipal de \u00c1guas e Saneamento (EMASA), Ivan Maia, os \u00faltimos detalhes do projeto est\u00e3o sendo alinhados com a Caixa Econ\u00f4mica Federal (CEF) para que a Secretaria de Infraestrutura e Urbanismo (SIURB) possa publicar o Edital de licita\u00e7\u00e3o.<\/p>\n<p>\u201cO Projeto Mais \u00c1gua para a Cidade III est\u00e1 na fase final de an\u00e1lise da documenta\u00e7\u00e3o pelos t\u00e9cnicos da Caixa Econ\u00f4mica Federal para a libera\u00e7\u00e3o do processo licitat\u00f3rio que ser\u00e1 realizado pela Prefeitura, atrav\u00e9s da SIURB\u201d, disse Maia.<\/p>\n<p>Para o prefeito de Itabuna, Augusto Castro (PSD), que tem acompanhando toda essa fase do projeto e vem cobrando agilidade dos t\u00e9cnicos da Prefeitura e EMASA nas respostas para a CEF, \u00e9 essencial o alinhamento dos agentes t\u00e9cnicos do munic\u00edpio com o agente financeiro.<\/p>\n<p>\u201cTenho cobrado empenho especial do nosso pessoal nas respostas \u00e0 Caixa Econ\u00f4mica Federal. Ainda neste semestre, o edital de licita\u00e7\u00e3o dessa obra t\u00e3o importante ser\u00e1 publicado e a empresa vencedora deve iniciar as obras e servi\u00e7os de mais uma etapa de amplia\u00e7\u00e3o do sistema de abastecimento de \u00e1gua em Itabuna\u201d, assegura o Chefe do Executivo municipal.<\/p>\n<p>Castro tamb\u00e9m destaca a contribui\u00e7\u00e3o do ministro-chefe da Casa Civil da Presid\u00eancia da Rep\u00fablica, Rui Costa, que tamb\u00e9m gerencia as a\u00e7\u00f5es do Novo PAC.<\/p>\n<p>\u201cO apoio do ministro Rui Costa foi fundamental para que a proposta t\u00e9cnica de Itabuna do Mais \u00c1gua III fosse aprovada. O munic\u00edpio entrar\u00e1 com contrapartida de pouco mais de R$ 3 milh\u00f5es e assim teremos uma cidade com o fornecimento de \u00e1gua universalizado\u201d, comemora Augusto Castro.<\/p>\n<p>O Projeto Mais \u00c1gua para a Cidade III contar\u00e1 com a constru\u00e7\u00e3o de uma nova Esta\u00e7\u00e3o de Tratamento de \u00c1gua (ETA), um reservat\u00f3rio apoiado, uma esta\u00e7\u00e3o elevat\u00f3ria (EE) e um reservat\u00f3rio principal de distribui\u00e7\u00e3o com capacidade para armazenamento de tr\u00eas milh\u00f5es de litros de \u00e1gua.<\/p>\n<p>&#8212;&#8212;&#8212;&#8212;&#8212;&#8212;&#8212;&#8212;&#8212;&#8212;&#8212;&#8212;&#8212;&#8212;&#8212;&#8212;<\/p>\n<p>Assessoria de Comunica\u00e7\u00e3o Social da EMASA<\/p>\n<p>14\/agosto\/2025.<\/p>\n","protected":false},"excerpt":{"rendered":"<p>O Minist\u00e9rio das Cidades publicou na edi\u00e7\u00e3o de hoje, dia 14, no Di\u00e1rio Oficial da Uni\u00e3o (DOU), a Portaria MCID [&hellip;]<\/p>\n","protected":false},"author":1,"featured_media":3696,"comment_status":"open","ping_status":"open","sticky":false,"template":"","format":"standard","meta":{"nf_dc_page":"","footnotes":""},"categories":[9],"tags":[],"class_list":["post-3695","post","type-post","status-publish","format-standard","has-post-thumbnail","hentry","category-noticias"],"_links":{"self":[{"href":"https:\/\/emasaitabuna.com.br\/new\/wp-json\/wp\/v2\/posts\/3695","targetHints":{"allow":["GET"]}}],"collection":[{"href":"https:\/\/emasaitabuna.com.br\/new\/wp-json\/wp\/v2\/posts"}],"about":[{"href":"https:\/\/emasaitabuna.com.br\/new\/wp-json\/wp\/v2\/types\/post"}],"author":[{"embeddable":true,"href":"https:\/\/emasaitabuna.com.br\/new\/wp-json\/wp\/v2\/users\/1"}],"replies":[{"embeddable":true,"href":"https:\/\/emasaitabuna.com.br\/new\/wp-json\/wp\/v2\/comments?post=3695"}],"version-history":[{"count":2,"href":"https:\/\/emasaitabuna.com.br\/new\/wp-json\/wp\/v2\/posts\/3695\/revisions"}],"predecessor-version":[{"id":3698,"href":"https:\/\/emasaitabuna.com.br\/new\/wp-json\/wp\/v2\/posts\/3695\/revisions\/3698"}],"wp:featuredmedia":[{"embeddable":true,"href":"https:\/\/emasaitabuna.com.br\/new\/wp-json\/wp\/v2\/media\/3696"}],"wp:attachment":[{"href":"https:\/\/emasaitabuna.com.br\/new\/wp-json\/wp\/v2\/media?parent=3695"}],"wp:term":[{"taxonomy":"category","embeddable":true,"href":"https:\/\/emasaitabuna.com.br\/new\/wp-json\/wp\/v2\/categories?post=3695"},{"taxonomy":"post_tag","embeddable":true,"href":"https:\/\/emasaitabuna.com.br\/new\/wp-json\/wp\/v2\/tags?post=3695"}],"curies":[{"name":"wp","href":"https:\/\/api.w.org\/{rel}","templated":true}]}}