{"id":3700,"date":"2025-08-20T19:15:19","date_gmt":"2025-08-20T22:15:19","guid":{"rendered":"https:\/\/emasaitabuna.com.br\/new\/?p=3700"},"modified":"2025-08-23T19:17:02","modified_gmt":"2025-08-23T22:17:02","slug":"pensando-no-futuro-a-emasa-cria-sua-identidade-organizacional","status":"publish","type":"post","link":"https:\/\/emasaitabuna.com.br\/new\/pensando-no-futuro-a-emasa-cria-sua-identidade-organizacional\/","title":{"rendered":"Pensando no futuro, a EMASA cria sua Identidade Organizacional"},"content":{"rendered":"<div id=\"attachment_3701\" style=\"width: 510px\" class=\"wp-caption aligncenter\"><img decoding=\"async\" aria-describedby=\"caption-attachment-3701\" class=\"size-medium wp-image-3701\" src=\"https:\/\/emasaitabuna.com.br\/new\/wp-content\/uploads\/2025\/08\/Pela-primeira-vez-desde-a-sua-criacao-a-EMASA-tera-uma-Identidade-Organizacional-500x375.jpg\" alt=\"\" width=\"500\" height=\"375\" srcset=\"https:\/\/emasaitabuna.com.br\/new\/wp-content\/uploads\/2025\/08\/Pela-primeira-vez-desde-a-sua-criacao-a-EMASA-tera-uma-Identidade-Organizacional-200x150.jpg 200w, https:\/\/emasaitabuna.com.br\/new\/wp-content\/uploads\/2025\/08\/Pela-primeira-vez-desde-a-sua-criacao-a-EMASA-tera-uma-Identidade-Organizacional-300x225.jpg 300w, https:\/\/emasaitabuna.com.br\/new\/wp-content\/uploads\/2025\/08\/Pela-primeira-vez-desde-a-sua-criacao-a-EMASA-tera-uma-Identidade-Organizacional-400x300.jpg 400w, https:\/\/emasaitabuna.com.br\/new\/wp-content\/uploads\/2025\/08\/Pela-primeira-vez-desde-a-sua-criacao-a-EMASA-tera-uma-Identidade-Organizacional-500x375.jpg 500w, https:\/\/emasaitabuna.com.br\/new\/wp-content\/uploads\/2025\/08\/Pela-primeira-vez-desde-a-sua-criacao-a-EMASA-tera-uma-Identidade-Organizacional-600x450.jpg 600w, https:\/\/emasaitabuna.com.br\/new\/wp-content\/uploads\/2025\/08\/Pela-primeira-vez-desde-a-sua-criacao-a-EMASA-tera-uma-Identidade-Organizacional-768x576.jpg 768w, https:\/\/emasaitabuna.com.br\/new\/wp-content\/uploads\/2025\/08\/Pela-primeira-vez-desde-a-sua-criacao-a-EMASA-tera-uma-Identidade-Organizacional-800x600.jpg 800w, https:\/\/emasaitabuna.com.br\/new\/wp-content\/uploads\/2025\/08\/Pela-primeira-vez-desde-a-sua-criacao-a-EMASA-tera-uma-Identidade-Organizacional-1200x900.jpg 1200w, https:\/\/emasaitabuna.com.br\/new\/wp-content\/uploads\/2025\/08\/Pela-primeira-vez-desde-a-sua-criacao-a-EMASA-tera-uma-Identidade-Organizacional-1536x1152.jpg 1536w, https:\/\/emasaitabuna.com.br\/new\/wp-content\/uploads\/2025\/08\/Pela-primeira-vez-desde-a-sua-criacao-a-EMASA-tera-uma-Identidade-Organizacional.jpg 1600w\" sizes=\"(max-width: 500px) 100vw, 500px\" \/><p id=\"caption-attachment-3701\" class=\"wp-caption-text\">Pela primeira vez desde a sua cria\u00e7\u00e3o, a EMASA ter\u00e1 uma Identidade Organizacional.<\/p><\/div>\n<p>O Conselho de Administra\u00e7\u00e3o da Empresa Municipal de \u00c1guas e Saneamento (EMASA) aprovou a Identidade Organizacional da empresa, baseada em Miss\u00e3o, Vis\u00e3o e Valores.<\/p>\n<p>\u201cA consolida\u00e7\u00e3o da Identidade Organizacional \u00e9 uma etapa estrat\u00e9gica para o fortalecimento da cultura corporativa empresarial, alinhamento institucional e direcionamento das nossas pr\u00e1ticas de gest\u00e3o\u201d, explica a assessora da Presid\u00eancia, Josi Alves.<\/p>\n<p>Ainda de acordo com ela, a Identidade Organizacional da EMASA \u00e9 fundamental neste momento de desenvolvimento e reestrutura\u00e7\u00e3o. \u201cMais do que meras frases, esses elementos ser\u00e3o o alicerce de nossa cultura, guiar\u00e3o nossas decis\u00f5es e a\u00e7\u00f5es e fortalecer\u00e3o a conex\u00e3o com nossos colaboradores, usu\u00e1rios e a comunidade\u201d, assegura.<\/p>\n<p>Para o presidente da EMASA, Ivan Maia, a nova Identidade Organizacional da empresa contemplando os pilares de miss\u00e3o, vis\u00e3o e valores institucionais, aponta o compromisso com a cidade e seus cidad\u00e3os.<\/p>\n<p>\u201cEm toda a hist\u00f3ria da EMASA nunca se trabalhou uma Identidade Organizacional. A nossa miss\u00e3o \u00e9 prestar servi\u00e7os de abastecimento de \u00e1gua e esgotamento sanit\u00e1rio em Itabuna, promovendo sa\u00fade, sustentabilidade e qualidade de vida, com efici\u00eancia, \u00e9tica e responsabilidade socioambiental.\u201d, afirma o presidente Ivan Maia.<\/p>\n<p>Ele tamb\u00e9m destaca o pilar valores como forma p\u00fablica e institucional, valores que norteiam as decis\u00f5es, a\u00e7\u00f5es e rela\u00e7\u00f5es. \u201cEsses valores s\u00e3o a base \u00e9tica e estrat\u00e9gica da empresa e refletem sua miss\u00e3o de garantir o acesso universal \u00e0 \u00e1gua pot\u00e1vel e ao esgotamento sanit\u00e1rio, com \u00e9tica, sustentabilidade e promo\u00e7\u00e3o da qualidade de vida\u201d, ressalta.<\/p>\n<p>Por sua vez, a presidente do Conselho de Administra\u00e7\u00e3o da EMASA, S\u00f4nia Fontes, cita a import\u00e2ncia dessa iniciativa da empresa em se organizar e modernizar, alinhada com o Conselho e colocar prioridades.<\/p>\n<p>\u201cElaborar os estudos de Identidade Organizacional da empresa \u00e9 uma marca de responsabilidade, em que a EMASA busca um instrumento legal que possa guiar suas futuras a\u00e7\u00f5es assertivas e construir um novo momento de reputa\u00e7\u00e3o s\u00f3lida\u201d, afirma a presidente do Conselho de Administra\u00e7\u00e3o da EMASA, S\u00f4nia Fontes.<br \/>\n__<\/p>\n<p>Assessoria de Comunica\u00e7\u00e3o Social da EMASA<br \/>\n20\/agosto\/2025.<\/p>\n","protected":false},"excerpt":{"rendered":"<p>O Conselho de Administra\u00e7\u00e3o da Empresa Municipal de \u00c1guas e Saneamento (EMASA) aprovou a Identidade Organizacional da empresa, baseada em [&hellip;]<\/p>\n","protected":false},"author":1,"featured_media":3701,"comment_status":"open","ping_status":"open","sticky":false,"template":"","format":"standard","meta":{"nf_dc_page":"","footnotes":""},"categories":[9],"tags":[],"class_list":["post-3700","post","type-post","status-publish","format-standard","has-post-thumbnail","hentry","category-noticias"],"_links":{"self":[{"href":"https:\/\/emasaitabuna.com.br\/new\/wp-json\/wp\/v2\/posts\/3700","targetHints":{"allow":["GET"]}}],"collection":[{"href":"https:\/\/emasaitabuna.com.br\/new\/wp-json\/wp\/v2\/posts"}],"about":[{"href":"https:\/\/emasaitabuna.com.br\/new\/wp-json\/wp\/v2\/types\/post"}],"author":[{"embeddable":true,"href":"https:\/\/emasaitabuna.com.br\/new\/wp-json\/wp\/v2\/users\/1"}],"replies":[{"embeddable":true,"href":"https:\/\/emasaitabuna.com.br\/new\/wp-json\/wp\/v2\/comments?post=3700"}],"version-history":[{"count":1,"href":"https:\/\/emasaitabuna.com.br\/new\/wp-json\/wp\/v2\/posts\/3700\/revisions"}],"predecessor-version":[{"id":3702,"href":"https:\/\/emasaitabuna.com.br\/new\/wp-json\/wp\/v2\/posts\/3700\/revisions\/3702"}],"wp:featuredmedia":[{"embeddable":true,"href":"https:\/\/emasaitabuna.com.br\/new\/wp-json\/wp\/v2\/media\/3701"}],"wp:attachment":[{"href":"https:\/\/emasaitabuna.com.br\/new\/wp-json\/wp\/v2\/media?parent=3700"}],"wp:term":[{"taxonomy":"category","embeddable":true,"href":"https:\/\/emasaitabuna.com.br\/new\/wp-json\/wp\/v2\/categories?post=3700"},{"taxonomy":"post_tag","embeddable":true,"href":"https:\/\/emasaitabuna.com.br\/new\/wp-json\/wp\/v2\/tags?post=3700"}],"curies":[{"name":"wp","href":"https:\/\/api.w.org\/{rel}","templated":true}]}}