{"id":3703,"date":"2025-08-22T19:17:37","date_gmt":"2025-08-22T22:17:37","guid":{"rendered":"https:\/\/emasaitabuna.com.br\/new\/?p=3703"},"modified":"2025-08-23T19:18:10","modified_gmt":"2025-08-23T22:18:10","slug":"direcao-da-emasa-questiona-sindae-pela-decisao-de-paralisar-atividades-dos-trabalhadores-da-empresa","status":"publish","type":"post","link":"https:\/\/emasaitabuna.com.br\/new\/direcao-da-emasa-questiona-sindae-pela-decisao-de-paralisar-atividades-dos-trabalhadores-da-empresa\/","title":{"rendered":"Dire\u00e7\u00e3o da EMASA questiona SINDAE pela decis\u00e3o de paralisar atividades dos trabalhadores da empresa"},"content":{"rendered":"<p>A dire\u00e7\u00e3o da Empresa Municipal de \u00c1guas e Saneamento (EMASA) tomou como surpresa a decis\u00e3o do Sindicato dos Trabalhadores em \u00c1gua, Esgoto e Meio Ambiente no Estado da Bahia (SINDAE) que, em assembleia geral extraordin\u00e1ria realizada na \u00faltima quinta-feira, dia 21, na Esta\u00e7\u00e3o Tratamento de \u00c1gua (ETA), no S\u00e3o Louren\u00e7o, resolveu pela paralisa\u00e7\u00e3o de 24 horas das atividades da empresa.<\/p>\n<p>Em nota publicada no seu portal, a entidade sindical alega de forma equivocada e faltando com a verdade, que nos \u00faltimos meses a EMASA vem sendo sucateada para uma poss\u00edvel privatiza\u00e7\u00e3o.<\/p>\n<p>Para o presidente da EMASA, Ivan Maia, em nenhum momento foi cogitada a privatiza\u00e7\u00e3o da EMASA. \u201cIsto jamais foi cogitado, a privatiza\u00e7\u00e3o da EMASA. O que o munic\u00edpio est\u00e1 fazendo de forma transparente perante toda a sociedade \u00e9 colocar os estudos realizados para buscar o melhor caminho para novos investimentos que possam resolver a quest\u00e3o do tratamento de esgoto de Itabuna e a revitaliza\u00e7\u00e3o ambiental do Rio Cachoeira\u201d, afirmou.<\/p>\n<p>Ele assegurou que n\u00e3o haver\u00e1 preju\u00edzos e desemprego para os colaboradores da EMASA em qualquer decis\u00e3o que futuramente venha a ser tomada e contestou a falsa afirma\u00e7\u00e3o do sindicato de sucateamento da empresa.<\/p>\n<p>\u201cSeja qual for o caminho apontado pelos estudos, nenhum funcion\u00e1rio da EMASA ser\u00e1 prejudicado. Uma coisa \u00e9 certa: a empresa n\u00e3o ser\u00e1 privatizada, porque \u00e9 um patrim\u00f4nio de Itabuna e os colaboradores ter\u00e3o seus direitos assegurados. Al\u00e9m do mais, foram investidos mais de R$ 30 milh\u00f5es na empresa. Portanto, onde est\u00e1 o tal sucateamento?\u201d, questionou o presidente.<\/p>\n<p>Na assembleia realizada pelo SINDAE, al\u00e9m da paralisa\u00e7\u00e3o, anunciada para o pr\u00f3ximo dia 26, ficou definida a realiza\u00e7\u00e3o de um protesto na Pra\u00e7a Jos\u00e9 Bastos contra a elabora\u00e7\u00e3o do Plano Municipal de Saneamento B\u00e1sico (PMSB), cuja primeira oficina ser\u00e1 realizada pela Prefeitura de Itabuna, atrav\u00e9s da Secretaria de Infraestrutura e Urbanismo (SIURB), naquela data \u00e0s 14 horas na UNEX.<\/p>\n<p>O presidente Ivan Maia fez nova contesta\u00e7\u00e3o sobre a posi\u00e7\u00e3o do SINDAE, j\u00e1 que o PMSB \u00e9 de responsabilidade da Prefeitura e atende \u00e0 determina\u00e7\u00e3o da Lei n\u00ba 11.445\/2007, regulamentada pelo Decreto 7.217\/2010, estabelecendo que todos os munic\u00edpios brasileiros devem elaborar um Plano Municipal de Saneamento B\u00e1sico para garantir o acesso pleno da popula\u00e7\u00e3o aos servi\u00e7os de saneamento b\u00e1sico.<\/p>\n<p>\u201cBeira o absurdo, o sindicato protestar contra uma Lei Federal uma vez que escolheu o dia em que a Prefeitura realizar\u00e1 as discuss\u00f5es com a comunidade sobre o PMSB para protestar. Os dirigentes do SINDAE, poderiam participar da Oficina do PMSB e contribuir com boas sugest\u00f5es. A dire\u00e7\u00e3o da EMASA prioriza o di\u00e1logo e trabalha para encontrar o melhor caminho que leve ao saneamento total de Itabuna\u201d, real\u00e7ou. <\/p>\n<p>Ivan Maia disse ainda que respeita o papel do sindicato, mas que qualquer medida que venha prejudicar a EMASA e, principalmente, os servi\u00e7os essenciais prestados \u00e0 comunidade ser\u00e3o questionados dentro do que estabelece a Justi\u00e7a.<\/p>\n<p>&#8212;&#8212;&#8212;<br \/>\nAssessoria de Comunica\u00e7\u00e3o Social da EMASA<br \/>\n22\/agosto\/2025.<\/p>\n","protected":false},"excerpt":{"rendered":"<p>A dire\u00e7\u00e3o da Empresa Municipal de \u00c1guas e Saneamento (EMASA) tomou como surpresa a decis\u00e3o do Sindicato dos Trabalhadores em [&hellip;]<\/p>\n","protected":false},"author":1,"featured_media":3701,"comment_status":"open","ping_status":"open","sticky":false,"template":"","format":"standard","meta":{"nf_dc_page":"","footnotes":""},"categories":[9],"tags":[],"class_list":["post-3703","post","type-post","status-publish","format-standard","has-post-thumbnail","hentry","category-noticias"],"_links":{"self":[{"href":"https:\/\/emasaitabuna.com.br\/new\/wp-json\/wp\/v2\/posts\/3703","targetHints":{"allow":["GET"]}}],"collection":[{"href":"https:\/\/emasaitabuna.com.br\/new\/wp-json\/wp\/v2\/posts"}],"about":[{"href":"https:\/\/emasaitabuna.com.br\/new\/wp-json\/wp\/v2\/types\/post"}],"author":[{"embeddable":true,"href":"https:\/\/emasaitabuna.com.br\/new\/wp-json\/wp\/v2\/users\/1"}],"replies":[{"embeddable":true,"href":"https:\/\/emasaitabuna.com.br\/new\/wp-json\/wp\/v2\/comments?post=3703"}],"version-history":[{"count":1,"href":"https:\/\/emasaitabuna.com.br\/new\/wp-json\/wp\/v2\/posts\/3703\/revisions"}],"predecessor-version":[{"id":3704,"href":"https:\/\/emasaitabuna.com.br\/new\/wp-json\/wp\/v2\/posts\/3703\/revisions\/3704"}],"wp:featuredmedia":[{"embeddable":true,"href":"https:\/\/emasaitabuna.com.br\/new\/wp-json\/wp\/v2\/media\/3701"}],"wp:attachment":[{"href":"https:\/\/emasaitabuna.com.br\/new\/wp-json\/wp\/v2\/media?parent=3703"}],"wp:term":[{"taxonomy":"category","embeddable":true,"href":"https:\/\/emasaitabuna.com.br\/new\/wp-json\/wp\/v2\/categories?post=3703"},{"taxonomy":"post_tag","embeddable":true,"href":"https:\/\/emasaitabuna.com.br\/new\/wp-json\/wp\/v2\/tags?post=3703"}],"curies":[{"name":"wp","href":"https:\/\/api.w.org\/{rel}","templated":true}]}}