{"id":3705,"date":"2025-08-22T19:18:43","date_gmt":"2025-08-22T22:18:43","guid":{"rendered":"https:\/\/emasaitabuna.com.br\/new\/?p=3705"},"modified":"2025-08-23T19:38:49","modified_gmt":"2025-08-23T22:38:49","slug":"emasa-conclui-conserto-em-rede-adutora-no-bairro-sao-roque-e-abastecimento-de-agua-sera-retomado-gradativamente","status":"publish","type":"post","link":"https:\/\/emasaitabuna.com.br\/new\/emasa-conclui-conserto-em-rede-adutora-no-bairro-sao-roque-e-abastecimento-de-agua-sera-retomado-gradativamente\/","title":{"rendered":"EMASA conclui conserto em rede adutora no bairro S\u00e3o Roque e abastecimento de \u00e1gua ser\u00e1 retomado gradativamente"},"content":{"rendered":"<div id=\"attachment_3706\" style=\"width: 510px\" class=\"wp-caption aligncenter\"><img decoding=\"async\" aria-describedby=\"caption-attachment-3706\" class=\"size-medium wp-image-3706\" src=\"https:\/\/emasaitabuna.com.br\/new\/wp-content\/uploads\/2025\/08\/Operarios-da-EMASA-concluiram-conserto-de-rede-adutora-no-Sao-Roque-e-abastecimento-de-agua-sera-retomado-gradativamente-500x333.jpg\" alt=\"\" width=\"500\" height=\"333\" srcset=\"https:\/\/emasaitabuna.com.br\/new\/wp-content\/uploads\/2025\/08\/Operarios-da-EMASA-concluiram-conserto-de-rede-adutora-no-Sao-Roque-e-abastecimento-de-agua-sera-retomado-gradativamente-200x133.jpg 200w, https:\/\/emasaitabuna.com.br\/new\/wp-content\/uploads\/2025\/08\/Operarios-da-EMASA-concluiram-conserto-de-rede-adutora-no-Sao-Roque-e-abastecimento-de-agua-sera-retomado-gradativamente-300x200.jpg 300w, https:\/\/emasaitabuna.com.br\/new\/wp-content\/uploads\/2025\/08\/Operarios-da-EMASA-concluiram-conserto-de-rede-adutora-no-Sao-Roque-e-abastecimento-de-agua-sera-retomado-gradativamente-400x267.jpg 400w, https:\/\/emasaitabuna.com.br\/new\/wp-content\/uploads\/2025\/08\/Operarios-da-EMASA-concluiram-conserto-de-rede-adutora-no-Sao-Roque-e-abastecimento-de-agua-sera-retomado-gradativamente-500x333.jpg 500w, https:\/\/emasaitabuna.com.br\/new\/wp-content\/uploads\/2025\/08\/Operarios-da-EMASA-concluiram-conserto-de-rede-adutora-no-Sao-Roque-e-abastecimento-de-agua-sera-retomado-gradativamente-600x400.jpg 600w, https:\/\/emasaitabuna.com.br\/new\/wp-content\/uploads\/2025\/08\/Operarios-da-EMASA-concluiram-conserto-de-rede-adutora-no-Sao-Roque-e-abastecimento-de-agua-sera-retomado-gradativamente-768x512.jpg 768w, https:\/\/emasaitabuna.com.br\/new\/wp-content\/uploads\/2025\/08\/Operarios-da-EMASA-concluiram-conserto-de-rede-adutora-no-Sao-Roque-e-abastecimento-de-agua-sera-retomado-gradativamente-800x533.jpg 800w, https:\/\/emasaitabuna.com.br\/new\/wp-content\/uploads\/2025\/08\/Operarios-da-EMASA-concluiram-conserto-de-rede-adutora-no-Sao-Roque-e-abastecimento-de-agua-sera-retomado-gradativamente-1200x800.jpg 1200w, https:\/\/emasaitabuna.com.br\/new\/wp-content\/uploads\/2025\/08\/Operarios-da-EMASA-concluiram-conserto-de-rede-adutora-no-Sao-Roque-e-abastecimento-de-agua-sera-retomado-gradativamente-1536x1023.jpg 1536w, https:\/\/emasaitabuna.com.br\/new\/wp-content\/uploads\/2025\/08\/Operarios-da-EMASA-concluiram-conserto-de-rede-adutora-no-Sao-Roque-e-abastecimento-de-agua-sera-retomado-gradativamente.jpg 1600w\" sizes=\"(max-width: 500px) 100vw, 500px\" \/><p id=\"caption-attachment-3706\" class=\"wp-caption-text\">Oper\u00e1rios da EMASA conclu\u00edram conserto de rede adutora, no S\u00e3o Roque e abastecimento de \u00e1gua ser\u00e1 retomado gradativamente.<\/p><\/div>\n<p>Depois de entrar pelas primeiras horas da noite de hoje, dia 22, oper\u00e1rios da EMASA, conclu\u00edram o reparo da rede adutora de 300 mil\u00edmetros, que rompeu na Rua Independ\u00eancia, no bairro S\u00e3o Roque.<\/p>\n<p>O servi\u00e7o de reparo foi iniciado nas primeiras horas do dia. Devido a localiza\u00e7\u00e3o da tubula\u00e7\u00e3o, instalada<br \/>\nsob um pr\u00e9dio de apartamentos, o trabalho de recupera\u00e7\u00e3o demandou cuidados extras e seguran\u00e7a.<\/p>\n<p>O gerente t\u00e9cnico da Empresa Municipal de \u00c1guas e Saneamento (EMASA), Jo\u00e3o Bittencourt, lembrou que a edifica\u00e7\u00e3o foi erguida sob a rede em uma \u00e9poca quando o bairro ainda estava sendo constitu\u00eddo.<\/p>\n<p>\u201cEssa rede \u00e9 muito antiga, uma das mais velhas da cidade, nos pr\u00f3ximos meses, vamos realizar o desvio dessa adutora, porque pode ocorrer um novo rompimento em outro trecho que n\u00e3o seja poss\u00edvel realizar interven\u00e7\u00f5es\u201d, disse Bittencourt.<\/p>\n<p>Em contato com Jo\u00e3o Bittencourt, o presidente da EMASA, Ivan Maia, agradeceu o empenho e a dedica\u00e7\u00e3o dos colaboradores que atuaram no concerto da rede adutora.<\/p>\n<p>\u201cTransmita para toda a equipe meus agradecimentos, em nome da diretoria. O comprometimento dos nossos colaboradores em atender os nossos usu\u00e1rios \u00e9 motivo de orgulho\u201d, atestou Ivan Mais.<\/p>\n<p>Com a conclus\u00e3o dos reparos o abastecimento para os bairros S\u00e3o Roque, Santa In\u00eas, Novo Horizonte, Corbiniano Freire, Parque S\u00e3o Jo\u00e3o, Alto do Pontalzinho, Cast\u00e1lia e Alto Maron. Al\u00e9m dos condom\u00ednios residenciais Pedro Fontes I e II e Itabuna Park, ser\u00e1 retomados de forma gradativa.<\/p>\n<p>\u2014&#8212;-<br \/>\nAssessoria de Comunica\u00e7\u00e3o Social da EMASA.<br \/>\n22\/agosto\/2025.<\/p>\n","protected":false},"excerpt":{"rendered":"<p>Depois de entrar pelas primeiras horas da noite de hoje, dia 22, oper\u00e1rios da EMASA, conclu\u00edram o reparo da rede [&hellip;]<\/p>\n","protected":false},"author":1,"featured_media":3706,"comment_status":"open","ping_status":"open","sticky":false,"template":"","format":"standard","meta":{"nf_dc_page":"","footnotes":""},"categories":[9],"tags":[],"class_list":["post-3705","post","type-post","status-publish","format-standard","has-post-thumbnail","hentry","category-noticias"],"_links":{"self":[{"href":"https:\/\/emasaitabuna.com.br\/new\/wp-json\/wp\/v2\/posts\/3705","targetHints":{"allow":["GET"]}}],"collection":[{"href":"https:\/\/emasaitabuna.com.br\/new\/wp-json\/wp\/v2\/posts"}],"about":[{"href":"https:\/\/emasaitabuna.com.br\/new\/wp-json\/wp\/v2\/types\/post"}],"author":[{"embeddable":true,"href":"https:\/\/emasaitabuna.com.br\/new\/wp-json\/wp\/v2\/users\/1"}],"replies":[{"embeddable":true,"href":"https:\/\/emasaitabuna.com.br\/new\/wp-json\/wp\/v2\/comments?post=3705"}],"version-history":[{"count":1,"href":"https:\/\/emasaitabuna.com.br\/new\/wp-json\/wp\/v2\/posts\/3705\/revisions"}],"predecessor-version":[{"id":3707,"href":"https:\/\/emasaitabuna.com.br\/new\/wp-json\/wp\/v2\/posts\/3705\/revisions\/3707"}],"wp:featuredmedia":[{"embeddable":true,"href":"https:\/\/emasaitabuna.com.br\/new\/wp-json\/wp\/v2\/media\/3706"}],"wp:attachment":[{"href":"https:\/\/emasaitabuna.com.br\/new\/wp-json\/wp\/v2\/media?parent=3705"}],"wp:term":[{"taxonomy":"category","embeddable":true,"href":"https:\/\/emasaitabuna.com.br\/new\/wp-json\/wp\/v2\/categories?post=3705"},{"taxonomy":"post_tag","embeddable":true,"href":"https:\/\/emasaitabuna.com.br\/new\/wp-json\/wp\/v2\/tags?post=3705"}],"curies":[{"name":"wp","href":"https:\/\/api.w.org\/{rel}","templated":true}]}}