{"id":3713,"date":"2025-08-25T10:35:34","date_gmt":"2025-08-25T13:35:34","guid":{"rendered":"https:\/\/emasaitabuna.com.br\/new\/?p=3713"},"modified":"2025-08-25T10:36:49","modified_gmt":"2025-08-25T13:36:49","slug":"justica-concede-liminar-a-emasa-e-impede-paralisacao-anunciada-pelo-sindae","status":"publish","type":"post","link":"https:\/\/emasaitabuna.com.br\/new\/justica-concede-liminar-a-emasa-e-impede-paralisacao-anunciada-pelo-sindae\/","title":{"rendered":"Justi\u00e7a concede liminar \u00e0 EMASA e impede paralisa\u00e7\u00e3o anunciada pelo SINDAE"},"content":{"rendered":"<p><img decoding=\"async\" class=\"aligncenter size-medium wp-image-3715\" src=\"https:\/\/emasaitabuna.com.br\/new\/wp-content\/uploads\/2025\/08\/IMG-20250825-WA0001-500x333.jpg\" alt=\"\" width=\"500\" height=\"333\" srcset=\"https:\/\/emasaitabuna.com.br\/new\/wp-content\/uploads\/2025\/08\/IMG-20250825-WA0001-200x133.jpg 200w, https:\/\/emasaitabuna.com.br\/new\/wp-content\/uploads\/2025\/08\/IMG-20250825-WA0001-300x200.jpg 300w, https:\/\/emasaitabuna.com.br\/new\/wp-content\/uploads\/2025\/08\/IMG-20250825-WA0001-400x266.jpg 400w, https:\/\/emasaitabuna.com.br\/new\/wp-content\/uploads\/2025\/08\/IMG-20250825-WA0001-500x333.jpg 500w, https:\/\/emasaitabuna.com.br\/new\/wp-content\/uploads\/2025\/08\/IMG-20250825-WA0001-600x399.jpg 600w, https:\/\/emasaitabuna.com.br\/new\/wp-content\/uploads\/2025\/08\/IMG-20250825-WA0001-768x511.jpg 768w, https:\/\/emasaitabuna.com.br\/new\/wp-content\/uploads\/2025\/08\/IMG-20250825-WA0001-800x533.jpg 800w, https:\/\/emasaitabuna.com.br\/new\/wp-content\/uploads\/2025\/08\/IMG-20250825-WA0001-1200x799.jpg 1200w, https:\/\/emasaitabuna.com.br\/new\/wp-content\/uploads\/2025\/08\/IMG-20250825-WA0001.jpg 1280w\" sizes=\"(max-width: 500px) 100vw, 500px\" \/><\/p>\n<p>A Justi\u00e7a do Trabalho da 5\u00aa Regi\u00e3o concedeu, neste domingo (24), uma liminar em favor da Empresa Municipal de \u00c1guas e Saneamento (EMASA), determinando que o Sindicato dos Trabalhadores em \u00c1gua, Esgoto e Meio Ambiente da Bahia (SINDAE) se abstenha de realizar a paralisa\u00e7\u00e3o de 24 horas anunciada para o pr\u00f3ximo dia 26 de agosto em Itabuna. A decis\u00e3o tem efeito imediato e prev\u00ea multa di\u00e1ria de R$ 100 mil em caso de descumprimento.<\/p>\n<p>Na decis\u00e3o, o Tribunal considerou que o comunicado divulgado pelo sindicato n\u00e3o se refere a reivindica\u00e7\u00f5es de melhorias nas condi\u00e7\u00f5es de trabalho, mas sim a uma suposta amea\u00e7a de privatiza\u00e7\u00e3o da empresa. O desembargador respons\u00e1vel destacou que n\u00e3o h\u00e1 nenhum processo em curso de privatiza\u00e7\u00e3o da EMASA, o que torna a justificativa da paralisa\u00e7\u00e3o sem fundamento legal.<\/p>\n<p>O presidente da EMASA, Ivan Maia, refor\u00e7ou a informa\u00e7\u00e3o. \u201cN\u00e3o existe qualquer discuss\u00e3o ou medida em andamento para privatizar a EMASA. Nosso foco \u00e9 fortalecer a empresa, garantir o abastecimento da popula\u00e7\u00e3o e valorizar nossos trabalhadores\u201d, afirmou.<\/p>\n<p>A dire\u00e7\u00e3o da empresa tamb\u00e9m destacou que a Oficina de elabora\u00e7\u00e3o do Plano Municipal de Saneamento, mencionada em cr\u00edticas pelo sindicato, \u00e9 uma iniciativa do munic\u00edpio que atende \u00e0 Lei Federal n\u00ba 11.445\/2007, regulamentada pelo Decreto n\u00ba 7.217\/2010, e n\u00e3o est\u00e1 vinculada a qualquer processo de concess\u00e3o ou privatiza\u00e7\u00e3o.<\/p>\n<p>Com a decis\u00e3o, o funcionamento da EMASA segue normalmente, assegurando que a popula\u00e7\u00e3o de Itabuna n\u00e3o sofra preju\u00edzos no fornecimento de \u00e1gua e nos servi\u00e7os de saneamento durante o per\u00edodo anunciado para a paralisa\u00e7\u00e3o.<\/p>\n<p>___<\/p>\n<p>Assessoria de Comunica\u00e7\u00e3o da EMASA<\/p>\n<p>25\/agosto\/2025<\/p>\n","protected":false},"excerpt":{"rendered":"<p>A Justi\u00e7a do Trabalho da 5\u00aa Regi\u00e3o concedeu, neste domingo (24), uma liminar em favor da Empresa Municipal de \u00c1guas [&hellip;]<\/p>\n","protected":false},"author":1,"featured_media":0,"comment_status":"open","ping_status":"open","sticky":false,"template":"","format":"standard","meta":{"nf_dc_page":"","footnotes":""},"categories":[9],"tags":[],"class_list":["post-3713","post","type-post","status-publish","format-standard","hentry","category-noticias"],"_links":{"self":[{"href":"https:\/\/emasaitabuna.com.br\/new\/wp-json\/wp\/v2\/posts\/3713","targetHints":{"allow":["GET"]}}],"collection":[{"href":"https:\/\/emasaitabuna.com.br\/new\/wp-json\/wp\/v2\/posts"}],"about":[{"href":"https:\/\/emasaitabuna.com.br\/new\/wp-json\/wp\/v2\/types\/post"}],"author":[{"embeddable":true,"href":"https:\/\/emasaitabuna.com.br\/new\/wp-json\/wp\/v2\/users\/1"}],"replies":[{"embeddable":true,"href":"https:\/\/emasaitabuna.com.br\/new\/wp-json\/wp\/v2\/comments?post=3713"}],"version-history":[{"count":2,"href":"https:\/\/emasaitabuna.com.br\/new\/wp-json\/wp\/v2\/posts\/3713\/revisions"}],"predecessor-version":[{"id":3716,"href":"https:\/\/emasaitabuna.com.br\/new\/wp-json\/wp\/v2\/posts\/3713\/revisions\/3716"}],"wp:attachment":[{"href":"https:\/\/emasaitabuna.com.br\/new\/wp-json\/wp\/v2\/media?parent=3713"}],"wp:term":[{"taxonomy":"category","embeddable":true,"href":"https:\/\/emasaitabuna.com.br\/new\/wp-json\/wp\/v2\/categories?post=3713"},{"taxonomy":"post_tag","embeddable":true,"href":"https:\/\/emasaitabuna.com.br\/new\/wp-json\/wp\/v2\/tags?post=3713"}],"curies":[{"name":"wp","href":"https:\/\/api.w.org\/{rel}","templated":true}]}}