{"id":3727,"date":"2025-08-27T12:51:11","date_gmt":"2025-08-27T15:51:11","guid":{"rendered":"https:\/\/emasaitabuna.com.br\/new\/?p=3727"},"modified":"2025-08-27T12:54:37","modified_gmt":"2025-08-27T15:54:37","slug":"emasa-36-anos-passado-de-conquistas-presente-de-transformacao-e-futuro-de-desenvolvimento","status":"publish","type":"post","link":"https:\/\/emasaitabuna.com.br\/new\/emasa-36-anos-passado-de-conquistas-presente-de-transformacao-e-futuro-de-desenvolvimento\/","title":{"rendered":"Emasa 36 anos: passado de conquistas, presente de transforma\u00e7\u00e3o e futuro de desenvolvimento"},"content":{"rendered":"<p>Por Ivan Maia<br \/>\nPresidente da Empresa Municipal de \u00c1guas e Saneamento de Itabuna (EMASA)<br \/>\nBacharel em Administra\u00e7\u00e3o e Direito; P\u00f3s-Graduado em Direito P\u00fablico e Direito Administrativo<\/p>\n<p>No pr\u00f3ximo dia 28 de agosto, a Empresa Municipal de \u00c1guas e Saneamento de Itabuna (Emasa) completa 36 anos de<img decoding=\"async\" class=\"alignright size-medium wp-image-3728\" src=\"https:\/\/emasaitabuna.com.br\/new\/wp-content\/uploads\/2025\/08\/IVAN-333x500.jpg\" alt=\"\" width=\"333\" height=\"500\" srcset=\"https:\/\/emasaitabuna.com.br\/new\/wp-content\/uploads\/2025\/08\/IVAN-200x300.jpg 200w, https:\/\/emasaitabuna.com.br\/new\/wp-content\/uploads\/2025\/08\/IVAN-333x500.jpg 333w, https:\/\/emasaitabuna.com.br\/new\/wp-content\/uploads\/2025\/08\/IVAN-400x600.jpg 400w, https:\/\/emasaitabuna.com.br\/new\/wp-content\/uploads\/2025\/08\/IVAN-600x900.jpg 600w, https:\/\/emasaitabuna.com.br\/new\/wp-content\/uploads\/2025\/08\/IVAN-768x1152.jpg 768w, https:\/\/emasaitabuna.com.br\/new\/wp-content\/uploads\/2025\/08\/IVAN-800x1200.jpg 800w, https:\/\/emasaitabuna.com.br\/new\/wp-content\/uploads\/2025\/08\/IVAN-1024x1536.jpg 1024w, https:\/\/emasaitabuna.com.br\/new\/wp-content\/uploads\/2025\/08\/IVAN.jpg 1066w\" sizes=\"(max-width: 333px) 100vw, 333px\" \/> funda\u00e7\u00e3o. \u00c9 com imensa satisfa\u00e7\u00e3o e orgulho que, como presidente desta institui\u00e7\u00e3o, celebro essa data emblem\u00e1tica, que marca n\u00e3o apenas o passar do tempo, mas uma trajet\u00f3ria de dedica\u00e7\u00e3o incans\u00e1vel ao bem-estar da nossa comunidade. Fundada no ano de 1989, hoje, mais do que nunca, reafirma seu papel como pilar fundamental para o desenvolvimento sustent\u00e1vel de Itabuna.<br \/>\nQuando olhamos para tr\u00e1s, recordamos uma Itabuna onde o acesso \u00e0 \u00e1gua era prec\u00e1rio e irregular, impactando a qualidade de vida e o crescimento econ\u00f4mico. Gra\u00e7as ao Mais \u00c1gua, fruto da coragem e ousadia do prefeito Augusto Castro (PSD) e realizado com o fundamental apoio do governador do Estado Jer\u00f4nimo Rodrigues (PT), mudamos essa realidade, com \u00e1gua de qualidade distribu\u00edda todos os dias.<\/p>\n<p>Ind\u00fastrias, com\u00e9rcios e resid\u00eancias florescem quando contam com um suprimento confi\u00e1vel de \u00e1gua, gerando empregos, atraindo investimentos e fomentando o ciclo virtuoso da prosperidade. A atual fase da Emasa est\u00e1 intrinsecamente ligada ao progresso econ\u00f4mico de Itabuna. Somos o motor invis\u00edvel que impulsiona o agroneg\u00f3cio cacaueiro, os setores de servi\u00e7os e industrial e o turismo emergente, garantindo que nossa cidade se posicione como um polo regional atrativo e competitivo.<\/p>\n<p>Essa transforma\u00e7\u00e3o se alinha perfeitamente aos feitos hist\u00f3ricos recentes da administra\u00e7\u00e3o municipal, sob a lideran\u00e7a do prefeito Augusto Castro, que marcou a primeira reelei\u00e7\u00e3o na hist\u00f3ria de Itabuna, refletindo a confian\u00e7a da popula\u00e7\u00e3o em uma gest\u00e3o comprometida com o progresso.<\/p>\n<p>Projetos emblem\u00e1ticos como o novo aeroporto de Itabuna, que avan\u00e7a de forma acelerada, prometem elevar nossa conectividade a\u00e9rea. Da mesma forma, as duplica\u00e7\u00f5es de rodovias, como a BR-415 entre Nova Itabuna e Nova Ferradas, a BR-101 na zona urbana, e a constru\u00e7\u00e3o da BA-649 ligando Itabuna \u00e0 Ilh\u00e9us melhoram a log\u00edstica regional, facilitando o escoamento de produtos e impulsionando a economia. Esses avan\u00e7os em mobilidade urbana e intermunicipal, sob a coordena\u00e7\u00e3o da excepcional secret\u00e1ria de Infraestrutura e Urbanismo, S\u00f4nia Fontes, ampliam o potencial econ\u00f4mico. Esses empreendimentos n\u00e3o s\u00f3 fomentar\u00e3o o turismo e o com\u00e9rcio, mas tamb\u00e9m demandar\u00e3o uma infraestrutura de saneamento robusta para suportar o influxo de visitantes e investimentos, \u00e1rea onde a Emasa se destaca como parceira essencial.<\/p>\n<p>Outro marco importante \u00e9 a cria\u00e7\u00e3o da Regi\u00e3o Metropolitana do Sul da Bahia, uma iniciativa defendida pelo prefeito Augusto Castro desde sua \u00e9poca como deputado estadual. Essa integra\u00e7\u00e3o de munic\u00edpios fomentar\u00e1 parcerias em \u00e1reas importantes como o saneamento, fortalecendo a posi\u00e7\u00e3o de Itabuna como centro regional. A Emasa, com sua expertise, ser\u00e1 vital para harmonizar os servi\u00e7os de \u00e1gua e esgoto nessa nova configura\u00e7\u00e3o metropolitana, promovendo equidade e desenvolvimento compartilhado.<\/p>\n<p>No entanto, reconhecemos que os desafios persistem, especialmente no \u00e2mbito do esgotamento sanit\u00e1rio. Ainda enfrentamos o imperativo de expandir a rede de coleta e tratamento de esgoto. Esse \u00e9 um grande obst\u00e1culo, mas tamb\u00e9m uma oportunidade para demonstrarmos resili\u00eancia e vis\u00e3o estrat\u00e9gica.<\/p>\n<p>A polui\u00e7\u00e3o de rios como o Cachoeira e o impacto ambiental decorrente da falta de saneamento adequado afetam n\u00e3o s\u00f3 o meio ambiente, mas tamb\u00e9m a sa\u00fade da popula\u00e7\u00e3o e o potencial econ\u00f4mico do munic\u00edpio.<br \/>\n\u00c9 aqui que exaltamos a compet\u00eancia t\u00e9cnica e o esfor\u00e7o incans\u00e1vel de nossos empregados que, dia ap\u00f3s dia, superam adversidades com efici\u00eancia, maestria e compromisso. S\u00e3o eles os verdadeiros her\u00f3is dessa jornada, aplicando conhecimentos especializados para otimizar recursos, implementar solu\u00e7\u00f5es inovadoras e garantir a efici\u00eancia operacional. Seu empenho n\u00e3o \u00e9 apenas um dever funcional, mas uma paix\u00e3o pelo servi\u00e7o p\u00fablico que inspira a todos n\u00f3s.<\/p>\n<p>Olhando para o futuro, a Emasa se posiciona como pe\u00e7a-chave nos projetos que moldar\u00e3o o amanh\u00e3 de Itabuna. No momento em que o munic\u00edpio est\u00e1 atualizando o Plano Municipal de Saneamento B\u00e1sico, instrumento essencial que identificar\u00e1 alternativas vi\u00e1veis para investimentos direcionados \u00e0 universaliza\u00e7\u00e3o dos servi\u00e7os prestados. Esse plano, alinhado \u00e0 legisla\u00e7\u00e3o federal e \u00e0s demandas locais, pavimentar\u00e1 o caminho para parcerias, capta\u00e7\u00e3o de recursos e a ado\u00e7\u00e3o de tecnologias sustent\u00e1veis.<\/p>\n<p>A Emasa, com sua destreza t\u00e9cnica acumulada, ser\u00e1 protagonista nessa iniciativa, contribuindo para metas ambiciosas como a cobertura integral do esgotamento sanit\u00e1rio at\u00e9 2033, conforme as diretrizes do Marco Legal do Saneamento. Esses esfor\u00e7os n\u00e3o s\u00f3 resolver\u00e3o pend\u00eancias hist\u00f3ricas, mas tamb\u00e9m impulsionar\u00e3o o desenvolvimento econ\u00f4mico, criando empregos na constru\u00e7\u00e3o civil, melhorando os indicadores na sa\u00fade e educa\u00e7\u00e3o, contribuindo para a atratividade para novos empreendimentos e promovendo a sustentabilidade ambiental \u2013 elementos cruciais para uma Itabuna mais pr\u00f3spera e inclusiva.<\/p>\n<p>Em nome de toda a equipe da Emasa, agrade\u00e7o \u00e0 popula\u00e7\u00e3o de Itabuna pela confian\u00e7a depositada em n\u00f3s ao longo desses 36 anos. Convido a todos a celebrarem conosco essa data, reafirmando nosso compromisso com um futuro onde o saneamento seja sin\u00f4nimo de equidade e progresso. Juntos, continuaremos a transformar desafios em conquistas, garantindo que nossa cidade avance com \u00e1gua limpa, esgoto tratado e esperan\u00e7a renovada.<br \/>\nParab\u00e9ns, Emasa! Parab\u00e9ns, Itabuna!<\/p>\n","protected":false},"excerpt":{"rendered":"<p>Por Ivan Maia Presidente da Empresa Municipal de \u00c1guas e Saneamento de Itabuna (EMASA) Bacharel em Administra\u00e7\u00e3o e Direito; P\u00f3s-Graduado [&hellip;]<\/p>\n","protected":false},"author":1,"featured_media":3728,"comment_status":"open","ping_status":"open","sticky":false,"template":"","format":"standard","meta":{"nf_dc_page":"","footnotes":""},"categories":[9],"tags":[],"class_list":["post-3727","post","type-post","status-publish","format-standard","has-post-thumbnail","hentry","category-noticias"],"_links":{"self":[{"href":"https:\/\/emasaitabuna.com.br\/new\/wp-json\/wp\/v2\/posts\/3727","targetHints":{"allow":["GET"]}}],"collection":[{"href":"https:\/\/emasaitabuna.com.br\/new\/wp-json\/wp\/v2\/posts"}],"about":[{"href":"https:\/\/emasaitabuna.com.br\/new\/wp-json\/wp\/v2\/types\/post"}],"author":[{"embeddable":true,"href":"https:\/\/emasaitabuna.com.br\/new\/wp-json\/wp\/v2\/users\/1"}],"replies":[{"embeddable":true,"href":"https:\/\/emasaitabuna.com.br\/new\/wp-json\/wp\/v2\/comments?post=3727"}],"version-history":[{"count":2,"href":"https:\/\/emasaitabuna.com.br\/new\/wp-json\/wp\/v2\/posts\/3727\/revisions"}],"predecessor-version":[{"id":3730,"href":"https:\/\/emasaitabuna.com.br\/new\/wp-json\/wp\/v2\/posts\/3727\/revisions\/3730"}],"wp:featuredmedia":[{"embeddable":true,"href":"https:\/\/emasaitabuna.com.br\/new\/wp-json\/wp\/v2\/media\/3728"}],"wp:attachment":[{"href":"https:\/\/emasaitabuna.com.br\/new\/wp-json\/wp\/v2\/media?parent=3727"}],"wp:term":[{"taxonomy":"category","embeddable":true,"href":"https:\/\/emasaitabuna.com.br\/new\/wp-json\/wp\/v2\/categories?post=3727"},{"taxonomy":"post_tag","embeddable":true,"href":"https:\/\/emasaitabuna.com.br\/new\/wp-json\/wp\/v2\/tags?post=3727"}],"curies":[{"name":"wp","href":"https:\/\/api.w.org\/{rel}","templated":true}]}}