{"id":3736,"date":"2025-08-28T14:28:32","date_gmt":"2025-08-28T17:28:32","guid":{"rendered":"https:\/\/emasaitabuna.com.br\/new\/?p=3736"},"modified":"2025-08-28T14:31:07","modified_gmt":"2025-08-28T17:31:07","slug":"emasa-inicia-comemoracoes-dos-seus-36-anos-com-culto-ecumenico-e-cafe-da-manha-na-eta-principal","status":"publish","type":"post","link":"https:\/\/emasaitabuna.com.br\/new\/emasa-inicia-comemoracoes-dos-seus-36-anos-com-culto-ecumenico-e-cafe-da-manha-na-eta-principal\/","title":{"rendered":"EMASA inicia comemora\u00e7\u00f5es dos seus 36 anos com culto ecum\u00eanico e caf\u00e9 da manh\u00e3 na ETA Principal"},"content":{"rendered":"<div id=\"attachment_3737\" style=\"width: 510px\" class=\"wp-caption alignright\"><img decoding=\"async\" aria-describedby=\"caption-attachment-3737\" class=\"wp-image-3737 size-medium\" src=\"https:\/\/emasaitabuna.com.br\/new\/wp-content\/uploads\/2025\/08\/IMG-20250828-WA0007-500x333.jpg\" alt=\"\" width=\"500\" height=\"333\" srcset=\"https:\/\/emasaitabuna.com.br\/new\/wp-content\/uploads\/2025\/08\/IMG-20250828-WA0007-200x133.jpg 200w, https:\/\/emasaitabuna.com.br\/new\/wp-content\/uploads\/2025\/08\/IMG-20250828-WA0007-300x200.jpg 300w, https:\/\/emasaitabuna.com.br\/new\/wp-content\/uploads\/2025\/08\/IMG-20250828-WA0007-400x266.jpg 400w, https:\/\/emasaitabuna.com.br\/new\/wp-content\/uploads\/2025\/08\/IMG-20250828-WA0007-500x333.jpg 500w, https:\/\/emasaitabuna.com.br\/new\/wp-content\/uploads\/2025\/08\/IMG-20250828-WA0007-600x399.jpg 600w, https:\/\/emasaitabuna.com.br\/new\/wp-content\/uploads\/2025\/08\/IMG-20250828-WA0007-768x511.jpg 768w, https:\/\/emasaitabuna.com.br\/new\/wp-content\/uploads\/2025\/08\/IMG-20250828-WA0007-800x533.jpg 800w, https:\/\/emasaitabuna.com.br\/new\/wp-content\/uploads\/2025\/08\/IMG-20250828-WA0007-1200x799.jpg 1200w, https:\/\/emasaitabuna.com.br\/new\/wp-content\/uploads\/2025\/08\/IMG-20250828-WA0007.jpg 1280w\" sizes=\"(max-width: 500px) 100vw, 500px\" \/><p id=\"caption-attachment-3737\" class=\"wp-caption-text\">Diretoria da EMASA celebrou junto com os funcion\u00e1rios e convidados os 36 anos da empresa.<\/p><\/div>\n<p>A Empresa Municipal de \u00c1guas e Saneamento (EMASA) deu in\u00edcio, nesta quinta-feira (28), \u00e0s comemora\u00e7\u00f5es pelos seus 36 anos de funda\u00e7\u00e3o. O evento foi realizado na Esta\u00e7\u00e3o de Tratamento de \u00c1gua (ETA Principal), reunindo colaboradores, diretoria, secret\u00e1rios municipais e vereadores para um culto ecum\u00eanico seguido de caf\u00e9 da manh\u00e3, como forma de celebrar a hist\u00f3ria da institui\u00e7\u00e3o e fortalecer os la\u00e7os com a comunidade.<\/p>\n<p>A cerim\u00f4nia contou com a presen\u00e7a de lideran\u00e7as religiosas de diferentes tradi\u00e7\u00f5es, refor\u00e7ando o car\u00e1ter de uni\u00e3o e respeito \u00e0 diversidade. Compuseram a mesa o sacerdote de terreiro T\u00e1ta Mwkumbileji, representante das matrizes afro-brasileiras e presidente do Conselho de Cultura; Dilermano Mesquita, representante esp\u00edrita e membro do Centro Esp\u00edrita Luz e Paz; o pastor titular da Igreja Batista Teos\u00f3polis, Geraldo Meirelles; e o padre Diego Americano, coordenador Diocesano de Pastoral e administrador paroquial da Par\u00f3quia Nossa Senhora da Piedade.<\/p>\n<p>Durante a celebra\u00e7\u00e3o, o presidente da EMASA, Ivan Maia, destacou a import\u00e2ncia da data para a empresa e para a cidade. \u201cA EMASA n\u00e3o \u00e9 apenas uma prestadora de servi\u00e7os, mas parte essencial da vida de Itabuna. Ao longo desses 36 anos, constru\u00edmos uma hist\u00f3ria marcada por desafios e conquistas, sempre com o objetivo de levar \u00e1gua de qualidade para as fam\u00edlias. Este momento de celebra\u00e7\u00e3o \u00e9 tamb\u00e9m de agradecimento a todos os colaboradores que fazem essa hist\u00f3ria acontecer diariamente\u201d, afirmou.<\/p>\n<p>O clima foi de gratid\u00e3o e confraterniza\u00e7\u00e3o entre os presentes, que compartilharam n\u00e3o apenas o caf\u00e9 da manh\u00e3, mas tamb\u00e9m mem\u00f3rias e expectativas sobre o futuro da empresa. As comemora\u00e7\u00f5es continuam no pr\u00f3ximo s\u00e1bado (30), \u00e0s 19h, na Pra\u00e7a Rio Cachoeira, ao lado da C\u00e2mara de Vereadores, com a apresenta\u00e7\u00e3o especial da Orquestra Sinf\u00f4nica Castro Alves, do programa Neojiba.<\/p>\n<p>&#8212;&#8212;<\/p>\n<p>Assessoria de Comunica\u00e7\u00e3o Social da EMASA<\/p>\n<p>28\/agosto\/2025<\/p>\n","protected":false},"excerpt":{"rendered":"<p>A Empresa Municipal de \u00c1guas e Saneamento (EMASA) deu in\u00edcio, nesta quinta-feira (28), \u00e0s comemora\u00e7\u00f5es pelos seus 36 anos de [&hellip;]<\/p>\n","protected":false},"author":1,"featured_media":3737,"comment_status":"open","ping_status":"open","sticky":false,"template":"","format":"standard","meta":{"nf_dc_page":"","footnotes":""},"categories":[9],"tags":[],"class_list":["post-3736","post","type-post","status-publish","format-standard","has-post-thumbnail","hentry","category-noticias"],"_links":{"self":[{"href":"https:\/\/emasaitabuna.com.br\/new\/wp-json\/wp\/v2\/posts\/3736","targetHints":{"allow":["GET"]}}],"collection":[{"href":"https:\/\/emasaitabuna.com.br\/new\/wp-json\/wp\/v2\/posts"}],"about":[{"href":"https:\/\/emasaitabuna.com.br\/new\/wp-json\/wp\/v2\/types\/post"}],"author":[{"embeddable":true,"href":"https:\/\/emasaitabuna.com.br\/new\/wp-json\/wp\/v2\/users\/1"}],"replies":[{"embeddable":true,"href":"https:\/\/emasaitabuna.com.br\/new\/wp-json\/wp\/v2\/comments?post=3736"}],"version-history":[{"count":3,"href":"https:\/\/emasaitabuna.com.br\/new\/wp-json\/wp\/v2\/posts\/3736\/revisions"}],"predecessor-version":[{"id":3740,"href":"https:\/\/emasaitabuna.com.br\/new\/wp-json\/wp\/v2\/posts\/3736\/revisions\/3740"}],"wp:featuredmedia":[{"embeddable":true,"href":"https:\/\/emasaitabuna.com.br\/new\/wp-json\/wp\/v2\/media\/3737"}],"wp:attachment":[{"href":"https:\/\/emasaitabuna.com.br\/new\/wp-json\/wp\/v2\/media?parent=3736"}],"wp:term":[{"taxonomy":"category","embeddable":true,"href":"https:\/\/emasaitabuna.com.br\/new\/wp-json\/wp\/v2\/categories?post=3736"},{"taxonomy":"post_tag","embeddable":true,"href":"https:\/\/emasaitabuna.com.br\/new\/wp-json\/wp\/v2\/tags?post=3736"}],"curies":[{"name":"wp","href":"https:\/\/api.w.org\/{rel}","templated":true}]}}