{"id":3742,"date":"2025-08-31T14:32:49","date_gmt":"2025-08-31T17:32:49","guid":{"rendered":"https:\/\/emasaitabuna.com.br\/new\/?p=3742"},"modified":"2025-08-31T14:42:28","modified_gmt":"2025-08-31T17:42:28","slug":"orquestra-castro-alves-da-neojiba-reune-multidao-em-concerto-pelos-115-anos-de-itabuna-e-36-anos-da-emasa","status":"publish","type":"post","link":"https:\/\/emasaitabuna.com.br\/new\/orquestra-castro-alves-da-neojiba-reune-multidao-em-concerto-pelos-115-anos-de-itabuna-e-36-anos-da-emasa\/","title":{"rendered":"Orquestra Castro Alves, da Neojiba, re\u00fane multid\u00e3o em concerto pelos 115 anos de Itabuna e 36 anos da EMASA"},"content":{"rendered":"<div id=\"attachment_3744\" style=\"width: 510px\" class=\"wp-caption alignright\"><img decoding=\"async\" aria-describedby=\"caption-attachment-3744\" class=\"wp-image-3744 size-medium\" src=\"https:\/\/emasaitabuna.com.br\/new\/wp-content\/uploads\/2025\/08\/IMG-20250831-WA0010-500x333.jpg\" alt=\"\" width=\"500\" height=\"333\" srcset=\"https:\/\/emasaitabuna.com.br\/new\/wp-content\/uploads\/2025\/08\/IMG-20250831-WA0010-200x133.jpg 200w, https:\/\/emasaitabuna.com.br\/new\/wp-content\/uploads\/2025\/08\/IMG-20250831-WA0010-300x200.jpg 300w, https:\/\/emasaitabuna.com.br\/new\/wp-content\/uploads\/2025\/08\/IMG-20250831-WA0010-400x267.jpg 400w, https:\/\/emasaitabuna.com.br\/new\/wp-content\/uploads\/2025\/08\/IMG-20250831-WA0010-500x333.jpg 500w, https:\/\/emasaitabuna.com.br\/new\/wp-content\/uploads\/2025\/08\/IMG-20250831-WA0010-600x400.jpg 600w, https:\/\/emasaitabuna.com.br\/new\/wp-content\/uploads\/2025\/08\/IMG-20250831-WA0010-768x512.jpg 768w, https:\/\/emasaitabuna.com.br\/new\/wp-content\/uploads\/2025\/08\/IMG-20250831-WA0010-800x533.jpg 800w, https:\/\/emasaitabuna.com.br\/new\/wp-content\/uploads\/2025\/08\/IMG-20250831-WA0010-1200x800.jpg 1200w, https:\/\/emasaitabuna.com.br\/new\/wp-content\/uploads\/2025\/08\/IMG-20250831-WA0010-1536x1023.jpg 1536w, https:\/\/emasaitabuna.com.br\/new\/wp-content\/uploads\/2025\/08\/IMG-20250831-WA0010.jpg 1600w\" sizes=\"(max-width: 500px) 100vw, 500px\" \/><p id=\"caption-attachment-3744\" class=\"wp-caption-text\">Fotos Roberto<\/p><\/div>\n<p>A Pra\u00e7a Rio Cachoeira ficou lotada na noite deste s\u00e1bado (30) para o concerto da Orquestra Castro Alves, do NEOJIBA, em celebra\u00e7\u00e3o aos 115 anos de emancipa\u00e7\u00e3o pol\u00edtica de Itabuna e aos 36 anos da EMASA. O espet\u00e1culo emocionou o p\u00fablico, reunindo cerca de 80 m\u00fasicos sob a reg\u00eancia do maestro Eduardo Salazar.<\/p>\n<p>O evento contou ainda com a participa\u00e7\u00e3o do pianista itabunense Levi Gabriel, que expressou a felicidade de se apresentar em sua cidade natal.<\/p>\n<p>\u201c\u00c9 uma alegria imensa voltar a Itabuna e compartilhar esse momento t\u00e3o especial atrav\u00e9s da m\u00fasica\u201d, afirmou.<\/p>\n<p>O prefeito Augusto Castro destacou a import\u00e2ncia da celebra\u00e7\u00e3o para a cidade.<\/p>\n<p>\u201cReceber a Orquestra Castro Alves, do NEOJIBA, em um concerto grandioso como este, \u00e9 celebrar n\u00e3o apenas o anivers\u00e1rio de Itabuna, e da EMASA, mas tamb\u00e9m reafirmar o valor da cultura como ferramenta de transforma\u00e7\u00e3o e inclus\u00e3o social\u201d, disse.<\/p>\n<p>Para o presidente da EMASA, Ivan Maia, a noite foi um marco para a empresa e para a cidade.<\/p>\n<p>\u201cUnir os 36 anos da EMASA aos 115 anos de Itabuna em um espet\u00e1culo dessa magnitude \u00e9 motivo de orgulho. A m\u00fasica do NEOJIBA trouxe emo\u00e7\u00e3o, beleza e um sentimento de pertencimento que ficar\u00e1 marcado na mem\u00f3ria de todos n\u00f3s\u201d, afirmou.<\/p>\n<p>J\u00e1 o maestro Eduardo Salazar ressaltou a emo\u00e7\u00e3o de conduzir a apresenta\u00e7\u00e3o.<\/p>\n<p>\u201cFoi uma honra reger a Orquestra Castro Alves em uma noite t\u00e3o significativa para Itabuna. A energia do p\u00fablico e a atmosfera de celebra\u00e7\u00e3o fizeram deste concerto um momento hist\u00f3rico\u201d, destacou.<\/p>\n<p>Al\u00e9m do grande p\u00fablico, diversas autoridades tamb\u00e9m prestigiaram o evento, refor\u00e7ando a import\u00e2ncia da data e a relev\u00e2ncia do espet\u00e1culo para a vida cultural da cidade.<\/p>\n<p><img decoding=\"async\" class=\"aligncenter wp-image-3745 size-full\" src=\"https:\/\/emasaitabuna.com.br\/new\/wp-content\/uploads\/2025\/08\/IMG-20250831-WA0007.jpg\" alt=\"\" width=\"1600\" height=\"969\" srcset=\"https:\/\/emasaitabuna.com.br\/new\/wp-content\/uploads\/2025\/08\/IMG-20250831-WA0007-200x121.jpg 200w, https:\/\/emasaitabuna.com.br\/new\/wp-content\/uploads\/2025\/08\/IMG-20250831-WA0007-300x182.jpg 300w, https:\/\/emasaitabuna.com.br\/new\/wp-content\/uploads\/2025\/08\/IMG-20250831-WA0007-400x242.jpg 400w, https:\/\/emasaitabuna.com.br\/new\/wp-content\/uploads\/2025\/08\/IMG-20250831-WA0007-500x303.jpg 500w, https:\/\/emasaitabuna.com.br\/new\/wp-content\/uploads\/2025\/08\/IMG-20250831-WA0007-600x363.jpg 600w, https:\/\/emasaitabuna.com.br\/new\/wp-content\/uploads\/2025\/08\/IMG-20250831-WA0007-768x465.jpg 768w, https:\/\/emasaitabuna.com.br\/new\/wp-content\/uploads\/2025\/08\/IMG-20250831-WA0007-800x485.jpg 800w, https:\/\/emasaitabuna.com.br\/new\/wp-content\/uploads\/2025\/08\/IMG-20250831-WA0007-1200x727.jpg 1200w, https:\/\/emasaitabuna.com.br\/new\/wp-content\/uploads\/2025\/08\/IMG-20250831-WA0007-1536x930.jpg 1536w, https:\/\/emasaitabuna.com.br\/new\/wp-content\/uploads\/2025\/08\/IMG-20250831-WA0007.jpg 1600w\" sizes=\"(max-width: 1600px) 100vw, 1600px\" \/><\/p>\n<p><img decoding=\"async\" class=\"aligncenter wp-image-3747 size-full\" src=\"https:\/\/emasaitabuna.com.br\/new\/wp-content\/uploads\/2025\/08\/IMG-20250831-WA0006.jpg\" alt=\"\" width=\"1600\" height=\"1066\" srcset=\"https:\/\/emasaitabuna.com.br\/new\/wp-content\/uploads\/2025\/08\/IMG-20250831-WA0006-200x133.jpg 200w, https:\/\/emasaitabuna.com.br\/new\/wp-content\/uploads\/2025\/08\/IMG-20250831-WA0006-300x200.jpg 300w, https:\/\/emasaitabuna.com.br\/new\/wp-content\/uploads\/2025\/08\/IMG-20250831-WA0006-400x267.jpg 400w, https:\/\/emasaitabuna.com.br\/new\/wp-content\/uploads\/2025\/08\/IMG-20250831-WA0006-500x333.jpg 500w, https:\/\/emasaitabuna.com.br\/new\/wp-content\/uploads\/2025\/08\/IMG-20250831-WA0006-600x400.jpg 600w, https:\/\/emasaitabuna.com.br\/new\/wp-content\/uploads\/2025\/08\/IMG-20250831-WA0006-768x512.jpg 768w, https:\/\/emasaitabuna.com.br\/new\/wp-content\/uploads\/2025\/08\/IMG-20250831-WA0006-800x533.jpg 800w, https:\/\/emasaitabuna.com.br\/new\/wp-content\/uploads\/2025\/08\/IMG-20250831-WA0006-1200x800.jpg 1200w, https:\/\/emasaitabuna.com.br\/new\/wp-content\/uploads\/2025\/08\/IMG-20250831-WA0006-1536x1023.jpg 1536w, https:\/\/emasaitabuna.com.br\/new\/wp-content\/uploads\/2025\/08\/IMG-20250831-WA0006.jpg 1600w\" sizes=\"(max-width: 1600px) 100vw, 1600px\" \/><\/p>\n<p><img decoding=\"async\" class=\"aligncenter size-full wp-image-3749\" src=\"https:\/\/emasaitabuna.com.br\/new\/wp-content\/uploads\/2025\/08\/IMG-20250831-WA0002.jpg\" alt=\"\" width=\"1600\" height=\"1066\" srcset=\"https:\/\/emasaitabuna.com.br\/new\/wp-content\/uploads\/2025\/08\/IMG-20250831-WA0002-200x133.jpg 200w, https:\/\/emasaitabuna.com.br\/new\/wp-content\/uploads\/2025\/08\/IMG-20250831-WA0002-300x200.jpg 300w, https:\/\/emasaitabuna.com.br\/new\/wp-content\/uploads\/2025\/08\/IMG-20250831-WA0002-400x267.jpg 400w, https:\/\/emasaitabuna.com.br\/new\/wp-content\/uploads\/2025\/08\/IMG-20250831-WA0002-500x333.jpg 500w, https:\/\/emasaitabuna.com.br\/new\/wp-content\/uploads\/2025\/08\/IMG-20250831-WA0002-600x400.jpg 600w, https:\/\/emasaitabuna.com.br\/new\/wp-content\/uploads\/2025\/08\/IMG-20250831-WA0002-768x512.jpg 768w, https:\/\/emasaitabuna.com.br\/new\/wp-content\/uploads\/2025\/08\/IMG-20250831-WA0002-800x533.jpg 800w, https:\/\/emasaitabuna.com.br\/new\/wp-content\/uploads\/2025\/08\/IMG-20250831-WA0002-1200x800.jpg 1200w, https:\/\/emasaitabuna.com.br\/new\/wp-content\/uploads\/2025\/08\/IMG-20250831-WA0002-1536x1023.jpg 1536w, https:\/\/emasaitabuna.com.br\/new\/wp-content\/uploads\/2025\/08\/IMG-20250831-WA0002.jpg 1600w\" sizes=\"(max-width: 1600px) 100vw, 1600px\" \/><\/p>\n<p><img decoding=\"async\" class=\"aligncenter size-full wp-image-3750\" src=\"https:\/\/emasaitabuna.com.br\/new\/wp-content\/uploads\/2025\/08\/IMG-20250831-WA0001.jpg\" alt=\"\" width=\"1600\" height=\"998\" srcset=\"https:\/\/emasaitabuna.com.br\/new\/wp-content\/uploads\/2025\/08\/IMG-20250831-WA0001-200x125.jpg 200w, https:\/\/emasaitabuna.com.br\/new\/wp-content\/uploads\/2025\/08\/IMG-20250831-WA0001-300x187.jpg 300w, https:\/\/emasaitabuna.com.br\/new\/wp-content\/uploads\/2025\/08\/IMG-20250831-WA0001-400x250.jpg 400w, https:\/\/emasaitabuna.com.br\/new\/wp-content\/uploads\/2025\/08\/IMG-20250831-WA0001-500x312.jpg 500w, https:\/\/emasaitabuna.com.br\/new\/wp-content\/uploads\/2025\/08\/IMG-20250831-WA0001-600x374.jpg 600w, https:\/\/emasaitabuna.com.br\/new\/wp-content\/uploads\/2025\/08\/IMG-20250831-WA0001-768x479.jpg 768w, https:\/\/emasaitabuna.com.br\/new\/wp-content\/uploads\/2025\/08\/IMG-20250831-WA0001-800x499.jpg 800w, https:\/\/emasaitabuna.com.br\/new\/wp-content\/uploads\/2025\/08\/IMG-20250831-WA0001-1200x749.jpg 1200w, https:\/\/emasaitabuna.com.br\/new\/wp-content\/uploads\/2025\/08\/IMG-20250831-WA0001-1536x958.jpg 1536w, https:\/\/emasaitabuna.com.br\/new\/wp-content\/uploads\/2025\/08\/IMG-20250831-WA0001.jpg 1600w\" sizes=\"(max-width: 1600px) 100vw, 1600px\" \/><\/p>\n<p><img decoding=\"async\" class=\"aligncenter size-full wp-image-3751\" src=\"https:\/\/emasaitabuna.com.br\/new\/wp-content\/uploads\/2025\/08\/IMG-20250831-WA0005.jpg\" alt=\"\" width=\"1600\" height=\"1066\" srcset=\"https:\/\/emasaitabuna.com.br\/new\/wp-content\/uploads\/2025\/08\/IMG-20250831-WA0005-200x133.jpg 200w, https:\/\/emasaitabuna.com.br\/new\/wp-content\/uploads\/2025\/08\/IMG-20250831-WA0005-300x200.jpg 300w, https:\/\/emasaitabuna.com.br\/new\/wp-content\/uploads\/2025\/08\/IMG-20250831-WA0005-400x267.jpg 400w, https:\/\/emasaitabuna.com.br\/new\/wp-content\/uploads\/2025\/08\/IMG-20250831-WA0005-500x333.jpg 500w, https:\/\/emasaitabuna.com.br\/new\/wp-content\/uploads\/2025\/08\/IMG-20250831-WA0005-600x400.jpg 600w, https:\/\/emasaitabuna.com.br\/new\/wp-content\/uploads\/2025\/08\/IMG-20250831-WA0005-768x512.jpg 768w, https:\/\/emasaitabuna.com.br\/new\/wp-content\/uploads\/2025\/08\/IMG-20250831-WA0005-800x533.jpg 800w, https:\/\/emasaitabuna.com.br\/new\/wp-content\/uploads\/2025\/08\/IMG-20250831-WA0005-1200x800.jpg 1200w, https:\/\/emasaitabuna.com.br\/new\/wp-content\/uploads\/2025\/08\/IMG-20250831-WA0005-1536x1023.jpg 1536w, https:\/\/emasaitabuna.com.br\/new\/wp-content\/uploads\/2025\/08\/IMG-20250831-WA0005.jpg 1600w\" sizes=\"(max-width: 1600px) 100vw, 1600px\" \/><\/p>\n<p><img decoding=\"async\" class=\"aligncenter size-full wp-image-3752\" src=\"https:\/\/emasaitabuna.com.br\/new\/wp-content\/uploads\/2025\/08\/IMG-20250831-WA0003.jpg\" alt=\"\" width=\"1600\" height=\"1066\" srcset=\"https:\/\/emasaitabuna.com.br\/new\/wp-content\/uploads\/2025\/08\/IMG-20250831-WA0003-200x133.jpg 200w, https:\/\/emasaitabuna.com.br\/new\/wp-content\/uploads\/2025\/08\/IMG-20250831-WA0003-300x200.jpg 300w, https:\/\/emasaitabuna.com.br\/new\/wp-content\/uploads\/2025\/08\/IMG-20250831-WA0003-400x267.jpg 400w, https:\/\/emasaitabuna.com.br\/new\/wp-content\/uploads\/2025\/08\/IMG-20250831-WA0003-500x333.jpg 500w, https:\/\/emasaitabuna.com.br\/new\/wp-content\/uploads\/2025\/08\/IMG-20250831-WA0003-600x400.jpg 600w, https:\/\/emasaitabuna.com.br\/new\/wp-content\/uploads\/2025\/08\/IMG-20250831-WA0003-768x512.jpg 768w, https:\/\/emasaitabuna.com.br\/new\/wp-content\/uploads\/2025\/08\/IMG-20250831-WA0003-800x533.jpg 800w, https:\/\/emasaitabuna.com.br\/new\/wp-content\/uploads\/2025\/08\/IMG-20250831-WA0003-1200x800.jpg 1200w, https:\/\/emasaitabuna.com.br\/new\/wp-content\/uploads\/2025\/08\/IMG-20250831-WA0003-1536x1023.jpg 1536w, https:\/\/emasaitabuna.com.br\/new\/wp-content\/uploads\/2025\/08\/IMG-20250831-WA0003.jpg 1600w\" sizes=\"(max-width: 1600px) 100vw, 1600px\" \/><\/p>\n<p>&nbsp;<\/p>\n<p>\u2014\u2014-<\/p>\n<p>Assessoria de Comunica\u00e7\u00e3o Social da EMASA<\/p>\n<p>31\/agosto\/2025<\/p>\n","protected":false},"excerpt":{"rendered":"<p>A Pra\u00e7a Rio Cachoeira ficou lotada na noite deste s\u00e1bado (30) para o concerto da Orquestra Castro Alves, do NEOJIBA, [&hellip;]<\/p>\n","protected":false},"author":1,"featured_media":3747,"comment_status":"open","ping_status":"open","sticky":false,"template":"","format":"standard","meta":{"nf_dc_page":"","footnotes":""},"categories":[9],"tags":[],"class_list":["post-3742","post","type-post","status-publish","format-standard","has-post-thumbnail","hentry","category-noticias"],"_links":{"self":[{"href":"https:\/\/emasaitabuna.com.br\/new\/wp-json\/wp\/v2\/posts\/3742","targetHints":{"allow":["GET"]}}],"collection":[{"href":"https:\/\/emasaitabuna.com.br\/new\/wp-json\/wp\/v2\/posts"}],"about":[{"href":"https:\/\/emasaitabuna.com.br\/new\/wp-json\/wp\/v2\/types\/post"}],"author":[{"embeddable":true,"href":"https:\/\/emasaitabuna.com.br\/new\/wp-json\/wp\/v2\/users\/1"}],"replies":[{"embeddable":true,"href":"https:\/\/emasaitabuna.com.br\/new\/wp-json\/wp\/v2\/comments?post=3742"}],"version-history":[{"count":5,"href":"https:\/\/emasaitabuna.com.br\/new\/wp-json\/wp\/v2\/posts\/3742\/revisions"}],"predecessor-version":[{"id":3754,"href":"https:\/\/emasaitabuna.com.br\/new\/wp-json\/wp\/v2\/posts\/3742\/revisions\/3754"}],"wp:featuredmedia":[{"embeddable":true,"href":"https:\/\/emasaitabuna.com.br\/new\/wp-json\/wp\/v2\/media\/3747"}],"wp:attachment":[{"href":"https:\/\/emasaitabuna.com.br\/new\/wp-json\/wp\/v2\/media?parent=3742"}],"wp:term":[{"taxonomy":"category","embeddable":true,"href":"https:\/\/emasaitabuna.com.br\/new\/wp-json\/wp\/v2\/categories?post=3742"},{"taxonomy":"post_tag","embeddable":true,"href":"https:\/\/emasaitabuna.com.br\/new\/wp-json\/wp\/v2\/tags?post=3742"}],"curies":[{"name":"wp","href":"https:\/\/api.w.org\/{rel}","templated":true}]}}