{"id":3762,"date":"2025-09-01T18:43:32","date_gmt":"2025-09-01T21:43:32","guid":{"rendered":"https:\/\/emasaitabuna.com.br\/new\/?p=3762"},"modified":"2025-09-01T18:46:03","modified_gmt":"2025-09-01T21:46:03","slug":"assentamento-alemita-recebe-plano-de-saneamento-integrado-da-emasa-apos-20-anos-de-espera","status":"publish","type":"post","link":"https:\/\/emasaitabuna.com.br\/new\/assentamento-alemita-recebe-plano-de-saneamento-integrado-da-emasa-apos-20-anos-de-espera\/","title":{"rendered":"Assentamento Alemita recebe Plano de Saneamento Integrado da EMASA ap\u00f3s 20 anos de espera"},"content":{"rendered":"<div id=\"attachment_3764\" style=\"width: 1610px\" class=\"wp-caption aligncenter\"><img decoding=\"async\" aria-describedby=\"caption-attachment-3764\" class=\"size-full wp-image-3764\" src=\"https:\/\/emasaitabuna.com.br\/new\/wp-content\/uploads\/2025\/09\/IMG-20250901-WA0010.jpg\" alt=\"\" width=\"1600\" height=\"1378\" srcset=\"https:\/\/emasaitabuna.com.br\/new\/wp-content\/uploads\/2025\/09\/IMG-20250901-WA0010-200x172.jpg 200w, https:\/\/emasaitabuna.com.br\/new\/wp-content\/uploads\/2025\/09\/IMG-20250901-WA0010-300x258.jpg 300w, https:\/\/emasaitabuna.com.br\/new\/wp-content\/uploads\/2025\/09\/IMG-20250901-WA0010-400x345.jpg 400w, https:\/\/emasaitabuna.com.br\/new\/wp-content\/uploads\/2025\/09\/IMG-20250901-WA0010-500x431.jpg 500w, https:\/\/emasaitabuna.com.br\/new\/wp-content\/uploads\/2025\/09\/IMG-20250901-WA0010-600x517.jpg 600w, https:\/\/emasaitabuna.com.br\/new\/wp-content\/uploads\/2025\/09\/IMG-20250901-WA0010-768x661.jpg 768w, https:\/\/emasaitabuna.com.br\/new\/wp-content\/uploads\/2025\/09\/IMG-20250901-WA0010-800x689.jpg 800w, https:\/\/emasaitabuna.com.br\/new\/wp-content\/uploads\/2025\/09\/IMG-20250901-WA0010-1200x1034.jpg 1200w, https:\/\/emasaitabuna.com.br\/new\/wp-content\/uploads\/2025\/09\/IMG-20250901-WA0010-1536x1323.jpg 1536w, https:\/\/emasaitabuna.com.br\/new\/wp-content\/uploads\/2025\/09\/IMG-20250901-WA0010.jpg 1600w\" sizes=\"(max-width: 1600px) 100vw, 1600px\" \/><p id=\"caption-attachment-3764\" class=\"wp-caption-text\">O presidente da EMASA, Ivan Maia, participou da celebra\u00e7\u00e3o dos 20 anos do assentamento.<\/p><\/div>\n<p>No \u00faltimo s\u00e1bado (30), a comunidade do Assentamento Alemita, na regi\u00e3o de Ferradas, celebrou duas conquistas hist\u00f3ricas: os 20 anos de organiza\u00e7\u00e3o e o an\u00fancio da implanta\u00e7\u00e3o do Plano de Saneamento Integrado, que ser\u00e1 realizado pela Empresa Municipal de \u00c1guas e Saneamento (EMASA). O projeto vai beneficiar diretamente cerca de 34 fam\u00edlias, levando \u00e1gua tratada, saneamento b\u00e1sico e a\u00e7\u00f5es de educa\u00e7\u00e3o ambiental.<\/p>\n<p>O presidente da EMASA, Ivan Maia, participou da comemora\u00e7\u00e3o e destacou a import\u00e2ncia da iniciativa. \u201cEstamos levando dignidade e qualidade de vida para a popula\u00e7\u00e3o do Alemita. Este projeto atende a uma determina\u00e7\u00e3o do prefeito Augusto Castro (PSD), que tem o compromisso de ampliar a rede de abastecimento e garantir uma melhor qualidade de vida tamb\u00e9m para as pessoas do campo. A EMASA segue essa dire\u00e7\u00e3o, garantindo que cada fam\u00edlia tenha \u00e1gua em casa, um direito essencial e inegoci\u00e1vel\u201d, afirmou.<\/p>\n<p>O sistema contar\u00e1 com aproximadamente 8 km de rede de distribui\u00e7\u00e3o e a implanta\u00e7\u00e3o de biodigestores para atender \u00e0 demanda da comunidade. A parceria com a Universidade Federal do Sul da Bahia (UFSB) ser\u00e1 fundamental na execu\u00e7\u00e3o do trabalho de educa\u00e7\u00e3o ambiental, orientando os moradores sobre o uso consciente da \u00e1gua e a preserva\u00e7\u00e3o dos recursos naturais.<\/p>\n<p>Para a presidente do Assentamento Alemita, Valnice Santos de Santana Oliveira, o an\u00fancio foi recebido com emo\u00e7\u00e3o. \u201cDepois de 20 anos, finalmente teremos acesso \u00e0 \u00e1gua. \u00c9 um sonho realizado para todos n\u00f3s e um marco na hist\u00f3ria da nossa comunidade\u201d, disse.<\/p>\n<p>As obras come\u00e7am ainda em setembro e representam um passo importante na luta por inclus\u00e3o e justi\u00e7a social no campo. O Assentamento Alemita agora entra em uma nova fase de desenvolvimento e qualidade de vida.<\/p>\n<p><img decoding=\"async\" class=\"aligncenter size-full wp-image-3765\" src=\"https:\/\/emasaitabuna.com.br\/new\/wp-content\/uploads\/2025\/09\/IMG-20250901-WA0009.jpg\" alt=\"\" width=\"1600\" height=\"1200\" srcset=\"https:\/\/emasaitabuna.com.br\/new\/wp-content\/uploads\/2025\/09\/IMG-20250901-WA0009-200x150.jpg 200w, https:\/\/emasaitabuna.com.br\/new\/wp-content\/uploads\/2025\/09\/IMG-20250901-WA0009-300x225.jpg 300w, https:\/\/emasaitabuna.com.br\/new\/wp-content\/uploads\/2025\/09\/IMG-20250901-WA0009-400x300.jpg 400w, https:\/\/emasaitabuna.com.br\/new\/wp-content\/uploads\/2025\/09\/IMG-20250901-WA0009-500x375.jpg 500w, https:\/\/emasaitabuna.com.br\/new\/wp-content\/uploads\/2025\/09\/IMG-20250901-WA0009-600x450.jpg 600w, https:\/\/emasaitabuna.com.br\/new\/wp-content\/uploads\/2025\/09\/IMG-20250901-WA0009-768x576.jpg 768w, https:\/\/emasaitabuna.com.br\/new\/wp-content\/uploads\/2025\/09\/IMG-20250901-WA0009-800x600.jpg 800w, https:\/\/emasaitabuna.com.br\/new\/wp-content\/uploads\/2025\/09\/IMG-20250901-WA0009-1200x900.jpg 1200w, https:\/\/emasaitabuna.com.br\/new\/wp-content\/uploads\/2025\/09\/IMG-20250901-WA0009-1536x1152.jpg 1536w, https:\/\/emasaitabuna.com.br\/new\/wp-content\/uploads\/2025\/09\/IMG-20250901-WA0009.jpg 1600w\" sizes=\"(max-width: 1600px) 100vw, 1600px\" \/><\/p>\n<p>&#8212;&#8212;<\/p>\n<p>Assessoria de Comunica\u00e7\u00e3o Social da EMASA<\/p>\n<p>01\/setembro\/2025<\/p>\n","protected":false},"excerpt":{"rendered":"<p>No \u00faltimo s\u00e1bado (30), a comunidade do Assentamento Alemita, na regi\u00e3o de Ferradas, celebrou duas conquistas hist\u00f3ricas: os 20 anos [&hellip;]<\/p>\n","protected":false},"author":1,"featured_media":3764,"comment_status":"open","ping_status":"open","sticky":false,"template":"","format":"standard","meta":{"nf_dc_page":"","footnotes":""},"categories":[9],"tags":[],"class_list":["post-3762","post","type-post","status-publish","format-standard","has-post-thumbnail","hentry","category-noticias"],"_links":{"self":[{"href":"https:\/\/emasaitabuna.com.br\/new\/wp-json\/wp\/v2\/posts\/3762","targetHints":{"allow":["GET"]}}],"collection":[{"href":"https:\/\/emasaitabuna.com.br\/new\/wp-json\/wp\/v2\/posts"}],"about":[{"href":"https:\/\/emasaitabuna.com.br\/new\/wp-json\/wp\/v2\/types\/post"}],"author":[{"embeddable":true,"href":"https:\/\/emasaitabuna.com.br\/new\/wp-json\/wp\/v2\/users\/1"}],"replies":[{"embeddable":true,"href":"https:\/\/emasaitabuna.com.br\/new\/wp-json\/wp\/v2\/comments?post=3762"}],"version-history":[{"count":3,"href":"https:\/\/emasaitabuna.com.br\/new\/wp-json\/wp\/v2\/posts\/3762\/revisions"}],"predecessor-version":[{"id":3767,"href":"https:\/\/emasaitabuna.com.br\/new\/wp-json\/wp\/v2\/posts\/3762\/revisions\/3767"}],"wp:featuredmedia":[{"embeddable":true,"href":"https:\/\/emasaitabuna.com.br\/new\/wp-json\/wp\/v2\/media\/3764"}],"wp:attachment":[{"href":"https:\/\/emasaitabuna.com.br\/new\/wp-json\/wp\/v2\/media?parent=3762"}],"wp:term":[{"taxonomy":"category","embeddable":true,"href":"https:\/\/emasaitabuna.com.br\/new\/wp-json\/wp\/v2\/categories?post=3762"},{"taxonomy":"post_tag","embeddable":true,"href":"https:\/\/emasaitabuna.com.br\/new\/wp-json\/wp\/v2\/tags?post=3762"}],"curies":[{"name":"wp","href":"https:\/\/api.w.org\/{rel}","templated":true}]}}