{"id":3796,"date":"2025-09-20T10:44:34","date_gmt":"2025-09-20T13:44:34","guid":{"rendered":"https:\/\/emasaitabuna.com.br\/new\/?p=3796"},"modified":"2025-09-20T10:45:55","modified_gmt":"2025-09-20T13:45:55","slug":"mocao-de-pesar-4","status":"publish","type":"post","link":"https:\/\/emasaitabuna.com.br\/new\/mocao-de-pesar-4\/","title":{"rendered":"MO\u00c7\u00c3O DE PESAR"},"content":{"rendered":"<p><img decoding=\"async\" class=\"aligncenter size-full wp-image-3798\" src=\"https:\/\/emasaitabuna.com.br\/new\/wp-content\/uploads\/2025\/09\/IMG-20250920-WA0001.jpg\" alt=\"\" width=\"1150\" height=\"1520\" srcset=\"https:\/\/emasaitabuna.com.br\/new\/wp-content\/uploads\/2025\/09\/IMG-20250920-WA0001-200x264.jpg 200w, https:\/\/emasaitabuna.com.br\/new\/wp-content\/uploads\/2025\/09\/IMG-20250920-WA0001-227x300.jpg 227w, https:\/\/emasaitabuna.com.br\/new\/wp-content\/uploads\/2025\/09\/IMG-20250920-WA0001-378x500.jpg 378w, https:\/\/emasaitabuna.com.br\/new\/wp-content\/uploads\/2025\/09\/IMG-20250920-WA0001-400x529.jpg 400w, https:\/\/emasaitabuna.com.br\/new\/wp-content\/uploads\/2025\/09\/IMG-20250920-WA0001-600x793.jpg 600w, https:\/\/emasaitabuna.com.br\/new\/wp-content\/uploads\/2025\/09\/IMG-20250920-WA0001-768x1015.jpg 768w, https:\/\/emasaitabuna.com.br\/new\/wp-content\/uploads\/2025\/09\/IMG-20250920-WA0001-800x1057.jpg 800w, https:\/\/emasaitabuna.com.br\/new\/wp-content\/uploads\/2025\/09\/IMG-20250920-WA0001-908x1200.jpg 908w, https:\/\/emasaitabuna.com.br\/new\/wp-content\/uploads\/2025\/09\/IMG-20250920-WA0001.jpg 1150w\" sizes=\"(max-width: 1150px) 100vw, 1150px\" \/>Com muita tristeza recebemos a not\u00edcia do falecimento do colaborador Marcelo Costa Lima, setor de saneamento. Com 19 anos de servi\u00e7os prestados \u00e0 EMASA, era muito querido por todos. Marcelo vinha lutando contra um c\u00e2ncer e faleceu na noite desta sexta-feira (19). Ele deixa a vi\u00fava dona Luciene Aprijiu Barros Lima, e a filha Marcelly Barros Aprijiu Lima e uma legi\u00e3o de amigos.<\/p>\n<p>Neste momento de dor, junto com os diretores da EMASA, nos solidarizamos aos seus familiares, amigos e colegas de trabalho. Pedimos a Deus, em sua miseric\u00f3rdia, que conforte os cora\u00e7\u00f5es de todos e conduza sua alma \u00e0 gl\u00f3ria eterna.<\/p>\n<p>O vel\u00f3rio acontece no SAF e o sepultamento previsto para \u00e0s 15:30 deste s\u00e1bado (20) no Cemit\u00e9rio Campo Santo em Itabuna.<\/p>\n<p>Itabuna, 20 de setembro de 2025.<\/p>\n<p>Ivan Maia<\/p>\n<p>Presidente da EMASA<\/p>\n","protected":false},"excerpt":{"rendered":"<p>Com muita tristeza recebemos a not\u00edcia do falecimento do colaborador Marcelo Costa Lima, setor de saneamento. Com 19 anos de [&hellip;]<\/p>\n","protected":false},"author":1,"featured_media":3798,"comment_status":"open","ping_status":"open","sticky":false,"template":"","format":"standard","meta":{"nf_dc_page":"","footnotes":""},"categories":[9],"tags":[],"class_list":["post-3796","post","type-post","status-publish","format-standard","has-post-thumbnail","hentry","category-noticias"],"_links":{"self":[{"href":"https:\/\/emasaitabuna.com.br\/new\/wp-json\/wp\/v2\/posts\/3796","targetHints":{"allow":["GET"]}}],"collection":[{"href":"https:\/\/emasaitabuna.com.br\/new\/wp-json\/wp\/v2\/posts"}],"about":[{"href":"https:\/\/emasaitabuna.com.br\/new\/wp-json\/wp\/v2\/types\/post"}],"author":[{"embeddable":true,"href":"https:\/\/emasaitabuna.com.br\/new\/wp-json\/wp\/v2\/users\/1"}],"replies":[{"embeddable":true,"href":"https:\/\/emasaitabuna.com.br\/new\/wp-json\/wp\/v2\/comments?post=3796"}],"version-history":[{"count":2,"href":"https:\/\/emasaitabuna.com.br\/new\/wp-json\/wp\/v2\/posts\/3796\/revisions"}],"predecessor-version":[{"id":3799,"href":"https:\/\/emasaitabuna.com.br\/new\/wp-json\/wp\/v2\/posts\/3796\/revisions\/3799"}],"wp:featuredmedia":[{"embeddable":true,"href":"https:\/\/emasaitabuna.com.br\/new\/wp-json\/wp\/v2\/media\/3798"}],"wp:attachment":[{"href":"https:\/\/emasaitabuna.com.br\/new\/wp-json\/wp\/v2\/media?parent=3796"}],"wp:term":[{"taxonomy":"category","embeddable":true,"href":"https:\/\/emasaitabuna.com.br\/new\/wp-json\/wp\/v2\/categories?post=3796"},{"taxonomy":"post_tag","embeddable":true,"href":"https:\/\/emasaitabuna.com.br\/new\/wp-json\/wp\/v2\/tags?post=3796"}],"curies":[{"name":"wp","href":"https:\/\/api.w.org\/{rel}","templated":true}]}}