{"id":3807,"date":"2025-09-26T09:46:00","date_gmt":"2025-09-26T12:46:00","guid":{"rendered":"https:\/\/emasaitabuna.com.br\/new\/?p=3807"},"modified":"2025-09-26T09:48:32","modified_gmt":"2025-09-26T12:48:32","slug":"presidente-da-emasa-apresenta-dados-do-saneamento-basico-ao-prefeito-augusto-castro-e-secretarios","status":"publish","type":"post","link":"https:\/\/emasaitabuna.com.br\/new\/presidente-da-emasa-apresenta-dados-do-saneamento-basico-ao-prefeito-augusto-castro-e-secretarios\/","title":{"rendered":"Presidente da EMASA apresenta dados do saneamento b\u00e1sico ao prefeito Augusto Castro e secret\u00e1rios"},"content":{"rendered":"<div id=\"attachment_3809\" style=\"width: 1610px\" class=\"wp-caption aligncenter\"><img decoding=\"async\" aria-describedby=\"caption-attachment-3809\" class=\"size-full wp-image-3809\" src=\"https:\/\/emasaitabuna.com.br\/new\/wp-content\/uploads\/2025\/09\/IMG-20250926-WA0003.jpg\" alt=\"\" width=\"1600\" height=\"1066\" srcset=\"https:\/\/emasaitabuna.com.br\/new\/wp-content\/uploads\/2025\/09\/IMG-20250926-WA0003-200x133.jpg 200w, https:\/\/emasaitabuna.com.br\/new\/wp-content\/uploads\/2025\/09\/IMG-20250926-WA0003-300x200.jpg 300w, https:\/\/emasaitabuna.com.br\/new\/wp-content\/uploads\/2025\/09\/IMG-20250926-WA0003-400x267.jpg 400w, https:\/\/emasaitabuna.com.br\/new\/wp-content\/uploads\/2025\/09\/IMG-20250926-WA0003-500x333.jpg 500w, https:\/\/emasaitabuna.com.br\/new\/wp-content\/uploads\/2025\/09\/IMG-20250926-WA0003-600x400.jpg 600w, https:\/\/emasaitabuna.com.br\/new\/wp-content\/uploads\/2025\/09\/IMG-20250926-WA0003-768x512.jpg 768w, https:\/\/emasaitabuna.com.br\/new\/wp-content\/uploads\/2025\/09\/IMG-20250926-WA0003-800x533.jpg 800w, https:\/\/emasaitabuna.com.br\/new\/wp-content\/uploads\/2025\/09\/IMG-20250926-WA0003-1200x800.jpg 1200w, https:\/\/emasaitabuna.com.br\/new\/wp-content\/uploads\/2025\/09\/IMG-20250926-WA0003-1536x1023.jpg 1536w, https:\/\/emasaitabuna.com.br\/new\/wp-content\/uploads\/2025\/09\/IMG-20250926-WA0003.jpg 1600w\" sizes=\"(max-width: 1600px) 100vw, 1600px\" \/><p id=\"caption-attachment-3809\" class=\"wp-caption-text\">Presidente da EMASA, Ivan Maia, exp\u00f4s para o prefeito Augusto Castro e secret\u00e1rios os \u00faltimos dados do SNIS.<\/p><\/div>\n<p>O presidente da Empresa Municipal de \u00c1guas e Saneamento (EMASA), Ivan Maia, apresentou, ontem, quinta-feira (25), ao prefeito Augusto Castro (PSD) e secret\u00e1rios municipais, os dados do Sistema Nacional de Informa\u00e7\u00f5es sobre Saneamento (SNIS), do Minist\u00e9rio das Cidades, que apontam a evolu\u00e7\u00e3o do setor no Brasil nos \u00faltimos cinco anos. A reuni\u00e3o ocorreu na Sala de Reuni\u00f5es da Secretaria de Rela\u00e7\u00f5es Institucionais e Comunica\u00e7\u00e3o Social.<\/p>\n<p>&nbsp;<\/p>\n<p>Durante o encontro, o presidente da EMASA destacou a evolu\u00e7\u00e3o do saneamento b\u00e1sico em Itabuna, com \u00eanfase na coleta e no tratamento de esgoto. Estiveram presentes a secret\u00e1ria S\u00f4nia Fontes (Infraestrutura e Urbanismo), o secret\u00e1rio Luciano Veiga (Governo), o secret\u00e1rio Thiago Barra (Rela\u00e7\u00f5es Institucionais e Comunica\u00e7\u00e3o Social) e a procuradora Jamille Chagas.<\/p>\n<p>&nbsp;<\/p>\n<p>Segundo Ivan Maia, um dos maiores desafios enfrentados por Itabuna era o abastecimento irregular de \u00e1gua, mantido por meio de manobras operacionais. \u201cCom a conclus\u00e3o dos projetos Mais \u00c1gua para a Cidade I e II, executados na gest\u00e3o do prefeito Augusto Castro, hoje 80% da cidade j\u00e1 recebe \u00e1gua sem intermit\u00eancia. Com o Mais \u00c1gua III, que ser\u00e1 licitado em breve, e a expans\u00e3o da rede para as comunidades rurais de Alemita, Bela Flor, Monte Sinai, Ro\u00e7a do Povo e Agrafam, Itabuna alcan\u00e7ar\u00e1 a universaliza\u00e7\u00e3o do fornecimento de \u00e1gua tratada\u201d, afirmou.<\/p>\n<p>&nbsp;<\/p>\n<p>Em rela\u00e7\u00e3o ao esgotamento sanit\u00e1rio, o presidente ressaltou que este \u00e9 o maior desafio do munic\u00edpio. \u201cDiferente do abastecimento de \u00e1gua, ainda temos muito a avan\u00e7ar no tratamento de esgoto. O munic\u00edpio j\u00e1 coleta 86%, mas trata uma parcela muito pequena. Precisamos unir esfor\u00e7os com os munic\u00edpios da Bacia do Rio Cachoeira para revitalizar esse importante patrim\u00f4nio regional\u201d, destacou Maia.<\/p>\n<p>&nbsp;<\/p>\n<p>O prefeito Augusto Castro ressaltou a relev\u00e2ncia dos dados apresentados e afirmou que a gest\u00e3o municipal, junto \u00e0 diretoria da EMASA, busca alternativas para que a cidade esteja em conformidade com o Novo Marco Legal do Saneamento B\u00e1sico, que estabelece a meta de at\u00e9 2033 garantir 90% da popula\u00e7\u00e3o com acesso \u00e0 coleta e ao tratamento de esgoto.<\/p>\n<p>&nbsp;<\/p>\n<p>\u201cOs investimentos necess\u00e1rios para universalizar a coleta e o tratamento de esgoto s\u00e3o muito elevados e o munic\u00edpio n\u00e3o disp\u00f5e de recursos pr\u00f3prios para custe\u00e1-los. Estamos estudando solu\u00e7\u00f5es que viabilizem os investimentos e garantam que Itabuna cumpra o que determina o Marco Legal do Saneamento\u201d, destacou o prefeito.<\/p>\n<p>&nbsp;<\/p>\n<p>A secret\u00e1ria de Infraestrutura e Urbanismo, S\u00f4nia Fontes, que tamb\u00e9m preside o Conselho de Administra\u00e7\u00e3o da EMASA, lembrou que est\u00e1 em andamento a Consulta P\u00fablica para revis\u00e3o do Plano Municipal de Saneamento B\u00e1sico, aberta at\u00e9 23 de outubro no site da Prefeitura.<\/p>\n<p>&nbsp;<\/p>\n<p>\u201cA Prefeitura, por meio da Secretaria de Infraestrutura e Urbanismo, j\u00e1 promoveu duas oficinas p\u00fablicas, nas quais foram apresentados o diagn\u00f3stico e o progn\u00f3stico do saneamento b\u00e1sico de Itabuna. Agora, com a Consulta P\u00fablica, a popula\u00e7\u00e3o tem a oportunidade de participar ativamente e contribuir com sugest\u00f5es para o novo plano\u201d, refor\u00e7ou a secret\u00e1ria.<\/p>\n<p>&#8212;&#8212;<\/p>\n<p>Assessoria de Comunica\u00e7\u00e3o Social da EMASA<\/p>\n<p>26\/setembro\/2025<\/p>\n","protected":false},"excerpt":{"rendered":"<p>O presidente da Empresa Municipal de \u00c1guas e Saneamento (EMASA), Ivan Maia, apresentou, ontem, quinta-feira (25), ao prefeito Augusto Castro [&hellip;]<\/p>\n","protected":false},"author":1,"featured_media":3809,"comment_status":"open","ping_status":"open","sticky":false,"template":"","format":"standard","meta":{"nf_dc_page":"","footnotes":""},"categories":[9],"tags":[],"class_list":["post-3807","post","type-post","status-publish","format-standard","has-post-thumbnail","hentry","category-noticias"],"_links":{"self":[{"href":"https:\/\/emasaitabuna.com.br\/new\/wp-json\/wp\/v2\/posts\/3807","targetHints":{"allow":["GET"]}}],"collection":[{"href":"https:\/\/emasaitabuna.com.br\/new\/wp-json\/wp\/v2\/posts"}],"about":[{"href":"https:\/\/emasaitabuna.com.br\/new\/wp-json\/wp\/v2\/types\/post"}],"author":[{"embeddable":true,"href":"https:\/\/emasaitabuna.com.br\/new\/wp-json\/wp\/v2\/users\/1"}],"replies":[{"embeddable":true,"href":"https:\/\/emasaitabuna.com.br\/new\/wp-json\/wp\/v2\/comments?post=3807"}],"version-history":[{"count":2,"href":"https:\/\/emasaitabuna.com.br\/new\/wp-json\/wp\/v2\/posts\/3807\/revisions"}],"predecessor-version":[{"id":3810,"href":"https:\/\/emasaitabuna.com.br\/new\/wp-json\/wp\/v2\/posts\/3807\/revisions\/3810"}],"wp:featuredmedia":[{"embeddable":true,"href":"https:\/\/emasaitabuna.com.br\/new\/wp-json\/wp\/v2\/media\/3809"}],"wp:attachment":[{"href":"https:\/\/emasaitabuna.com.br\/new\/wp-json\/wp\/v2\/media?parent=3807"}],"wp:term":[{"taxonomy":"category","embeddable":true,"href":"https:\/\/emasaitabuna.com.br\/new\/wp-json\/wp\/v2\/categories?post=3807"},{"taxonomy":"post_tag","embeddable":true,"href":"https:\/\/emasaitabuna.com.br\/new\/wp-json\/wp\/v2\/tags?post=3807"}],"curies":[{"name":"wp","href":"https:\/\/api.w.org\/{rel}","templated":true}]}}