{"id":3815,"date":"2025-09-29T13:47:19","date_gmt":"2025-09-29T16:47:19","guid":{"rendered":"https:\/\/emasaitabuna.com.br\/new\/?p=3815"},"modified":"2025-09-29T13:47:19","modified_gmt":"2025-09-29T16:47:19","slug":"presidente-da-emasa-visita-assentamento-alemita-e-discute-projetos-de-implantacao-da-rede-de-agua-e-sistema-de-esgoto","status":"publish","type":"post","link":"https:\/\/emasaitabuna.com.br\/new\/presidente-da-emasa-visita-assentamento-alemita-e-discute-projetos-de-implantacao-da-rede-de-agua-e-sistema-de-esgoto\/","title":{"rendered":"Presidente da EMASA visita Assentamento Alemita e discute projetos de implanta\u00e7\u00e3o da rede de \u00e1gua e sistema de esgoto"},"content":{"rendered":"<p><img decoding=\"async\" class=\"aligncenter size-full wp-image-3816\" src=\"https:\/\/emasaitabuna.com.br\/new\/wp-content\/uploads\/2025\/09\/IMG-20250929-WA0031.jpg\" alt=\"\" width=\"1600\" height=\"1066\" srcset=\"https:\/\/emasaitabuna.com.br\/new\/wp-content\/uploads\/2025\/09\/IMG-20250929-WA0031-200x133.jpg 200w, https:\/\/emasaitabuna.com.br\/new\/wp-content\/uploads\/2025\/09\/IMG-20250929-WA0031-300x200.jpg 300w, https:\/\/emasaitabuna.com.br\/new\/wp-content\/uploads\/2025\/09\/IMG-20250929-WA0031-400x267.jpg 400w, https:\/\/emasaitabuna.com.br\/new\/wp-content\/uploads\/2025\/09\/IMG-20250929-WA0031-500x333.jpg 500w, https:\/\/emasaitabuna.com.br\/new\/wp-content\/uploads\/2025\/09\/IMG-20250929-WA0031-600x400.jpg 600w, https:\/\/emasaitabuna.com.br\/new\/wp-content\/uploads\/2025\/09\/IMG-20250929-WA0031-768x512.jpg 768w, https:\/\/emasaitabuna.com.br\/new\/wp-content\/uploads\/2025\/09\/IMG-20250929-WA0031-800x533.jpg 800w, https:\/\/emasaitabuna.com.br\/new\/wp-content\/uploads\/2025\/09\/IMG-20250929-WA0031-1200x800.jpg 1200w, https:\/\/emasaitabuna.com.br\/new\/wp-content\/uploads\/2025\/09\/IMG-20250929-WA0031-1536x1023.jpg 1536w, https:\/\/emasaitabuna.com.br\/new\/wp-content\/uploads\/2025\/09\/IMG-20250929-WA0031.jpg 1600w\" sizes=\"(max-width: 1600px) 100vw, 1600px\" \/><\/p>\n<p>O presidente da Empresa Municipal de \u00c1guas e Saneamento (EMASA), Ivan Maia, visitou no s\u00e1bado passado, dia 27, o Assentamento Alemita, onde foi recebido pela presidente e vice-presidente da associa\u00e7\u00e3o, Valnice Oliveira e Maria Pereira, respectivamente.<\/p>\n<p>A concession\u00e1ria est\u00e1 desenvolvendo em parceria com a Universidade Federal do Sul da Bahia (UFSB) o Projeto Solu\u00e7\u00f5es Integradas para o Saneamento do Assentamento Alemita.<\/p>\n<p>De acordo com Ivan Maia, o projeto est\u00e1 em fase final de conclus\u00e3o e as obras est\u00e3o previstas para se iniciarem no m\u00eas de outubro. \u201cO Assentamento Alemita conta com 32 fam\u00edlias e aproximadamente 150 pessoas\u201d, atestou.<\/p>\n<p>\u201cO projeto que est\u00e1 quase conclu\u00eddo indica a implanta\u00e7\u00e3o de 1,8 mil metros de rede de \u00e1gua e sistema individual de tratamento de esgoto com biodigestor. Tamb\u00e9m atende a uma reivindica\u00e7\u00e3o do vereador Silas da Sa\u00fade (PSD)\u201d, disse o presidente da EMASA.<\/p>\n<p>No encontro, a agricultora Valnice Oliveira, que preside a Associa\u00e7\u00e3o de Moradores do Assentamento Alemita, destacou a vis\u00e3o social da EMASA e da UFSB, em levar o saneamento b\u00e1sico para a comunidade que comemorou 20 anos de exist\u00eancia no dia 30 de agosto.<\/p>\n<p>\u201cRecentemente alunos da UFSB realizaram uma pesquisa com os assentados e todos est\u00e3o ansiosos para em breve poder contar com \u00e1gua tratada e o sistema biodigestor no tratamento do esgoto\u201d, afirmou.<\/p>\n<p>J\u00e1 a vice-presidente Maria Pereira fala do seu contentamento em ver o avan\u00e7o do projeto e a consequente melhora nas condi\u00e7\u00f5es de trabalho no campo e na qualidade de vida dos assentados.<\/p>\n<p>\u201cTemos que agradecer esse conjunto de a\u00e7\u00f5es que est\u00e3o sendo realizadas pela EMASA e a UFSB aqui no Alemita e, principalmente, ao prefeito Augusto Castro (PSD). A chegada da \u00e1gua trar\u00e1 outra realidade para a vida de toda a nossa comunidade\u201d, festejou a vice-presidente do assentamento.<\/p>\n<p>&#8212;&#8212;&#8212;&#8212;&#8211;<\/p>\n<p>Assessoria de Comunica\u00e7\u00e3o Social da EMASA<\/p>\n<p>29\/setembro\/2025.<\/p>\n","protected":false},"excerpt":{"rendered":"<p>O presidente da Empresa Municipal de \u00c1guas e Saneamento (EMASA), Ivan Maia, visitou no s\u00e1bado passado, dia 27, o Assentamento [&hellip;]<\/p>\n","protected":false},"author":1,"featured_media":3816,"comment_status":"open","ping_status":"open","sticky":false,"template":"","format":"standard","meta":{"nf_dc_page":"","footnotes":""},"categories":[9],"tags":[],"class_list":["post-3815","post","type-post","status-publish","format-standard","has-post-thumbnail","hentry","category-noticias"],"_links":{"self":[{"href":"https:\/\/emasaitabuna.com.br\/new\/wp-json\/wp\/v2\/posts\/3815","targetHints":{"allow":["GET"]}}],"collection":[{"href":"https:\/\/emasaitabuna.com.br\/new\/wp-json\/wp\/v2\/posts"}],"about":[{"href":"https:\/\/emasaitabuna.com.br\/new\/wp-json\/wp\/v2\/types\/post"}],"author":[{"embeddable":true,"href":"https:\/\/emasaitabuna.com.br\/new\/wp-json\/wp\/v2\/users\/1"}],"replies":[{"embeddable":true,"href":"https:\/\/emasaitabuna.com.br\/new\/wp-json\/wp\/v2\/comments?post=3815"}],"version-history":[{"count":1,"href":"https:\/\/emasaitabuna.com.br\/new\/wp-json\/wp\/v2\/posts\/3815\/revisions"}],"predecessor-version":[{"id":3817,"href":"https:\/\/emasaitabuna.com.br\/new\/wp-json\/wp\/v2\/posts\/3815\/revisions\/3817"}],"wp:featuredmedia":[{"embeddable":true,"href":"https:\/\/emasaitabuna.com.br\/new\/wp-json\/wp\/v2\/media\/3816"}],"wp:attachment":[{"href":"https:\/\/emasaitabuna.com.br\/new\/wp-json\/wp\/v2\/media?parent=3815"}],"wp:term":[{"taxonomy":"category","embeddable":true,"href":"https:\/\/emasaitabuna.com.br\/new\/wp-json\/wp\/v2\/categories?post=3815"},{"taxonomy":"post_tag","embeddable":true,"href":"https:\/\/emasaitabuna.com.br\/new\/wp-json\/wp\/v2\/tags?post=3815"}],"curies":[{"name":"wp","href":"https:\/\/api.w.org\/{rel}","templated":true}]}}