{"id":3875,"date":"2025-10-15T16:30:38","date_gmt":"2025-10-15T19:30:38","guid":{"rendered":"https:\/\/emasaitabuna.com.br\/new\/?p=3875"},"modified":"2025-10-15T17:47:22","modified_gmt":"2025-10-15T20:47:22","slug":"direcao-da-emasa-coloca-funcionarios-ciente-das-tratativas-para-que-a-embasa-volte-a-operar-o-sistema-de-saneamento-de-itabuna","status":"publish","type":"post","link":"https:\/\/emasaitabuna.com.br\/new\/direcao-da-emasa-coloca-funcionarios-ciente-das-tratativas-para-que-a-embasa-volte-a-operar-o-sistema-de-saneamento-de-itabuna\/","title":{"rendered":"Dire\u00e7\u00e3o da EMASA coloca funcion\u00e1rios cientes das tratativas para que a EMBASA volte a operar o sistema de saneamento de Itabuna"},"content":{"rendered":"<div id=\"attachment_3876\" style=\"width: 1610px\" class=\"wp-caption aligncenter\"><img decoding=\"async\" aria-describedby=\"caption-attachment-3876\" class=\"wp-image-3876 size-full\" src=\"https:\/\/emasaitabuna.com.br\/new\/wp-content\/uploads\/2025\/10\/IMG-20251015-WA0064.jpg\" alt=\"\" width=\"1600\" height=\"1066\" srcset=\"https:\/\/emasaitabuna.com.br\/new\/wp-content\/uploads\/2025\/10\/IMG-20251015-WA0064-200x133.jpg 200w, https:\/\/emasaitabuna.com.br\/new\/wp-content\/uploads\/2025\/10\/IMG-20251015-WA0064-300x200.jpg 300w, https:\/\/emasaitabuna.com.br\/new\/wp-content\/uploads\/2025\/10\/IMG-20251015-WA0064-400x267.jpg 400w, https:\/\/emasaitabuna.com.br\/new\/wp-content\/uploads\/2025\/10\/IMG-20251015-WA0064-500x333.jpg 500w, https:\/\/emasaitabuna.com.br\/new\/wp-content\/uploads\/2025\/10\/IMG-20251015-WA0064-600x400.jpg 600w, https:\/\/emasaitabuna.com.br\/new\/wp-content\/uploads\/2025\/10\/IMG-20251015-WA0064-768x512.jpg 768w, https:\/\/emasaitabuna.com.br\/new\/wp-content\/uploads\/2025\/10\/IMG-20251015-WA0064-800x533.jpg 800w, https:\/\/emasaitabuna.com.br\/new\/wp-content\/uploads\/2025\/10\/IMG-20251015-WA0064-1200x800.jpg 1200w, https:\/\/emasaitabuna.com.br\/new\/wp-content\/uploads\/2025\/10\/IMG-20251015-WA0064-1536x1023.jpg 1536w, https:\/\/emasaitabuna.com.br\/new\/wp-content\/uploads\/2025\/10\/IMG-20251015-WA0064.jpg 1600w\" sizes=\"(max-width: 1600px) 100vw, 1600px\" \/><p id=\"caption-attachment-3876\" class=\"wp-caption-text\">O presidente da EMASA, Ivan Maia, conversa com os funcion\u00e1rios sobre as tratativas entre os governos Municipal e Estadual, para o poss\u00edvel retorno da gest\u00e3o a \u00e1gua e esgoto retornar para a EMBASA.<\/p><\/div>\n<p>Na manh\u00e3 de hoje, dia 15, a diretoria da Empresa Municipal de \u00c1guas e Saneamento (EMASA) reuniu-se com os funcion\u00e1rios quando foi passado o atual est\u00e1gio das tratativas entre o Governo Municipal e o Governo do Estado para que a Empresa Baiana de \u00c1guas e Saneamento (EMBASA) volte a operar o sistema de abastecimento de \u00e1gua e esgotamento sanit\u00e1rio de Itabuna. O encontro aconteceu na Esta\u00e7\u00e3o de Tratamento de \u00c1gua (ETA), no Bairro S\u00e3o Louren\u00e7o,<\/p>\n<p>O presidente da EMASA, Ivan Maia, ressaltou que a prioridade da diretoria e do prefeito Augusto Castro (PSD) \u00e9 assegurar que, com a eventual mudan\u00e7a, os colaboradores da empresa municipal n\u00e3o sofrer\u00e3o nenhum tipo de preju\u00edzo.<\/p>\n<p>\u201cCom o empenho de todos voc\u00eas, o sistema de abastecimento de \u00e1gua de Itabuna avan\u00e7ou bastante. Atualmente, 80% da cidade recebe \u00e1gua tratada e de qualidade todos os dias\u201d, afirmou.<\/p>\n<p>\u201cPor\u00e9m, existe o desafio determinado pelo Novo Marco legal do Saneamento B\u00e1sico de coletar, tratar e dar destino correto ao esgoto sanit\u00e1rio, atendendo 90% do munic\u00edpio at\u00e9 2033. E isso requer recursos estimados em R$ 400 milh\u00f5es\u201d, disse o presidente.<\/p>\n<p>Maia explicou ainda que para atender o Marco Legal do Saneamento ocorreu estudo para encontrar a melhor forma. Dentre elas, a concess\u00e3o, manter a empresa com o munic\u00edpio ou retornar para o Estado.<\/p>\n<p>\u201cForam iniciados conversas com a EMBASA para que o sistema de \u00e1gua e esgoto retorne para \u00e0 empresa. Tanto a dire\u00e7\u00e3o da EMASA, como a Administra\u00e7\u00e3o Municipal est\u00e3o priorizando nosso quadro de pessoal para que ningu\u00e9m seja prejudicado\u201d, reafirmou Ivan Maia.<\/p>\n<p>\u201cAt\u00e9 agora nas tratativas est\u00e1 sendo negociado o aproveitamento de boa parte da nossa m\u00e3o-de-obra pela EMBASA. Mas, com v\u00ednculo empregat\u00edcio na EMASA\u201d, explicou.<\/p>\n<p>Ainda segundo ele, possivelmente a EMASA passe a ser uma autarquia ou continue como empresa municipal para gerir o sistema de drenagem, res\u00edduos s\u00f3lidos e a manuten\u00e7\u00e3o da cidade e pr\u00e9dios p\u00fablicos.<\/p>\n<p>\u201cA EMASA ter\u00e1 uma nova defini\u00e7\u00e3o, se responsabilizando pelo sistema de drenagem da cidade e a gest\u00e3o dos res\u00edduos s\u00f3lidos. Al\u00e9m disso, tamb\u00e9m o que envolve a zeladoria do munic\u00edpio, a exemplo da poda de \u00e1rvores, ilumina\u00e7\u00e3o p\u00fablica e a manuten\u00e7\u00e3o de vias p\u00fablicas. Ent\u00e3o, o restante do quadro de colaboradores atuar\u00e1 na execu\u00e7\u00e3o dessas demandas\u201d, projetou o presidente Ivan Maia.<\/p>\n<p>Alguns dos funcion\u00e1rios presentes ao encontro elogiaram a iniciativa da dire\u00e7\u00e3o da EMASA em atuar com transpar\u00eancia e respeito com seus trabalhadores. A colaboradora Michelle Mansur, lotada no Setor de Cadastro e diretora de Base do Sindicato dos Trabalhadores em \u00c1gua, Esgoto e Meio Ambiente do Estado da Bahia (SINDAE), foi enf\u00e1tica ao afirmar que o sindicato que participar de todo o processo, envolvendo o munic\u00edpio e o estado, na transfer\u00eancia dos servi\u00e7os de saneamento para a EMBASA.<\/p>\n<p>\u201cAgradecer a diretoria pelo respeito e transpar\u00eancia em conversar, os \u00faltimos dias t\u00eam sido de apreens\u00e3o, muitas d\u00favidas e desconforto. Em nome do SINDAE, a gente defende uma empresa municipal, n\u00e3o havendo essa possibilidade, j\u00e1 que foge do controle dos gestores e dos funcion\u00e1rios. Nos colocamos como sindicato para participar desse processo, a gente n\u00e3o est\u00e1 em lados opostos, vamos buscar o que for melhor para os trabalhadores e para a cidade, atuar juntos para o bem comum e preservar os empregos\u201d, ressaltou a l\u00edder sindical Michelle Mansur.<\/p>\n<p>Al\u00e9m do presidente Ivan Maia, estiveram presentes ao encontro com os colaboradores da EMASA, os diretores Fernando Duarte (Opera\u00e7\u00e3o e Expans\u00e3o), Jos\u00e9 Silva (Planejamento), Ronaldo J\u00fanior (Financeiro e Relacionamento com o Cliente) e Mois\u00e9s Figueiredo (Gest\u00e3o Corporativa). Al\u00e9m da procuradora jur\u00eddica Fabiana Rocha.<\/p>\n<p>&#8212;&#8211;<\/p>\n<p>Assessoria de Comunica\u00e7\u00e3o Soci 80al da EMASA<\/p>\n<p>15\/outubro\/2025.<\/p>\n","protected":false},"excerpt":{"rendered":"<p>Na manh\u00e3 de hoje, dia 15, a diretoria da Empresa Municipal de \u00c1guas e Saneamento (EMASA) reuniu-se com os funcion\u00e1rios [&hellip;]<\/p>\n","protected":false},"author":1,"featured_media":3876,"comment_status":"open","ping_status":"open","sticky":false,"template":"","format":"standard","meta":{"nf_dc_page":"","footnotes":""},"categories":[9],"tags":[],"class_list":["post-3875","post","type-post","status-publish","format-standard","has-post-thumbnail","hentry","category-noticias"],"_links":{"self":[{"href":"https:\/\/emasaitabuna.com.br\/new\/wp-json\/wp\/v2\/posts\/3875","targetHints":{"allow":["GET"]}}],"collection":[{"href":"https:\/\/emasaitabuna.com.br\/new\/wp-json\/wp\/v2\/posts"}],"about":[{"href":"https:\/\/emasaitabuna.com.br\/new\/wp-json\/wp\/v2\/types\/post"}],"author":[{"embeddable":true,"href":"https:\/\/emasaitabuna.com.br\/new\/wp-json\/wp\/v2\/users\/1"}],"replies":[{"embeddable":true,"href":"https:\/\/emasaitabuna.com.br\/new\/wp-json\/wp\/v2\/comments?post=3875"}],"version-history":[{"count":4,"href":"https:\/\/emasaitabuna.com.br\/new\/wp-json\/wp\/v2\/posts\/3875\/revisions"}],"predecessor-version":[{"id":3880,"href":"https:\/\/emasaitabuna.com.br\/new\/wp-json\/wp\/v2\/posts\/3875\/revisions\/3880"}],"wp:featuredmedia":[{"embeddable":true,"href":"https:\/\/emasaitabuna.com.br\/new\/wp-json\/wp\/v2\/media\/3876"}],"wp:attachment":[{"href":"https:\/\/emasaitabuna.com.br\/new\/wp-json\/wp\/v2\/media?parent=3875"}],"wp:term":[{"taxonomy":"category","embeddable":true,"href":"https:\/\/emasaitabuna.com.br\/new\/wp-json\/wp\/v2\/categories?post=3875"},{"taxonomy":"post_tag","embeddable":true,"href":"https:\/\/emasaitabuna.com.br\/new\/wp-json\/wp\/v2\/tags?post=3875"}],"curies":[{"name":"wp","href":"https:\/\/api.w.org\/{rel}","templated":true}]}}