{"id":3881,"date":"2025-10-16T11:09:08","date_gmt":"2025-10-16T14:09:08","guid":{"rendered":"https:\/\/emasaitabuna.com.br\/new\/?p=3881"},"modified":"2025-10-16T11:09:51","modified_gmt":"2025-10-16T14:09:51","slug":"emasa-fortalece-parceria-com-sesi-e-senai-para-capacitacao-de-funcionarios-e-acoes-sociais","status":"publish","type":"post","link":"https:\/\/emasaitabuna.com.br\/new\/emasa-fortalece-parceria-com-sesi-e-senai-para-capacitacao-de-funcionarios-e-acoes-sociais\/","title":{"rendered":"EMASA fortalece parceria com SESI e SENAI para capacita\u00e7\u00e3o de funcion\u00e1rios e a\u00e7\u00f5es sociais"},"content":{"rendered":"<p><img decoding=\"async\" class=\"aligncenter size-full wp-image-3882\" src=\"https:\/\/emasaitabuna.com.br\/new\/wp-content\/uploads\/2025\/10\/IMG-20251016-WA0004.jpg\" alt=\"\" width=\"1280\" height=\"960\" srcset=\"https:\/\/emasaitabuna.com.br\/new\/wp-content\/uploads\/2025\/10\/IMG-20251016-WA0004-200x150.jpg 200w, https:\/\/emasaitabuna.com.br\/new\/wp-content\/uploads\/2025\/10\/IMG-20251016-WA0004-300x225.jpg 300w, https:\/\/emasaitabuna.com.br\/new\/wp-content\/uploads\/2025\/10\/IMG-20251016-WA0004-400x300.jpg 400w, https:\/\/emasaitabuna.com.br\/new\/wp-content\/uploads\/2025\/10\/IMG-20251016-WA0004-500x375.jpg 500w, https:\/\/emasaitabuna.com.br\/new\/wp-content\/uploads\/2025\/10\/IMG-20251016-WA0004-600x450.jpg 600w, https:\/\/emasaitabuna.com.br\/new\/wp-content\/uploads\/2025\/10\/IMG-20251016-WA0004-768x576.jpg 768w, https:\/\/emasaitabuna.com.br\/new\/wp-content\/uploads\/2025\/10\/IMG-20251016-WA0004-800x600.jpg 800w, https:\/\/emasaitabuna.com.br\/new\/wp-content\/uploads\/2025\/10\/IMG-20251016-WA0004-1200x900.jpg 1200w, https:\/\/emasaitabuna.com.br\/new\/wp-content\/uploads\/2025\/10\/IMG-20251016-WA0004.jpg 1280w\" sizes=\"(max-width: 1280px) 100vw, 1280px\" \/><\/p>\n<p>A diretoria da Empresa Municipal de \u00c1guas e Saneamento (EMASA) visitou, na manh\u00e3 da \u00faltima ter\u00e7a-feira (14), as instala\u00e7\u00f5es do SESI e SENAI, em Ilh\u00e9us, com o objetivo de conhecer a estrutura do Sistema FIEB e firmar parcerias voltadas \u00e0 capacita\u00e7\u00e3o de funcion\u00e1rios e \u00e0 realiza\u00e7\u00e3o de projetos sociais nas comunidades assistidas pela empresa. A iniciativa refor\u00e7a o compromisso da EMASA com o desenvolvimento humano e a inclus\u00e3o social, especialmente entre fam\u00edlias de baixa renda.<\/p>\n<p>Durante a visita, o grupo conheceu os espa\u00e7os de ensino, laborat\u00f3rios e setores t\u00e9cnicos do Sistema FIEB, al\u00e9m das modalidades de cursos oferecidos pelo Instituto Euvaldo Lodi (IEL). O encontro foi conduzido pelo gerente da unidade SESI e SENAI em Ilh\u00e9us, Alexandre Regis da Cunha, e contou com a presen\u00e7a da Coordenadora Comercial do SESI, Sheila Sampaio, da Rela\u00e7\u00f5es de Mercado do IEL, Tha\u00eds Ara\u00fajo, e da Rela\u00e7\u00e3o Comercial, Polyana Argolo.<\/p>\n<p>Participaram da visita o presidente da EMASA, Ivan Maia, o diretor Financeiro e de Relacionamento, Ronaldo Simas, o diretor de Planejamento, Jos\u00e9 Silva e Santos, o diretor de Expans\u00e3o e Opera\u00e7\u00e3o, Fernando Duarte, o assessor t\u00e9cnico, Agnaldo Ferreira, a assessora jur\u00eddica, Fabiana Rocha, o superintendente, Jo\u00e3o Bittencourt, e a representante do Setor de Seguran\u00e7a do Trabalho, Fabiana Soares.<\/p>\n<p>De acordo com o presidente da EMASA, Ivan Maia, a parceria com o SESI e o SENAI consolida uma nova etapa na pol\u00edtica de valoriza\u00e7\u00e3o dos servidores e aproxima ainda mais a empresa das comunidades que atende. \u201cA capacita\u00e7\u00e3o profissional \u00e9 um instrumento de transforma\u00e7\u00e3o. J\u00e1 temos funcion\u00e1rios participando da EJA gra\u00e7as a essa parceria, e agora queremos ampliar as oportunidades, levando conhecimento tamb\u00e9m \u00e0s fam\u00edlias das comunidades assistidas pela EMASA. Nosso compromisso \u00e9 contribuir com a forma\u00e7\u00e3o cidad\u00e3 e o desenvolvimento humano\u201d, destacou.<\/p>\n<p>O gerente do SESI e SENAI, Alexandre Regis da Cunha, ressaltou a import\u00e2ncia da aproxima\u00e7\u00e3o entre as institui\u00e7\u00f5es. \u201cO Sistema FIEB tem como miss\u00e3o promover o crescimento social e econ\u00f4mico atrav\u00e9s da educa\u00e7\u00e3o e da qualifica\u00e7\u00e3o. A parceria com a EMASA \u00e9 fundamental para fortalecer a\u00e7\u00f5es conjuntas em prol dos trabalhadores e das comunidades\u201d, afirmou.<\/p>\n<p>Sob a lideran\u00e7a da Federa\u00e7\u00e3o das Ind\u00fastrias do Estado da Bahia (FIEB), o Sistema Ind\u00fastria \u00e9 composto pelo Servi\u00e7o Social da Ind\u00fastria (SESI), Servi\u00e7o Nacional de Aprendizagem Industrial (SENAI), Instituto Euvaldo Lodi (IEL) e Centro das Ind\u00fastrias do Estado da Bahia (CIEB). Juntas, essas institui\u00e7\u00f5es atuam de forma integrada, oferecendo servi\u00e7os nas \u00e1reas de educa\u00e7\u00e3o, sa\u00fade, lazer, qualifica\u00e7\u00e3o profissional, inova\u00e7\u00e3o tecnol\u00f3gica e desenvolvimento social.<\/p>\n<p>&#8212;&#8211;<\/p>\n<p>Assessoria de Comunica\u00e7\u00e3o da EMASA<\/p>\n<p>16\/outubro\/2025<\/p>\n<p><img decoding=\"async\" class=\"aligncenter size-full wp-image-3883\" src=\"https:\/\/emasaitabuna.com.br\/new\/wp-content\/uploads\/2025\/10\/IMG-20251016-WA0005.jpg\" alt=\"\" width=\"1280\" height=\"1176\" srcset=\"https:\/\/emasaitabuna.com.br\/new\/wp-content\/uploads\/2025\/10\/IMG-20251016-WA0005-200x184.jpg 200w, https:\/\/emasaitabuna.com.br\/new\/wp-content\/uploads\/2025\/10\/IMG-20251016-WA0005-300x276.jpg 300w, https:\/\/emasaitabuna.com.br\/new\/wp-content\/uploads\/2025\/10\/IMG-20251016-WA0005-400x368.jpg 400w, https:\/\/emasaitabuna.com.br\/new\/wp-content\/uploads\/2025\/10\/IMG-20251016-WA0005-500x459.jpg 500w, https:\/\/emasaitabuna.com.br\/new\/wp-content\/uploads\/2025\/10\/IMG-20251016-WA0005-600x551.jpg 600w, https:\/\/emasaitabuna.com.br\/new\/wp-content\/uploads\/2025\/10\/IMG-20251016-WA0005-768x706.jpg 768w, https:\/\/emasaitabuna.com.br\/new\/wp-content\/uploads\/2025\/10\/IMG-20251016-WA0005-800x735.jpg 800w, https:\/\/emasaitabuna.com.br\/new\/wp-content\/uploads\/2025\/10\/IMG-20251016-WA0005-1200x1103.jpg 1200w, https:\/\/emasaitabuna.com.br\/new\/wp-content\/uploads\/2025\/10\/IMG-20251016-WA0005.jpg 1280w\" sizes=\"(max-width: 1280px) 100vw, 1280px\" \/><\/p>\n","protected":false},"excerpt":{"rendered":"<p>A diretoria da Empresa Municipal de \u00c1guas e Saneamento (EMASA) visitou, na manh\u00e3 da \u00faltima ter\u00e7a-feira (14), as instala\u00e7\u00f5es do [&hellip;]<\/p>\n","protected":false},"author":1,"featured_media":3882,"comment_status":"open","ping_status":"open","sticky":false,"template":"","format":"standard","meta":{"nf_dc_page":"","footnotes":""},"categories":[9],"tags":[],"class_list":["post-3881","post","type-post","status-publish","format-standard","has-post-thumbnail","hentry","category-noticias"],"_links":{"self":[{"href":"https:\/\/emasaitabuna.com.br\/new\/wp-json\/wp\/v2\/posts\/3881","targetHints":{"allow":["GET"]}}],"collection":[{"href":"https:\/\/emasaitabuna.com.br\/new\/wp-json\/wp\/v2\/posts"}],"about":[{"href":"https:\/\/emasaitabuna.com.br\/new\/wp-json\/wp\/v2\/types\/post"}],"author":[{"embeddable":true,"href":"https:\/\/emasaitabuna.com.br\/new\/wp-json\/wp\/v2\/users\/1"}],"replies":[{"embeddable":true,"href":"https:\/\/emasaitabuna.com.br\/new\/wp-json\/wp\/v2\/comments?post=3881"}],"version-history":[{"count":1,"href":"https:\/\/emasaitabuna.com.br\/new\/wp-json\/wp\/v2\/posts\/3881\/revisions"}],"predecessor-version":[{"id":3884,"href":"https:\/\/emasaitabuna.com.br\/new\/wp-json\/wp\/v2\/posts\/3881\/revisions\/3884"}],"wp:featuredmedia":[{"embeddable":true,"href":"https:\/\/emasaitabuna.com.br\/new\/wp-json\/wp\/v2\/media\/3882"}],"wp:attachment":[{"href":"https:\/\/emasaitabuna.com.br\/new\/wp-json\/wp\/v2\/media?parent=3881"}],"wp:term":[{"taxonomy":"category","embeddable":true,"href":"https:\/\/emasaitabuna.com.br\/new\/wp-json\/wp\/v2\/categories?post=3881"},{"taxonomy":"post_tag","embeddable":true,"href":"https:\/\/emasaitabuna.com.br\/new\/wp-json\/wp\/v2\/tags?post=3881"}],"curies":[{"name":"wp","href":"https:\/\/api.w.org\/{rel}","templated":true}]}}