{"id":3885,"date":"2025-10-19T12:53:52","date_gmt":"2025-10-19T15:53:52","guid":{"rendered":"https:\/\/emasaitabuna.com.br\/new\/?p=3885"},"modified":"2025-10-19T12:57:04","modified_gmt":"2025-10-19T15:57:04","slug":"time-da-emasa-vence-a-equipe-do-hospital-de-base-i-e-vai-para-a-final-do-campeonato-dos-servidores","status":"publish","type":"post","link":"https:\/\/emasaitabuna.com.br\/new\/time-da-emasa-vence-a-equipe-do-hospital-de-base-i-e-vai-para-a-final-do-campeonato-dos-servidores\/","title":{"rendered":"Time da EMASA vence a equipe do Hospital de Base I e vai para a final do Campeonato dos Servidores"},"content":{"rendered":"<div id=\"attachment_3887\" style=\"width: 1090px\" class=\"wp-caption aligncenter\"><img decoding=\"async\" aria-describedby=\"caption-attachment-3887\" class=\"wp-image-3887 size-full\" src=\"https:\/\/emasaitabuna.com.br\/new\/wp-content\/uploads\/2025\/10\/Emasa-Time-de-Futebol-2025.jpg\" alt=\"\" width=\"1080\" height=\"719\" srcset=\"https:\/\/emasaitabuna.com.br\/new\/wp-content\/uploads\/2025\/10\/Emasa-Time-de-Futebol-2025-200x133.jpg 200w, https:\/\/emasaitabuna.com.br\/new\/wp-content\/uploads\/2025\/10\/Emasa-Time-de-Futebol-2025-300x200.jpg 300w, https:\/\/emasaitabuna.com.br\/new\/wp-content\/uploads\/2025\/10\/Emasa-Time-de-Futebol-2025-400x266.jpg 400w, https:\/\/emasaitabuna.com.br\/new\/wp-content\/uploads\/2025\/10\/Emasa-Time-de-Futebol-2025-500x333.jpg 500w, https:\/\/emasaitabuna.com.br\/new\/wp-content\/uploads\/2025\/10\/Emasa-Time-de-Futebol-2025-600x399.jpg 600w, https:\/\/emasaitabuna.com.br\/new\/wp-content\/uploads\/2025\/10\/Emasa-Time-de-Futebol-2025-768x511.jpg 768w, https:\/\/emasaitabuna.com.br\/new\/wp-content\/uploads\/2025\/10\/Emasa-Time-de-Futebol-2025-800x533.jpg 800w, https:\/\/emasaitabuna.com.br\/new\/wp-content\/uploads\/2025\/10\/Emasa-Time-de-Futebol-2025.jpg 1080w\" sizes=\"(max-width: 1080px) 100vw, 1080px\" \/><p id=\"caption-attachment-3887\" class=\"wp-caption-text\">Time da EMASA vai para mais uma final, no Campeonato dos Servidores.<\/p><\/div>\n<p>Em uma partida marcada por fortes emo\u00e7\u00f5es, o time da EMASA venceu na disputa por p\u00eanaltis a equipe do Hospital de Base I. O jogo valendo pela semifinal do 9\u00b0 Campeonato de Futebol dos Servidores P\u00fablico Municipal, disputado, na manh\u00e3 de ontem, dia 18, na Areinha Tim, no bairro Concei\u00e7\u00e3o, no tempo normal a partida terminou empatado em 2 x 2.<\/p>\n<p>A EMASA abriu o placar com Foguinho, o Base empatou com Manga, o desempate veio com o atacante da EMASA, Luiz Felipe e o Base voltou a empatar com o goleiro Maur\u00edcio, cobrando falta com perfei\u00e7\u00e3o.<\/p>\n<p>Na disputa por p\u00eanaltis, o goleiro Afonso, da EMASA, se transformou em her\u00f3i, pegando dois p\u00eanaltis. O resultado leva o time da EMASA para a final no pr\u00f3ximo s\u00e1bado, dia 25,<\/p>\n<p>O presidente da EMASA, Ivan Maia, acompanhou a partida e destacou o jogo coletivo da equipe. \u201cO que ocorreu hoje aqui, com o nosso time \u00e9 o que fazemos no nosso dia a dia. O trabalho coletivo, onde todos unem for\u00e7a para fazer o melhor, est\u00e3o todos de parab\u00e9ns\u201d, ressaltou Maia<\/p>\n<p>O t\u00e9cnico da EMASA, Chesman Gilton, destacou o crescimento do time ao longo da competi\u00e7\u00e3o. \u201cA equipe veio crescendo ao longo da competi\u00e7\u00e3o, o entrosamento do time e garra de cada um dos jogadores fez valer o resultado. Por\u00e9m, nada est\u00e1 ganho ainda, vamos para a final focado na conquista de mais um t\u00edtulo&#8221;, afirmou o mister Chesman.<\/p>\n<p>Quem tamb\u00e9m prestigiou a partida foi o vereador Bab\u00e1 Cearense (PP) e o secret\u00e1rio de Esportes, Alc\u00e2ntara Pelegrini.<\/p>\n<p>\u201cJ\u00e1 estamos com uma m\u00e3o na ta\u00e7a. Agora, \u00e9 manter o foco para o jogo final e soltar o grito de campe\u00e3o&#8221;, disse Bab\u00e1 Cearense, que j\u00e1 exerceu o cargo de gerente administrativo da EMASA.<\/p>\n<p>A EMASA vai enfrentar na final a equipe do Hospital de Base II, que na outra semifinal venceu a Biosanear. O Campeonato dos Servidores P\u00fablicos Municipais, \u00e9 organizado pelo Sindicato dos Funcion\u00e1rios P\u00fablicos de Itabuna (SINDISERV), presidido pela vereadora Wilmaci de Oliveira (PC do B).<\/p>\n<p>\u2014&#8212;-<\/p>\n<p>Assessoria de Comunica\u00e7\u00e3o Social da EMASA<\/p>\n<p>19\/outubro\/2025.<\/p>\n","protected":false},"excerpt":{"rendered":"<p>Em uma partida marcada por fortes emo\u00e7\u00f5es, o time da EMASA venceu na disputa por p\u00eanaltis a equipe do Hospital [&hellip;]<\/p>\n","protected":false},"author":1,"featured_media":3887,"comment_status":"open","ping_status":"open","sticky":false,"template":"","format":"standard","meta":{"nf_dc_page":"","footnotes":""},"categories":[9],"tags":[],"class_list":["post-3885","post","type-post","status-publish","format-standard","has-post-thumbnail","hentry","category-noticias"],"_links":{"self":[{"href":"https:\/\/emasaitabuna.com.br\/new\/wp-json\/wp\/v2\/posts\/3885","targetHints":{"allow":["GET"]}}],"collection":[{"href":"https:\/\/emasaitabuna.com.br\/new\/wp-json\/wp\/v2\/posts"}],"about":[{"href":"https:\/\/emasaitabuna.com.br\/new\/wp-json\/wp\/v2\/types\/post"}],"author":[{"embeddable":true,"href":"https:\/\/emasaitabuna.com.br\/new\/wp-json\/wp\/v2\/users\/1"}],"replies":[{"embeddable":true,"href":"https:\/\/emasaitabuna.com.br\/new\/wp-json\/wp\/v2\/comments?post=3885"}],"version-history":[{"count":3,"href":"https:\/\/emasaitabuna.com.br\/new\/wp-json\/wp\/v2\/posts\/3885\/revisions"}],"predecessor-version":[{"id":3889,"href":"https:\/\/emasaitabuna.com.br\/new\/wp-json\/wp\/v2\/posts\/3885\/revisions\/3889"}],"wp:featuredmedia":[{"embeddable":true,"href":"https:\/\/emasaitabuna.com.br\/new\/wp-json\/wp\/v2\/media\/3887"}],"wp:attachment":[{"href":"https:\/\/emasaitabuna.com.br\/new\/wp-json\/wp\/v2\/media?parent=3885"}],"wp:term":[{"taxonomy":"category","embeddable":true,"href":"https:\/\/emasaitabuna.com.br\/new\/wp-json\/wp\/v2\/categories?post=3885"},{"taxonomy":"post_tag","embeddable":true,"href":"https:\/\/emasaitabuna.com.br\/new\/wp-json\/wp\/v2\/tags?post=3885"}],"curies":[{"name":"wp","href":"https:\/\/api.w.org\/{rel}","templated":true}]}}