{"id":3993,"date":"2025-11-03T11:12:05","date_gmt":"2025-11-03T14:12:05","guid":{"rendered":"https:\/\/emasaitabuna.com.br\/new\/?p=3993"},"modified":"2025-11-03T11:22:17","modified_gmt":"2025-11-03T14:22:17","slug":"emasa-encerra-mes-de-outubro-com-palestra-de-conscientizacao-sobre-o-cancer-de-mama","status":"publish","type":"post","link":"https:\/\/emasaitabuna.com.br\/new\/emasa-encerra-mes-de-outubro-com-palestra-de-conscientizacao-sobre-o-cancer-de-mama\/","title":{"rendered":"EMASA encerra m\u00eas de outubro com palestra de conscientiza\u00e7\u00e3o sobre o c\u00e2ncer de mama"},"content":{"rendered":"<p><img decoding=\"async\" class=\"size-medium wp-image-3994 aligncenter\" src=\"https:\/\/emasaitabuna.com.br\/new\/wp-content\/uploads\/2025\/11\/IMG-20251103-WA0029-500x365.jpg\" alt=\"\" width=\"500\" height=\"365\" srcset=\"https:\/\/emasaitabuna.com.br\/new\/wp-content\/uploads\/2025\/11\/IMG-20251103-WA0029-200x146.jpg 200w, https:\/\/emasaitabuna.com.br\/new\/wp-content\/uploads\/2025\/11\/IMG-20251103-WA0029-300x219.jpg 300w, https:\/\/emasaitabuna.com.br\/new\/wp-content\/uploads\/2025\/11\/IMG-20251103-WA0029-400x292.jpg 400w, https:\/\/emasaitabuna.com.br\/new\/wp-content\/uploads\/2025\/11\/IMG-20251103-WA0029-500x365.jpg 500w, https:\/\/emasaitabuna.com.br\/new\/wp-content\/uploads\/2025\/11\/IMG-20251103-WA0029-600x438.jpg 600w, https:\/\/emasaitabuna.com.br\/new\/wp-content\/uploads\/2025\/11\/IMG-20251103-WA0029-768x561.jpg 768w, https:\/\/emasaitabuna.com.br\/new\/wp-content\/uploads\/2025\/11\/IMG-20251103-WA0029-800x584.jpg 800w, https:\/\/emasaitabuna.com.br\/new\/wp-content\/uploads\/2025\/11\/IMG-20251103-WA0029-1200x877.jpg 1200w, https:\/\/emasaitabuna.com.br\/new\/wp-content\/uploads\/2025\/11\/IMG-20251103-WA0029-1536x1122.jpg 1536w\" sizes=\"(max-width: 500px) 100vw, 500px\" \/><\/p>\n<p>Para marcar o encerramento das a\u00e7\u00f5es do Outubro Rosa, a Empresa Municipal de \u00c1guas e Saneamento (EMASA) promoveu, na \u00faltima sexta-feira (31), uma palestra de conscientiza\u00e7\u00e3o sobre o c\u00e2ncer de mama, realizada no audit\u00f3rio da Esta\u00e7\u00e3o de Tratamento de \u00c1gua (ETA), no bairro S\u00e3o Louren\u00e7o. O encontro, intitulado \u201cMomento de Conversa e Acolhimento\u201d, foi promovido pelo Setor Psicossocial da empresa e teve como objetivo alertar as colaboradoras sobre a import\u00e2ncia da preven\u00e7\u00e3o e do diagn\u00f3stico precoce da doen\u00e7a.<\/p>\n<p>A roda de conversa foi conduzida pela enfermeira e coordenadora do Centro de Aten\u00e7\u00e3o \u00e0 Mulher (CAM), Gabriela Brito, e pela respons\u00e1vel pelo acolhimento da Sala Violeta, Paloma Smith, com apoio da Secretaria Municipal de Sa\u00fade. Durante o evento, as participantes puderam tirar d\u00favidas, compartilhar experi\u00eancias e refor\u00e7ar o compromisso com o autocuidado.<\/p>\n<p>De acordo com Gabriela Brito, o c\u00e2ncer de mama continua sendo a principal causa de morte entre as mulheres no Brasil, e a informa\u00e7\u00e3o \u00e9 uma ferramenta essencial na luta contra a doen\u00e7a. \u201cO conhecimento e a preven\u00e7\u00e3o s\u00e3o as melhores armas para combater o c\u00e2ncer de mama. A inten\u00e7\u00e3o \u00e9 fortalecer o di\u00e1logo e a consci\u00eancia sobre a import\u00e2ncia de se cuidar\u201d, destacou Gabriela.<\/p>\n<p>Como resultado da a\u00e7\u00e3o, as colaboradoras da EMASA ser\u00e3o triadas e encaminhadas diretamente ao CAM para consultas com mastologista e ginecologista, al\u00e9m da realiza\u00e7\u00e3o de exames de ultrassonografia de mama, densitometria \u00f3ssea, citopatol\u00f3gico e mamografias, a serem agendadas conforme avalia\u00e7\u00e3o m\u00e9dica.<\/p>\n<p>O evento contou com a presen\u00e7a da vereadora Wilmacy Oliveira (PCdoB), dos diretores da EMASA Jos\u00e9 Silva e Santos (Planejamento), Fernando Duarte (Expans\u00e3o e Opera\u00e7\u00e3o), Agnaldo Ferreira (Assessor T\u00e9cnico), Jo\u00e3o Bitencourt (Superintendente de Expans\u00e3o e Opera\u00e7\u00e3o), Marta Reis (Gerente de Relacionamento com o Cliente) e Josi Alves (Assessora da Presid\u00eancia).<\/p>\n<p>O presidente da EMASA, Ivan Maia, destacou a import\u00e2ncia de iniciativas que valorizam o bem-estar das colaboradoras e fortalecem o papel social da empresa. \u201cA EMASA \u00e9 feita por pessoas e para pessoas. Cuidar da sa\u00fade das nossas colaboradoras \u00e9 um compromisso que vai al\u00e9m do ambiente de trabalho. Essa a\u00e7\u00e3o simboliza o nosso respeito e o nosso olhar atento \u00e0 preven\u00e7\u00e3o e \u00e0 vida\u201d, afirmou o presidente.<\/p>\n<p>A atividade encerrou o m\u00eas de outubro reafirmando o compromisso da EMASA com a sa\u00fade, o acolhimento e a valoriza\u00e7\u00e3o das mulheres, refor\u00e7ando que a informa\u00e7\u00e3o e o cuidado cont\u00ednuo s\u00e3o os melhores caminhos para vencer o c\u00e2ncer de mama.<\/p>\n<p>&#8212;&#8212;&#8211;<\/p>\n<p>Assessoria de Comunica\u00e7\u00e3o Social da EMASA<\/p>\n<p>03\/novembro\/2025.<\/p>\n<p><img decoding=\"async\" class=\"size-medium wp-image-3999 aligncenter\" src=\"https:\/\/emasaitabuna.com.br\/new\/wp-content\/uploads\/2025\/11\/IMG-20251103-WA0011-500x374.jpg\" alt=\"\" width=\"500\" height=\"374\" srcset=\"https:\/\/emasaitabuna.com.br\/new\/wp-content\/uploads\/2025\/11\/IMG-20251103-WA0011-200x149.jpg 200w, https:\/\/emasaitabuna.com.br\/new\/wp-content\/uploads\/2025\/11\/IMG-20251103-WA0011-300x224.jpg 300w, https:\/\/emasaitabuna.com.br\/new\/wp-content\/uploads\/2025\/11\/IMG-20251103-WA0011-400x299.jpg 400w, https:\/\/emasaitabuna.com.br\/new\/wp-content\/uploads\/2025\/11\/IMG-20251103-WA0011-500x374.jpg 500w, https:\/\/emasaitabuna.com.br\/new\/wp-content\/uploads\/2025\/11\/IMG-20251103-WA0011-600x448.jpg 600w, https:\/\/emasaitabuna.com.br\/new\/wp-content\/uploads\/2025\/11\/IMG-20251103-WA0011-768x574.jpg 768w, https:\/\/emasaitabuna.com.br\/new\/wp-content\/uploads\/2025\/11\/IMG-20251103-WA0011-800x598.jpg 800w, https:\/\/emasaitabuna.com.br\/new\/wp-content\/uploads\/2025\/11\/IMG-20251103-WA0011-1200x897.jpg 1200w, https:\/\/emasaitabuna.com.br\/new\/wp-content\/uploads\/2025\/11\/IMG-20251103-WA0011-1536x1148.jpg 1536w\" sizes=\"(max-width: 500px) 100vw, 500px\" \/><\/p>\n<p><img decoding=\"async\" class=\"size-medium wp-image-3998 aligncenter\" src=\"https:\/\/emasaitabuna.com.br\/new\/wp-content\/uploads\/2025\/11\/IMG-20251103-WA0008-1-500x391.jpg\" alt=\"\" width=\"500\" height=\"391\" srcset=\"https:\/\/emasaitabuna.com.br\/new\/wp-content\/uploads\/2025\/11\/IMG-20251103-WA0008-1-300x234.jpg 300w, https:\/\/emasaitabuna.com.br\/new\/wp-content\/uploads\/2025\/11\/IMG-20251103-WA0008-1-500x391.jpg 500w, https:\/\/emasaitabuna.com.br\/new\/wp-content\/uploads\/2025\/11\/IMG-20251103-WA0008-1-768x600.jpg 768w, https:\/\/emasaitabuna.com.br\/new\/wp-content\/uploads\/2025\/11\/IMG-20251103-WA0008-1-1200x937.jpg 1200w, https:\/\/emasaitabuna.com.br\/new\/wp-content\/uploads\/2025\/11\/IMG-20251103-WA0008-1-1536x1200.jpg 1536w\" sizes=\"(max-width: 500px) 100vw, 500px\" \/><\/p>\n<p>&nbsp;<\/p>\n<p>&nbsp;<\/p>\n","protected":false},"excerpt":{"rendered":"<p>Para marcar o encerramento das a\u00e7\u00f5es do Outubro Rosa, a Empresa Municipal de \u00c1guas e Saneamento (EMASA) promoveu, na \u00faltima [&hellip;]<\/p>\n","protected":false},"author":1,"featured_media":3994,"comment_status":"open","ping_status":"open","sticky":false,"template":"","format":"standard","meta":{"nf_dc_page":"","footnotes":""},"categories":[9],"tags":[],"class_list":["post-3993","post","type-post","status-publish","format-standard","has-post-thumbnail","hentry","category-noticias"],"_links":{"self":[{"href":"https:\/\/emasaitabuna.com.br\/new\/wp-json\/wp\/v2\/posts\/3993","targetHints":{"allow":["GET"]}}],"collection":[{"href":"https:\/\/emasaitabuna.com.br\/new\/wp-json\/wp\/v2\/posts"}],"about":[{"href":"https:\/\/emasaitabuna.com.br\/new\/wp-json\/wp\/v2\/types\/post"}],"author":[{"embeddable":true,"href":"https:\/\/emasaitabuna.com.br\/new\/wp-json\/wp\/v2\/users\/1"}],"replies":[{"embeddable":true,"href":"https:\/\/emasaitabuna.com.br\/new\/wp-json\/wp\/v2\/comments?post=3993"}],"version-history":[{"count":5,"href":"https:\/\/emasaitabuna.com.br\/new\/wp-json\/wp\/v2\/posts\/3993\/revisions"}],"predecessor-version":[{"id":4002,"href":"https:\/\/emasaitabuna.com.br\/new\/wp-json\/wp\/v2\/posts\/3993\/revisions\/4002"}],"wp:featuredmedia":[{"embeddable":true,"href":"https:\/\/emasaitabuna.com.br\/new\/wp-json\/wp\/v2\/media\/3994"}],"wp:attachment":[{"href":"https:\/\/emasaitabuna.com.br\/new\/wp-json\/wp\/v2\/media?parent=3993"}],"wp:term":[{"taxonomy":"category","embeddable":true,"href":"https:\/\/emasaitabuna.com.br\/new\/wp-json\/wp\/v2\/categories?post=3993"},{"taxonomy":"post_tag","embeddable":true,"href":"https:\/\/emasaitabuna.com.br\/new\/wp-json\/wp\/v2\/tags?post=3993"}],"curies":[{"name":"wp","href":"https:\/\/api.w.org\/{rel}","templated":true}]}}