{"id":4003,"date":"2025-11-03T18:20:24","date_gmt":"2025-11-03T21:20:24","guid":{"rendered":"https:\/\/emasaitabuna.com.br\/new\/?p=4003"},"modified":"2025-11-06T14:48:20","modified_gmt":"2025-11-06T17:48:20","slug":"joao-bittencourt-deixa-a-emasa-e-assume-a-direcao-do-saae-de-valenca","status":"publish","type":"post","link":"https:\/\/emasaitabuna.com.br\/new\/joao-bittencourt-deixa-a-emasa-e-assume-a-direcao-do-saae-de-valenca\/","title":{"rendered":"Jo\u00e3o Bittencourt deixa a EMASA e assume a dire\u00e7\u00e3o do SAAE de Valen\u00e7a"},"content":{"rendered":"<div id=\"attachment_4004\" style=\"width: 510px\" class=\"wp-caption alignright\"><img decoding=\"async\" aria-describedby=\"caption-attachment-4004\" class=\"wp-image-4004 size-medium\" src=\"https:\/\/emasaitabuna.com.br\/new\/wp-content\/uploads\/2025\/11\/IMG-20251103-WA0064-500x333.jpg\" alt=\"\" width=\"500\" height=\"333\" srcset=\"https:\/\/emasaitabuna.com.br\/new\/wp-content\/uploads\/2025\/11\/IMG-20251103-WA0064-200x133.jpg 200w, https:\/\/emasaitabuna.com.br\/new\/wp-content\/uploads\/2025\/11\/IMG-20251103-WA0064-300x200.jpg 300w, https:\/\/emasaitabuna.com.br\/new\/wp-content\/uploads\/2025\/11\/IMG-20251103-WA0064-400x267.jpg 400w, https:\/\/emasaitabuna.com.br\/new\/wp-content\/uploads\/2025\/11\/IMG-20251103-WA0064-500x333.jpg 500w, https:\/\/emasaitabuna.com.br\/new\/wp-content\/uploads\/2025\/11\/IMG-20251103-WA0064-600x400.jpg 600w, https:\/\/emasaitabuna.com.br\/new\/wp-content\/uploads\/2025\/11\/IMG-20251103-WA0064-768x512.jpg 768w, https:\/\/emasaitabuna.com.br\/new\/wp-content\/uploads\/2025\/11\/IMG-20251103-WA0064-800x533.jpg 800w, https:\/\/emasaitabuna.com.br\/new\/wp-content\/uploads\/2025\/11\/IMG-20251103-WA0064-1200x800.jpg 1200w, https:\/\/emasaitabuna.com.br\/new\/wp-content\/uploads\/2025\/11\/IMG-20251103-WA0064-1536x1023.jpg 1536w, https:\/\/emasaitabuna.com.br\/new\/wp-content\/uploads\/2025\/11\/IMG-20251103-WA0064.jpg 1600w\" sizes=\"(max-width: 500px) 100vw, 500px\" \/><p id=\"caption-attachment-4004\" class=\"wp-caption-text\">Jo\u00e3o Bittencourt (camisa de manga comprida), orienta oper\u00e1rios, na execu\u00e7\u00e3o das obras de implanta\u00e7\u00e3o das rede de \u00e1gua e esgoto, no bairro Mangabinha.<\/p><\/div>\n<p>O engenheiro ambiental Jo\u00e3o Bittencourt foi nomeado Diretor-Geral do Servi\u00e7o Aut\u00f4nomo de \u00c1gua e Esgoto (SAAE) do munic\u00edpio de Valen\u00e7a, no Baixo Sul da Bahia. A nomea\u00e7\u00e3o foi recebida com orgulho pelos colaboradores da Empresa Municipal de \u00c1guas e Saneamento (EMASA), onde Jo\u00e3o construiu uma s\u00f3lida trajet\u00f3ria profissional ao longo de mais de tr\u00eas d\u00e9cadas.<\/p>\n<p>Em raz\u00e3o da nova fun\u00e7\u00e3o, o presidente da EMASA, Ivan Maia, assinou hoje, dia 3, a exonera\u00e7\u00e3o de Jo\u00e3o Bittencourt, do cargo de superintendente de Expans\u00e3o e Opera\u00e7\u00e3o da companhia.<\/p>\n<p>A hist\u00f3ria de Jo\u00e3o Bittencourt se entrela\u00e7a com a da pr\u00f3pria EMASA. A empresa foi fundada em 1989, quando Itabuna deixou de ser atendida pela Empresa Baiana de \u00c1guas e Saneamento (EMBASA). No ano seguinte, Jo\u00e3o ingressou na companhia, aos 20 anos, como motorista, iniciando uma jornada marcada por dedica\u00e7\u00e3o, estudo e ascens\u00e3o profissional.<\/p>\n<p>Em 2010, Jo\u00e3o Bittencourt concluiu o curso de Engenharia Ambiental pela Faculdade de Tecnologia e Ci\u00eancias (FTC) e fez mestrado em Desenvolvimento Regional e Meio Ambiente, pela Universidade Estadual de Santa Cruz (UESC).<\/p>\n<p>Em 2020, foi nomeado Diretor T\u00e9cnico da EMASA, ocupou outros cargos da \u00e1rea t\u00e9cnica e chegou a superintendente da companhia de \u00e1gua e esgoto de Itabuna.<\/p>\n<p>Para o presidente Ivan Maia, a trajet\u00f3ria de Jo\u00e3o Bittencourt na EMASA o credencia a dirigir qualquer empresa de saneamento b\u00e1sico no Brasil.<\/p>\n<p>\u201cJo\u00e3o \u00e9 um dos profissionais mais competentes e comprometidos com quem tive o prazer e a satisfa\u00e7\u00e3o de trabalhar. O SAAE e o munic\u00edpio de Valen\u00e7a ganham um profissional de alt\u00edssima qualidade e compet\u00eancia\u201d, afirmou o presidente da EMASA.<\/p>\n<p>O gerente de Planejamento da EMASA, \u00c2ngelo Lucena, que tamb\u00e9m iniciou sua carreira na empresa como menor aprendiz, expressou o sentimento dos companheiros de empresa. \u201c\u00c9 um misto de alegria e tristeza. Alegria por v\u00ea-lo conquistar um novo desafio e tristeza pela sua partida. Jo\u00e3o deixa um legado de inspira\u00e7\u00e3o para todos n\u00f3s\u201d.<\/p>\n<p>&#8212;&#8212;<\/p>\n<p>Assessoria de Comunica\u00e7\u00e3o Social da EMASA<\/p>\n<p>03\/novembro\/2023<\/p>\n","protected":false},"excerpt":{"rendered":"<p>O engenheiro ambiental Jo\u00e3o Bittencourt foi nomeado Diretor-Geral do Servi\u00e7o Aut\u00f4nomo de \u00c1gua e Esgoto (SAAE) do munic\u00edpio de Valen\u00e7a, [&hellip;]<\/p>\n","protected":false},"author":1,"featured_media":4004,"comment_status":"open","ping_status":"open","sticky":false,"template":"","format":"standard","meta":{"nf_dc_page":"","footnotes":""},"categories":[9],"tags":[],"class_list":["post-4003","post","type-post","status-publish","format-standard","has-post-thumbnail","hentry","category-noticias"],"_links":{"self":[{"href":"https:\/\/emasaitabuna.com.br\/new\/wp-json\/wp\/v2\/posts\/4003","targetHints":{"allow":["GET"]}}],"collection":[{"href":"https:\/\/emasaitabuna.com.br\/new\/wp-json\/wp\/v2\/posts"}],"about":[{"href":"https:\/\/emasaitabuna.com.br\/new\/wp-json\/wp\/v2\/types\/post"}],"author":[{"embeddable":true,"href":"https:\/\/emasaitabuna.com.br\/new\/wp-json\/wp\/v2\/users\/1"}],"replies":[{"embeddable":true,"href":"https:\/\/emasaitabuna.com.br\/new\/wp-json\/wp\/v2\/comments?post=4003"}],"version-history":[{"count":3,"href":"https:\/\/emasaitabuna.com.br\/new\/wp-json\/wp\/v2\/posts\/4003\/revisions"}],"predecessor-version":[{"id":4012,"href":"https:\/\/emasaitabuna.com.br\/new\/wp-json\/wp\/v2\/posts\/4003\/revisions\/4012"}],"wp:featuredmedia":[{"embeddable":true,"href":"https:\/\/emasaitabuna.com.br\/new\/wp-json\/wp\/v2\/media\/4004"}],"wp:attachment":[{"href":"https:\/\/emasaitabuna.com.br\/new\/wp-json\/wp\/v2\/media?parent=4003"}],"wp:term":[{"taxonomy":"category","embeddable":true,"href":"https:\/\/emasaitabuna.com.br\/new\/wp-json\/wp\/v2\/categories?post=4003"},{"taxonomy":"post_tag","embeddable":true,"href":"https:\/\/emasaitabuna.com.br\/new\/wp-json\/wp\/v2\/tags?post=4003"}],"curies":[{"name":"wp","href":"https:\/\/api.w.org\/{rel}","templated":true}]}}