{"id":4007,"date":"2025-11-05T15:12:44","date_gmt":"2025-11-05T18:12:44","guid":{"rendered":"https:\/\/emasaitabuna.com.br\/new\/?p=4007"},"modified":"2025-11-05T15:13:21","modified_gmt":"2025-11-05T18:13:21","slug":"prefeito-augusto-castro-se-reune-com-a-embasa-para-tratar-dos-servicos-de-saneamento-basico-em-itabuna","status":"publish","type":"post","link":"https:\/\/emasaitabuna.com.br\/new\/prefeito-augusto-castro-se-reune-com-a-embasa-para-tratar-dos-servicos-de-saneamento-basico-em-itabuna\/","title":{"rendered":"Prefeito Augusto Castro se re\u00fane com a EMBASA para tratar dos servi\u00e7os de saneamento b\u00e1sico em Itabuna"},"content":{"rendered":"<div id=\"attachment_4008\" style=\"width: 510px\" class=\"wp-caption alignright\"><img decoding=\"async\" aria-describedby=\"caption-attachment-4008\" class=\"wp-image-4008 size-medium\" src=\"https:\/\/emasaitabuna.com.br\/new\/wp-content\/uploads\/2025\/11\/IMG-20251105-WA0028-500x375.jpg\" alt=\"\" width=\"500\" height=\"375\" srcset=\"https:\/\/emasaitabuna.com.br\/new\/wp-content\/uploads\/2025\/11\/IMG-20251105-WA0028-200x150.jpg 200w, https:\/\/emasaitabuna.com.br\/new\/wp-content\/uploads\/2025\/11\/IMG-20251105-WA0028-300x225.jpg 300w, https:\/\/emasaitabuna.com.br\/new\/wp-content\/uploads\/2025\/11\/IMG-20251105-WA0028-400x300.jpg 400w, https:\/\/emasaitabuna.com.br\/new\/wp-content\/uploads\/2025\/11\/IMG-20251105-WA0028-500x375.jpg 500w, https:\/\/emasaitabuna.com.br\/new\/wp-content\/uploads\/2025\/11\/IMG-20251105-WA0028-600x450.jpg 600w, https:\/\/emasaitabuna.com.br\/new\/wp-content\/uploads\/2025\/11\/IMG-20251105-WA0028-768x576.jpg 768w, https:\/\/emasaitabuna.com.br\/new\/wp-content\/uploads\/2025\/11\/IMG-20251105-WA0028-800x600.jpg 800w, https:\/\/emasaitabuna.com.br\/new\/wp-content\/uploads\/2025\/11\/IMG-20251105-WA0028-1200x900.jpg 1200w, https:\/\/emasaitabuna.com.br\/new\/wp-content\/uploads\/2025\/11\/IMG-20251105-WA0028.jpg 1280w\" sizes=\"(max-width: 500px) 100vw, 500px\" \/><p id=\"caption-attachment-4008\" class=\"wp-caption-text\">Reuni\u00e3o entre o prefeito de Itabuna, Augusto Castro; os presidentes Ivan Maia (EMASA) e Gildeone Alneida (EMBASA); e a diretora Financeira e Comercial da estatal baiana, Marcela Lima, discutem o processo de transi\u00e7\u00e3o entre as duas empresas (Foto: Lorena &#8211; ASCOM\/EMBASA)<\/p><\/div>\n<p>O prefeito de Itabuna, Augusto Castro (PSD), se reuniu nesta quarta-feira, dia 5, com o presidente da Empresa Baiana de \u00c1guas e Saneamento (EMBASA), Gildeone Almeida, e a diretora Financeira e Comercial da estatal, Marcela Lima, para discutir os detalhes para opera\u00e7\u00e3o dos servi\u00e7os de abastecimento de \u00e1gua e esgotamento sanit\u00e1rio do munic\u00edpio pela EMBASA. O encontro contou tamb\u00e9m com a presen\u00e7a do presidente da EMASA, Ivan Maia.<\/p>\n<p>Durante a reuni\u00e3o, foram reafirmados os investimentos previstos no Plano Municipal de Saneamento B\u00e1sico (PMSB), recentemente revisado, que totalizam mais de R$ 669 milh\u00f5es destinados a a\u00e7\u00f5es de amplia\u00e7\u00e3o e melhoria dos servi\u00e7os de \u00e1gua e esgoto em Itabuna.<\/p>\n<p>Atendendo a solicita\u00e7\u00e3o do prefeito, a dire\u00e7\u00e3o da EMBASA se comprometeu a antecipar as obras da adutora Itap\u00e9-Itabuna, com a capta\u00e7\u00e3o da \u00e1gua da barragem do Rio Col\u00f4nia, via rede adutora.<\/p>\n<p>\u201cAl\u00e9m da constru\u00e7\u00e3o da rede adutora da barragem do Rio Col\u00f4nia, foi abordado a expans\u00e3o do sistema de esgotamento sanit\u00e1rio no menor tempo poss\u00edvel. Tamb\u00e9m foram debatidos temas estrat\u00e9gicos, como a cria\u00e7\u00e3o do Fundo Municipal de Saneamento B\u00e1sico e a situa\u00e7\u00e3o dos empregados da EMASA, ponto que vem recebendo aten\u00e7\u00e3o especial nas tratativas entre as duas partes\u201d, afirmou o prefeito Augusto Castro.<\/p>\n<p>Segundo o presidente Ivan Maia, ficou definida a forma\u00e7\u00e3o de uma comiss\u00e3o conjunta entre EMASA e EMBASA, que iniciar\u00e1 nas pr\u00f3ximas semanas os trabalhos t\u00e9cnicos e administrativos para viabilizar a transi\u00e7\u00e3o operacional.<\/p>\n<p>\u201cSer\u00e1 formada uma comiss\u00e3o reunindo membros das duas empresas para analisar as quest\u00f5es t\u00e9cnicas e administrativas. Sendo uma das prioridades em assegurar que, com a mudan\u00e7a, os colaboradores EMASA n\u00e3o sofrer\u00e3o nenhum tipo de preju\u00edzo\u201d, ressaltou Maia.<\/p>\n<p>Com a integra\u00e7\u00e3o ao sistema da EMBASA, Itabuna deve alcan\u00e7ar um novo patamar em saneamento b\u00e1sico, refletindo em melhores condi\u00e7\u00f5es sanit\u00e1rias, mais qualidade de vida para a popula\u00e7\u00e3o e fortalecimento do desenvolvimento econ\u00f4mico e social do munic\u00edpio.<\/p>\n<p>&#8212;&#8212;<\/p>\n<p>Assessoria de Comunica\u00e7\u00e3o Social da EMASA<\/p>\n<p>05\/novembro\/2025.<\/p>\n","protected":false},"excerpt":{"rendered":"<p>O prefeito de Itabuna, Augusto Castro (PSD), se reuniu nesta quarta-feira, dia 5, com o presidente da Empresa Baiana de [&hellip;]<\/p>\n","protected":false},"author":1,"featured_media":4008,"comment_status":"open","ping_status":"open","sticky":false,"template":"","format":"standard","meta":{"nf_dc_page":"","footnotes":""},"categories":[9],"tags":[],"class_list":["post-4007","post","type-post","status-publish","format-standard","has-post-thumbnail","hentry","category-noticias"],"_links":{"self":[{"href":"https:\/\/emasaitabuna.com.br\/new\/wp-json\/wp\/v2\/posts\/4007","targetHints":{"allow":["GET"]}}],"collection":[{"href":"https:\/\/emasaitabuna.com.br\/new\/wp-json\/wp\/v2\/posts"}],"about":[{"href":"https:\/\/emasaitabuna.com.br\/new\/wp-json\/wp\/v2\/types\/post"}],"author":[{"embeddable":true,"href":"https:\/\/emasaitabuna.com.br\/new\/wp-json\/wp\/v2\/users\/1"}],"replies":[{"embeddable":true,"href":"https:\/\/emasaitabuna.com.br\/new\/wp-json\/wp\/v2\/comments?post=4007"}],"version-history":[{"count":2,"href":"https:\/\/emasaitabuna.com.br\/new\/wp-json\/wp\/v2\/posts\/4007\/revisions"}],"predecessor-version":[{"id":4010,"href":"https:\/\/emasaitabuna.com.br\/new\/wp-json\/wp\/v2\/posts\/4007\/revisions\/4010"}],"wp:featuredmedia":[{"embeddable":true,"href":"https:\/\/emasaitabuna.com.br\/new\/wp-json\/wp\/v2\/media\/4008"}],"wp:attachment":[{"href":"https:\/\/emasaitabuna.com.br\/new\/wp-json\/wp\/v2\/media?parent=4007"}],"wp:term":[{"taxonomy":"category","embeddable":true,"href":"https:\/\/emasaitabuna.com.br\/new\/wp-json\/wp\/v2\/categories?post=4007"},{"taxonomy":"post_tag","embeddable":true,"href":"https:\/\/emasaitabuna.com.br\/new\/wp-json\/wp\/v2\/tags?post=4007"}],"curies":[{"name":"wp","href":"https:\/\/api.w.org\/{rel}","templated":true}]}}