{"id":4013,"date":"2025-11-07T16:27:22","date_gmt":"2025-11-07T19:27:22","guid":{"rendered":"https:\/\/emasaitabuna.com.br\/new\/?p=4013"},"modified":"2025-11-07T16:29:39","modified_gmt":"2025-11-07T19:29:39","slug":"4013-2","status":"publish","type":"post","link":"https:\/\/emasaitabuna.com.br\/new\/4013-2\/","title":{"rendered":"Obras de requalifica\u00e7\u00e3o da pra\u00e7a da EMASA avan\u00e7am"},"content":{"rendered":"<div id=\"attachment_4014\" style=\"width: 510px\" class=\"wp-caption alignright\"><img decoding=\"async\" aria-describedby=\"caption-attachment-4014\" class=\"wp-image-4014 size-medium\" src=\"https:\/\/emasaitabuna.com.br\/new\/wp-content\/uploads\/2025\/11\/IMG-20251107-WA0004-500x333.jpg\" alt=\"\" width=\"500\" height=\"333\" srcset=\"https:\/\/emasaitabuna.com.br\/new\/wp-content\/uploads\/2025\/11\/IMG-20251107-WA0004-200x133.jpg 200w, https:\/\/emasaitabuna.com.br\/new\/wp-content\/uploads\/2025\/11\/IMG-20251107-WA0004-300x200.jpg 300w, https:\/\/emasaitabuna.com.br\/new\/wp-content\/uploads\/2025\/11\/IMG-20251107-WA0004-400x267.jpg 400w, https:\/\/emasaitabuna.com.br\/new\/wp-content\/uploads\/2025\/11\/IMG-20251107-WA0004-500x333.jpg 500w, https:\/\/emasaitabuna.com.br\/new\/wp-content\/uploads\/2025\/11\/IMG-20251107-WA0004-600x400.jpg 600w, https:\/\/emasaitabuna.com.br\/new\/wp-content\/uploads\/2025\/11\/IMG-20251107-WA0004-768x512.jpg 768w, https:\/\/emasaitabuna.com.br\/new\/wp-content\/uploads\/2025\/11\/IMG-20251107-WA0004-800x533.jpg 800w, https:\/\/emasaitabuna.com.br\/new\/wp-content\/uploads\/2025\/11\/IMG-20251107-WA0004-1200x800.jpg 1200w, https:\/\/emasaitabuna.com.br\/new\/wp-content\/uploads\/2025\/11\/IMG-20251107-WA0004-1536x1023.jpg 1536w, https:\/\/emasaitabuna.com.br\/new\/wp-content\/uploads\/2025\/11\/IMG-20251107-WA0004.jpg 1600w\" sizes=\"(max-width: 500px) 100vw, 500px\" \/><p id=\"caption-attachment-4014\" class=\"wp-caption-text\">EEE II est\u00e1 sendo reformada.<\/p><\/div>\n<p>&nbsp;<\/p>\n<p>As obras de requalifica\u00e7\u00e3o da Pra\u00e7a da EMASA, no bairro Mangabinha, avan\u00e7am dentro do cronograma pr\u00e9-estabelecido pelo Empreendimento Vog Grapi\u00fana, das empresas E2 Engenharia e Souza Gomes &amp; Gr\u00e1fico Empreendimentos, respons\u00e1veis pelo condom\u00ednio residencial no bairro. A obra \u00e9 fruto de uma contrapartida do Vog Grapi\u00fana, que ir\u00e1 proporcionar mais lazer, urbanismo e qualidade de vida para os moradores do bairro.<\/p>\n<p>O novo espa\u00e7o de lazer e entretenimento contar\u00e1 com \u00e1rea verde, passeio em concreto, parque infantil, academia ao ar livre e reforma da Esta\u00e7\u00e3o Elevat\u00f3ria (EEE II). Al\u00e9m de garantir a comunidade do Mangabinha um lugar para conviv\u00eancia entre as fam\u00edlias.<\/p>\n<p>\u201cEsta Esta\u00e7\u00e3o Elevat\u00f3ria da EMASA tem uma hist\u00f3ria com os moradores do Mangabinha, a reconstru\u00e7\u00e3o da pra\u00e7a e da EEE, dar\u00e1 um novo visual urban\u00edstico ao local e tamb\u00e9m valorizar\u00e1 os im\u00f3veis em seu entorno\u201d, atesta o presidente da EMASA, Ivan Maia.<\/p>\n<p>A denomina\u00e7\u00e3o de Pra\u00e7a da EMASA foi uma iniciativa do vereador Bruno Bileco (PSB), com relatoria do vereador Adilson Z\u00f3i (Avante), cuja Lei Municipal foi aprovada pelos demais vereadores e sancionada pelo prefeito Augusto Castro (PSD).<\/p>\n<p>&#8212;-<\/p>\n<p>Assessoria de Comunica\u00e7\u00e3o Social da EMASA<\/p>\n<p>07\/novembro\/2025.<\/p>\n<div id=\"attachment_4016\" style=\"width: 510px\" class=\"wp-caption alignright\"><img decoding=\"async\" aria-describedby=\"caption-attachment-4016\" class=\"wp-image-4016 size-medium\" src=\"https:\/\/emasaitabuna.com.br\/new\/wp-content\/uploads\/2025\/11\/IMG-20251107-WA0005-500x333.jpg\" alt=\"\" width=\"500\" height=\"333\" srcset=\"https:\/\/emasaitabuna.com.br\/new\/wp-content\/uploads\/2025\/11\/IMG-20251107-WA0005-200x133.jpg 200w, https:\/\/emasaitabuna.com.br\/new\/wp-content\/uploads\/2025\/11\/IMG-20251107-WA0005-300x200.jpg 300w, https:\/\/emasaitabuna.com.br\/new\/wp-content\/uploads\/2025\/11\/IMG-20251107-WA0005-400x267.jpg 400w, https:\/\/emasaitabuna.com.br\/new\/wp-content\/uploads\/2025\/11\/IMG-20251107-WA0005-500x333.jpg 500w, https:\/\/emasaitabuna.com.br\/new\/wp-content\/uploads\/2025\/11\/IMG-20251107-WA0005-600x400.jpg 600w, https:\/\/emasaitabuna.com.br\/new\/wp-content\/uploads\/2025\/11\/IMG-20251107-WA0005-768x512.jpg 768w, https:\/\/emasaitabuna.com.br\/new\/wp-content\/uploads\/2025\/11\/IMG-20251107-WA0005-800x533.jpg 800w, https:\/\/emasaitabuna.com.br\/new\/wp-content\/uploads\/2025\/11\/IMG-20251107-WA0005-1200x800.jpg 1200w, https:\/\/emasaitabuna.com.br\/new\/wp-content\/uploads\/2025\/11\/IMG-20251107-WA0005-1536x1023.jpg 1536w, https:\/\/emasaitabuna.com.br\/new\/wp-content\/uploads\/2025\/11\/IMG-20251107-WA0005.jpg 1600w\" sizes=\"(max-width: 500px) 100vw, 500px\" \/><p id=\"caption-attachment-4016\" class=\"wp-caption-text\">Oper\u00e1rios trabalham na instala\u00e7\u00e3o dos meios-fio na Pra\u00e7a da EMASA.<\/p><\/div>\n","protected":false},"excerpt":{"rendered":"<p>&nbsp; As obras de requalifica\u00e7\u00e3o da Pra\u00e7a da EMASA, no bairro Mangabinha, avan\u00e7am dentro do cronograma pr\u00e9-estabelecido pelo Empreendimento Vog [&hellip;]<\/p>\n","protected":false},"author":1,"featured_media":4014,"comment_status":"open","ping_status":"open","sticky":false,"template":"","format":"standard","meta":{"nf_dc_page":"","footnotes":""},"categories":[9],"tags":[],"class_list":["post-4013","post","type-post","status-publish","format-standard","has-post-thumbnail","hentry","category-noticias"],"_links":{"self":[{"href":"https:\/\/emasaitabuna.com.br\/new\/wp-json\/wp\/v2\/posts\/4013","targetHints":{"allow":["GET"]}}],"collection":[{"href":"https:\/\/emasaitabuna.com.br\/new\/wp-json\/wp\/v2\/posts"}],"about":[{"href":"https:\/\/emasaitabuna.com.br\/new\/wp-json\/wp\/v2\/types\/post"}],"author":[{"embeddable":true,"href":"https:\/\/emasaitabuna.com.br\/new\/wp-json\/wp\/v2\/users\/1"}],"replies":[{"embeddable":true,"href":"https:\/\/emasaitabuna.com.br\/new\/wp-json\/wp\/v2\/comments?post=4013"}],"version-history":[{"count":5,"href":"https:\/\/emasaitabuna.com.br\/new\/wp-json\/wp\/v2\/posts\/4013\/revisions"}],"predecessor-version":[{"id":4021,"href":"https:\/\/emasaitabuna.com.br\/new\/wp-json\/wp\/v2\/posts\/4013\/revisions\/4021"}],"wp:featuredmedia":[{"embeddable":true,"href":"https:\/\/emasaitabuna.com.br\/new\/wp-json\/wp\/v2\/media\/4014"}],"wp:attachment":[{"href":"https:\/\/emasaitabuna.com.br\/new\/wp-json\/wp\/v2\/media?parent=4013"}],"wp:term":[{"taxonomy":"category","embeddable":true,"href":"https:\/\/emasaitabuna.com.br\/new\/wp-json\/wp\/v2\/categories?post=4013"},{"taxonomy":"post_tag","embeddable":true,"href":"https:\/\/emasaitabuna.com.br\/new\/wp-json\/wp\/v2\/tags?post=4013"}],"curies":[{"name":"wp","href":"https:\/\/api.w.org\/{rel}","templated":true}]}}