{"id":4022,"date":"2025-11-10T14:15:03","date_gmt":"2025-11-10T17:15:03","guid":{"rendered":"https:\/\/emasaitabuna.com.br\/new\/?p=4022"},"modified":"2025-11-10T14:58:36","modified_gmt":"2025-11-10T17:58:36","slug":"emasa-adia-concurso-de-redacao-para-2026","status":"publish","type":"post","link":"https:\/\/emasaitabuna.com.br\/new\/emasa-adia-concurso-de-redacao-para-2026\/","title":{"rendered":"EMASA adia Concurso de Reda\u00e7\u00e3o para 2026"},"content":{"rendered":"<div id=\"attachment_4024\" style=\"width: 510px\" class=\"wp-caption alignright\"><img decoding=\"async\" aria-describedby=\"caption-attachment-4024\" class=\"size-medium wp-image-4024\" src=\"https:\/\/emasaitabuna.com.br\/new\/wp-content\/uploads\/2025\/11\/IMG-20251110-WA0022-500x376.jpg\" alt=\"\" width=\"500\" height=\"376\" srcset=\"https:\/\/emasaitabuna.com.br\/new\/wp-content\/uploads\/2025\/11\/IMG-20251110-WA0022-200x150.jpg 200w, https:\/\/emasaitabuna.com.br\/new\/wp-content\/uploads\/2025\/11\/IMG-20251110-WA0022-300x226.jpg 300w, https:\/\/emasaitabuna.com.br\/new\/wp-content\/uploads\/2025\/11\/IMG-20251110-WA0022-400x301.jpg 400w, https:\/\/emasaitabuna.com.br\/new\/wp-content\/uploads\/2025\/11\/IMG-20251110-WA0022-500x376.jpg 500w, https:\/\/emasaitabuna.com.br\/new\/wp-content\/uploads\/2025\/11\/IMG-20251110-WA0022-600x451.jpg 600w, https:\/\/emasaitabuna.com.br\/new\/wp-content\/uploads\/2025\/11\/IMG-20251110-WA0022-768x578.jpg 768w, https:\/\/emasaitabuna.com.br\/new\/wp-content\/uploads\/2025\/11\/IMG-20251110-WA0022-800x602.jpg 800w, https:\/\/emasaitabuna.com.br\/new\/wp-content\/uploads\/2025\/11\/IMG-20251110-WA0022.jpg 1024w\" sizes=\"(max-width: 500px) 100vw, 500px\" \/><p id=\"caption-attachment-4024\" class=\"wp-caption-text\">O intenso per\u00edodo de atividades escolares e a proximidade do Exame Nacional do Ensino M\u00e9dio (ENEM), obrigou a EMASA a adiar o Concurso de Reda\u00e7\u00e3o (Foto: SECOM\/PMI).<\/p><\/div>\n<p>A Empresa Municipal de \u00c1guas e Saneamento (EMASA) anunciou, na \u00faltima sexta-feira (7), o adiamento do Concurso de Reda\u00e7\u00e3o 2025, que seria realizado em Itabuna. A decis\u00e3o foi motivada pelo intenso per\u00edodo de atividades escolares e pela proximidade do Exame Nacional do Ensino M\u00e9dio (ENEM) e de outras avalia\u00e7\u00f5es do calend\u00e1rio letivo. A nova data ser\u00e1 divulgada posteriormente, com o objetivo de garantir a ampla participa\u00e7\u00e3o dos estudantes e preservar o car\u00e1ter educativo e participativo do projeto.<\/p>\n<p>O adiamento busca n\u00e3o sobrecarregar os alunos, respeitando o momento de maior dedica\u00e7\u00e3o \u00e0s provas escolares e nacionais. O concurso, que tem como foco a valoriza\u00e7\u00e3o da educa\u00e7\u00e3o, da criatividade e da conscientiza\u00e7\u00e3o ambiental, ser\u00e1 retomado em 2026, com novas oportunidades de envolvimento da comunidade estudantil.<\/p>\n<p>O presidente da EMASA, Ivan Maia, ressaltou que a decis\u00e3o foi pautada pela responsabilidade com os jovens e pelo compromisso com a qualidade das a\u00e7\u00f5es educativas promovidas pela empresa. \u201cQueremos que o Concurso de Reda\u00e7\u00e3o continue sendo uma experi\u00eancia enriquecedora e prazerosa para os alunos. Entendemos que este \u00e9 um momento importante para os estudantes, especialmente com a prepara\u00e7\u00e3o para o ENEM, e por isso optamos por adiar a edi\u00e7\u00e3o de 2025 para garantir que todos possam participar com tranquilidade e dedica\u00e7\u00e3o\u201d, afirmou.<\/p>\n<p>A EMASA refor\u00e7a que o concurso retornar\u00e1 em 2026, mantendo seu prop\u00f3sito de estimular o protagonismo dos jovens e fortalecer a educa\u00e7\u00e3o ambiental em Itabuna. A empresa agradeceu a compreens\u00e3o das escolas, professores e alunos, destacando que novas a\u00e7\u00f5es educativas e de conscientiza\u00e7\u00e3o ser\u00e3o anunciadas em breve.<\/p>\n<p>&#8212;-<\/p>\n<p>Assessoria de Comunica\u00e7\u00e3o Social da EMASA<\/p>\n<p>10\/novembro\/2025.<\/p>\n","protected":false},"excerpt":{"rendered":"<p>A Empresa Municipal de \u00c1guas e Saneamento (EMASA) anunciou, na \u00faltima sexta-feira (7), o adiamento do Concurso de Reda\u00e7\u00e3o 2025, [&hellip;]<\/p>\n","protected":false},"author":1,"featured_media":4024,"comment_status":"open","ping_status":"open","sticky":false,"template":"","format":"standard","meta":{"nf_dc_page":"","footnotes":""},"categories":[9],"tags":[],"class_list":["post-4022","post","type-post","status-publish","format-standard","has-post-thumbnail","hentry","category-noticias"],"_links":{"self":[{"href":"https:\/\/emasaitabuna.com.br\/new\/wp-json\/wp\/v2\/posts\/4022","targetHints":{"allow":["GET"]}}],"collection":[{"href":"https:\/\/emasaitabuna.com.br\/new\/wp-json\/wp\/v2\/posts"}],"about":[{"href":"https:\/\/emasaitabuna.com.br\/new\/wp-json\/wp\/v2\/types\/post"}],"author":[{"embeddable":true,"href":"https:\/\/emasaitabuna.com.br\/new\/wp-json\/wp\/v2\/users\/1"}],"replies":[{"embeddable":true,"href":"https:\/\/emasaitabuna.com.br\/new\/wp-json\/wp\/v2\/comments?post=4022"}],"version-history":[{"count":3,"href":"https:\/\/emasaitabuna.com.br\/new\/wp-json\/wp\/v2\/posts\/4022\/revisions"}],"predecessor-version":[{"id":4026,"href":"https:\/\/emasaitabuna.com.br\/new\/wp-json\/wp\/v2\/posts\/4022\/revisions\/4026"}],"wp:featuredmedia":[{"embeddable":true,"href":"https:\/\/emasaitabuna.com.br\/new\/wp-json\/wp\/v2\/media\/4024"}],"wp:attachment":[{"href":"https:\/\/emasaitabuna.com.br\/new\/wp-json\/wp\/v2\/media?parent=4022"}],"wp:term":[{"taxonomy":"category","embeddable":true,"href":"https:\/\/emasaitabuna.com.br\/new\/wp-json\/wp\/v2\/categories?post=4022"},{"taxonomy":"post_tag","embeddable":true,"href":"https:\/\/emasaitabuna.com.br\/new\/wp-json\/wp\/v2\/tags?post=4022"}],"curies":[{"name":"wp","href":"https:\/\/api.w.org\/{rel}","templated":true}]}}