{"id":4034,"date":"2025-11-11T11:43:44","date_gmt":"2025-11-11T14:43:44","guid":{"rendered":"https:\/\/emasaitabuna.com.br\/new\/?p=4034"},"modified":"2025-11-11T11:45:10","modified_gmt":"2025-11-11T14:45:10","slug":"rompimento-de-rede-de-160-milimetros-estava-prejudicando-o-abastecimento-de-agua-no-bairro-santa-ines","status":"publish","type":"post","link":"https:\/\/emasaitabuna.com.br\/new\/rompimento-de-rede-de-160-milimetros-estava-prejudicando-o-abastecimento-de-agua-no-bairro-santa-ines\/","title":{"rendered":"Rompimento de rede de 160 mil\u00edmetros estava prejudicando o abastecimento de \u00e1gua no bairro Santa In\u00eas"},"content":{"rendered":"<div id=\"attachment_4036\" style=\"width: 510px\" class=\"wp-caption alignright\"><img decoding=\"async\" aria-describedby=\"caption-attachment-4036\" class=\"wp-image-4036 size-medium\" src=\"https:\/\/emasaitabuna.com.br\/new\/wp-content\/uploads\/2025\/11\/IMG-20251111-WA0001-500x333.jpg\" alt=\"\" width=\"500\" height=\"333\" srcset=\"https:\/\/emasaitabuna.com.br\/new\/wp-content\/uploads\/2025\/11\/IMG-20251111-WA0001-200x133.jpg 200w, https:\/\/emasaitabuna.com.br\/new\/wp-content\/uploads\/2025\/11\/IMG-20251111-WA0001-300x200.jpg 300w, https:\/\/emasaitabuna.com.br\/new\/wp-content\/uploads\/2025\/11\/IMG-20251111-WA0001-400x267.jpg 400w, https:\/\/emasaitabuna.com.br\/new\/wp-content\/uploads\/2025\/11\/IMG-20251111-WA0001-500x333.jpg 500w, https:\/\/emasaitabuna.com.br\/new\/wp-content\/uploads\/2025\/11\/IMG-20251111-WA0001-600x400.jpg 600w, https:\/\/emasaitabuna.com.br\/new\/wp-content\/uploads\/2025\/11\/IMG-20251111-WA0001-768x512.jpg 768w, https:\/\/emasaitabuna.com.br\/new\/wp-content\/uploads\/2025\/11\/IMG-20251111-WA0001-800x533.jpg 800w, https:\/\/emasaitabuna.com.br\/new\/wp-content\/uploads\/2025\/11\/IMG-20251111-WA0001-1200x800.jpg 1200w, https:\/\/emasaitabuna.com.br\/new\/wp-content\/uploads\/2025\/11\/IMG-20251111-WA0001-1536x1023.jpg 1536w, https:\/\/emasaitabuna.com.br\/new\/wp-content\/uploads\/2025\/11\/IMG-20251111-WA0001.jpg 1600w\" sizes=\"(max-width: 500px) 100vw, 500px\" \/><p id=\"caption-attachment-4036\" class=\"wp-caption-text\">Previs\u00e3o \u00e9 que o servi\u00e7o seja finalizado no in\u00edcio da tarde e o fornecimento de \u00e1gua para o Santa In\u00eas seja normalizado.<\/p><\/div>\n<p>O rompimento de uma rede de 160 mil\u00edmetros, na Rua Jos\u00e9 Alves Franco, nas imedia\u00e7\u00f5es do S\u00edtio do Menor da Funda\u00e7\u00e3o Marimbeta, no bairro S\u00e3o Roque, estava prejudicando o abastecimento de \u00e1gua do bairro Santa In\u00eas. Nos \u00faltimos dias ocorreram muitas reclama\u00e7\u00f5es de moradores em rela\u00e7\u00e3o a falta de \u00e1gua, atrav\u00e9s do servi\u00e7o de call center (0800) da EMASA e dos ve\u00edculos de imprensa.<\/p>\n<p>Uma equipe do Setor de Distribui\u00e7\u00e3o de \u00c1gua, realizou uma varredora em toda a rede que atende o Santa In\u00eas e na manh\u00e3 de hoje, dia 11, identificou o vazamento. \u201cInicialmente achamos que o problema era no registro da rede. Fizemos a substitui\u00e7\u00e3o, por\u00e9m, as reclama\u00e7\u00f5es continuaram. Agora, iremos concluir o reparo dessa rede para normalizar o fornecimento de \u00e1gua para todo Santa In\u00eas\u201d, disse o gerente de Distribui\u00e7\u00e3o de \u00c1gua, Mois\u00e9s Ferreira.<\/p>\n<p>Ainda de acordo com Ferreira, a previs\u00e3o \u00e9 que o servi\u00e7o de reparo da rede seja conclu\u00eddo at\u00e9 o in\u00edcio da tarde e logo depois da conclus\u00e3o o fornecimento de \u00e1gua para o Santa In\u00eas ser\u00e1 iniciado.<\/p>\n<p>\u201cAssim que concluir o concerto da rede vamos iniciar o bombeamento para todo Santa In\u00eas, a previs\u00e3o \u00e9 que at\u00e9 meia-noite, mais de 70% do bairro j\u00e1 esteja com o abastecimento finalizado\u201d, assegurou o gerente de Distribui\u00e7\u00e3o de \u00c1gua da EMASA.<\/p>\n<p>&#8212;&#8211;<\/p>\n<p>Assessoria de Comunica\u00e7\u00e3o Social da EMASA<\/p>\n<p>11\/novembro\/2025.<\/p>\n","protected":false},"excerpt":{"rendered":"<p>O rompimento de uma rede de 160 mil\u00edmetros, na Rua Jos\u00e9 Alves Franco, nas imedia\u00e7\u00f5es do S\u00edtio do Menor da [&hellip;]<\/p>\n","protected":false},"author":1,"featured_media":4036,"comment_status":"open","ping_status":"open","sticky":false,"template":"","format":"standard","meta":{"nf_dc_page":"","footnotes":""},"categories":[9],"tags":[],"class_list":["post-4034","post","type-post","status-publish","format-standard","has-post-thumbnail","hentry","category-noticias"],"_links":{"self":[{"href":"https:\/\/emasaitabuna.com.br\/new\/wp-json\/wp\/v2\/posts\/4034","targetHints":{"allow":["GET"]}}],"collection":[{"href":"https:\/\/emasaitabuna.com.br\/new\/wp-json\/wp\/v2\/posts"}],"about":[{"href":"https:\/\/emasaitabuna.com.br\/new\/wp-json\/wp\/v2\/types\/post"}],"author":[{"embeddable":true,"href":"https:\/\/emasaitabuna.com.br\/new\/wp-json\/wp\/v2\/users\/1"}],"replies":[{"embeddable":true,"href":"https:\/\/emasaitabuna.com.br\/new\/wp-json\/wp\/v2\/comments?post=4034"}],"version-history":[{"count":2,"href":"https:\/\/emasaitabuna.com.br\/new\/wp-json\/wp\/v2\/posts\/4034\/revisions"}],"predecessor-version":[{"id":4037,"href":"https:\/\/emasaitabuna.com.br\/new\/wp-json\/wp\/v2\/posts\/4034\/revisions\/4037"}],"wp:featuredmedia":[{"embeddable":true,"href":"https:\/\/emasaitabuna.com.br\/new\/wp-json\/wp\/v2\/media\/4036"}],"wp:attachment":[{"href":"https:\/\/emasaitabuna.com.br\/new\/wp-json\/wp\/v2\/media?parent=4034"}],"wp:term":[{"taxonomy":"category","embeddable":true,"href":"https:\/\/emasaitabuna.com.br\/new\/wp-json\/wp\/v2\/categories?post=4034"},{"taxonomy":"post_tag","embeddable":true,"href":"https:\/\/emasaitabuna.com.br\/new\/wp-json\/wp\/v2\/tags?post=4034"}],"curies":[{"name":"wp","href":"https:\/\/api.w.org\/{rel}","templated":true}]}}