{"id":4038,"date":"2025-11-13T13:27:19","date_gmt":"2025-11-13T16:27:19","guid":{"rendered":"https:\/\/emasaitabuna.com.br\/new\/?p=4038"},"modified":"2025-11-13T13:58:16","modified_gmt":"2025-11-13T16:58:16","slug":"diante-da-migracao-de-servicos-para-a-embasa-presidente-da-emasa-discute-situacao-dos-funcionarios-com-sindae","status":"publish","type":"post","link":"https:\/\/emasaitabuna.com.br\/new\/diante-da-migracao-de-servicos-para-a-embasa-presidente-da-emasa-discute-situacao-dos-funcionarios-com-sindae\/","title":{"rendered":"Diante da migra\u00e7\u00e3o de servi\u00e7os para a EMBASA, presidente da EMASA discute situa\u00e7\u00e3o dos funcion\u00e1rios com SINDAE"},"content":{"rendered":"<div id=\"attachment_4039\" style=\"width: 510px\" class=\"wp-caption alignright\"><img decoding=\"async\" aria-describedby=\"caption-attachment-4039\" class=\"size-medium wp-image-4039\" src=\"https:\/\/emasaitabuna.com.br\/new\/wp-content\/uploads\/2025\/11\/IMG-20251113-WA0002-500x375.jpg\" alt=\"\" width=\"500\" height=\"375\" srcset=\"https:\/\/emasaitabuna.com.br\/new\/wp-content\/uploads\/2025\/11\/IMG-20251113-WA0002-200x150.jpg 200w, https:\/\/emasaitabuna.com.br\/new\/wp-content\/uploads\/2025\/11\/IMG-20251113-WA0002-300x225.jpg 300w, https:\/\/emasaitabuna.com.br\/new\/wp-content\/uploads\/2025\/11\/IMG-20251113-WA0002-400x300.jpg 400w, https:\/\/emasaitabuna.com.br\/new\/wp-content\/uploads\/2025\/11\/IMG-20251113-WA0002-500x375.jpg 500w, https:\/\/emasaitabuna.com.br\/new\/wp-content\/uploads\/2025\/11\/IMG-20251113-WA0002-600x450.jpg 600w, https:\/\/emasaitabuna.com.br\/new\/wp-content\/uploads\/2025\/11\/IMG-20251113-WA0002-768x576.jpg 768w, https:\/\/emasaitabuna.com.br\/new\/wp-content\/uploads\/2025\/11\/IMG-20251113-WA0002-800x600.jpg 800w, https:\/\/emasaitabuna.com.br\/new\/wp-content\/uploads\/2025\/11\/IMG-20251113-WA0002-1200x900.jpg 1200w, https:\/\/emasaitabuna.com.br\/new\/wp-content\/uploads\/2025\/11\/IMG-20251113-WA0002-1536x1152.jpg 1536w, https:\/\/emasaitabuna.com.br\/new\/wp-content\/uploads\/2025\/11\/IMG-20251113-WA0002.jpg 1600w\" sizes=\"(max-width: 500px) 100vw, 500px\" \/><p id=\"caption-attachment-4039\" class=\"wp-caption-text\">Em reuni\u00e3o com o SINDAE, presidente da EMASA, exp\u00f4s as insten\u00e7\u00f5es da gest\u00e3o municipal em rela\u00e7ao aos funcion\u00e1rio no processo de migra\u00e7\u00e3o para \u00e0 EMBASA.<\/p><\/div>\n<p>O presidente da Empresa Municipal de \u00c1guas e Saneamento (EMASA), Ivan Maia, se reuniu na tarde de quarta-feira, dia 12, em Salvador, com a dire\u00e7\u00e3o do Sindicato dos Trabalhadores em \u00c1gua, Esgoto e Meio Ambiente do Estado da Bahia (SINDAE). Na pauta a situa\u00e7\u00e3o dos funcion\u00e1rios da EMASA.<\/p>\n<p>Est\u00e1 em curso, o processo de migra\u00e7\u00e3o dos servi\u00e7os de \u00e1gua e esgoto no munic\u00edpio de Itabuna para a Empresa Baiana de \u00c1guas e Saneamento (EMBASA). As negocia\u00e7\u00f5es envolvem a Prefeitura e o Governo do Estado.<\/p>\n<p>O presidente da EMASA reafirmou que o processo est\u00e1 sendo realizado com o devido equil\u00edbrio e respeito para que os colaboradores da empresa itabunense n\u00e3o sejam prejudicados durante a transi\u00e7\u00e3o.<\/p>\n<p>\u201cO prefeito Augusto Castro (PSD) j\u00e1 negociou com a EMBASA a cess\u00e3o de 130 colaboradores concursados da EMASA que continuar\u00e3o atuando em suas fun\u00e7\u00f5es na companhia baiana ap\u00f3s a fus\u00e3o\u201d disse Maia, durante o encontro.<\/p>\n<p>\u201cTamb\u00e9m \u00e9 inten\u00e7\u00e3o do prefeito transformar a empresa municipal em autarquia para aproveitar a m\u00e3o de obra daqueles que n\u00e3o ser\u00e3o cedidos \u00e0 EMBASA. Esses funcion\u00e1rios v\u00e3o cuidar de drenagem, res\u00edduos s\u00f3lidos e manuten\u00e7\u00e3o das \u00e1reas p\u00fablicas, como pra\u00e7as e jardins\u201d acrescentou.<\/p>\n<p>Ainda de acordo com o presidente da EMASA, Ivan Maia, aos colaboradores do quadro efetivo ser\u00e1 oferecido um Programa de Demiss\u00e3o Volunt\u00e1ria (PDV).<\/p>\n<p>\u201cEst\u00e1 em fase de estudos a elabora\u00e7\u00e3o de um PDV que vai atender aos colaboradores concursados da EMASA. Tamb\u00e9m \u00e9 desejo do prefeito Augusto Castro que esse PDV tenha vantagens para os trabalhadores que optarem pelo programa\u201d, afirmou.<\/p>\n<p>Atualmente, a EMASA conta com 230 colaboradores efetivos que atuam em diversas \u00e1reas da empresa: administrativa, campo, atendimento ao p\u00fablico e elabora\u00e7\u00e3o de projetos.<\/p>\n<p>&#8212;&#8212;&#8211;<\/p>\n<p>Assessoria de Comunica\u00e7\u00e3o Social da EMASA<\/p>\n<p>13\/novembro\/2025.<\/p>\n","protected":false},"excerpt":{"rendered":"<p>O presidente da Empresa Municipal de \u00c1guas e Saneamento (EMASA), Ivan Maia, se reuniu na tarde de quarta-feira, dia 12, [&hellip;]<\/p>\n","protected":false},"author":1,"featured_media":4039,"comment_status":"open","ping_status":"open","sticky":false,"template":"","format":"standard","meta":{"nf_dc_page":"","footnotes":""},"categories":[9],"tags":[],"class_list":["post-4038","post","type-post","status-publish","format-standard","has-post-thumbnail","hentry","category-noticias"],"_links":{"self":[{"href":"https:\/\/emasaitabuna.com.br\/new\/wp-json\/wp\/v2\/posts\/4038","targetHints":{"allow":["GET"]}}],"collection":[{"href":"https:\/\/emasaitabuna.com.br\/new\/wp-json\/wp\/v2\/posts"}],"about":[{"href":"https:\/\/emasaitabuna.com.br\/new\/wp-json\/wp\/v2\/types\/post"}],"author":[{"embeddable":true,"href":"https:\/\/emasaitabuna.com.br\/new\/wp-json\/wp\/v2\/users\/1"}],"replies":[{"embeddable":true,"href":"https:\/\/emasaitabuna.com.br\/new\/wp-json\/wp\/v2\/comments?post=4038"}],"version-history":[{"count":2,"href":"https:\/\/emasaitabuna.com.br\/new\/wp-json\/wp\/v2\/posts\/4038\/revisions"}],"predecessor-version":[{"id":4041,"href":"https:\/\/emasaitabuna.com.br\/new\/wp-json\/wp\/v2\/posts\/4038\/revisions\/4041"}],"wp:featuredmedia":[{"embeddable":true,"href":"https:\/\/emasaitabuna.com.br\/new\/wp-json\/wp\/v2\/media\/4039"}],"wp:attachment":[{"href":"https:\/\/emasaitabuna.com.br\/new\/wp-json\/wp\/v2\/media?parent=4038"}],"wp:term":[{"taxonomy":"category","embeddable":true,"href":"https:\/\/emasaitabuna.com.br\/new\/wp-json\/wp\/v2\/categories?post=4038"},{"taxonomy":"post_tag","embeddable":true,"href":"https:\/\/emasaitabuna.com.br\/new\/wp-json\/wp\/v2\/tags?post=4038"}],"curies":[{"name":"wp","href":"https:\/\/api.w.org\/{rel}","templated":true}]}}