{"id":4043,"date":"2025-11-15T14:52:11","date_gmt":"2025-11-15T17:52:11","guid":{"rendered":"https:\/\/emasaitabuna.com.br\/new\/?p=4043"},"modified":"2025-11-15T14:52:11","modified_gmt":"2025-11-15T17:52:11","slug":"diretores-da-emasa-conhecem-a-emurc-de-vitoria-da-conquista","status":"publish","type":"post","link":"https:\/\/emasaitabuna.com.br\/new\/diretores-da-emasa-conhecem-a-emurc-de-vitoria-da-conquista\/","title":{"rendered":"Diretores da EMASA conhecem a EMURC de Vit\u00f3ria da Conquista"},"content":{"rendered":"<div id=\"attachment_4045\" style=\"width: 385px\" class=\"wp-caption alignright\"><img decoding=\"async\" aria-describedby=\"caption-attachment-4045\" class=\"wp-image-4045 size-medium\" src=\"https:\/\/emasaitabuna.com.br\/new\/wp-content\/uploads\/2025\/11\/IMG-20251115-WA0001-375x500.jpg\" alt=\"\" width=\"375\" height=\"500\" srcset=\"https:\/\/emasaitabuna.com.br\/new\/wp-content\/uploads\/2025\/11\/IMG-20251115-WA0001-200x267.jpg 200w, https:\/\/emasaitabuna.com.br\/new\/wp-content\/uploads\/2025\/11\/IMG-20251115-WA0001-225x300.jpg 225w, https:\/\/emasaitabuna.com.br\/new\/wp-content\/uploads\/2025\/11\/IMG-20251115-WA0001-375x500.jpg 375w, https:\/\/emasaitabuna.com.br\/new\/wp-content\/uploads\/2025\/11\/IMG-20251115-WA0001-400x533.jpg 400w, https:\/\/emasaitabuna.com.br\/new\/wp-content\/uploads\/2025\/11\/IMG-20251115-WA0001-600x800.jpg 600w, https:\/\/emasaitabuna.com.br\/new\/wp-content\/uploads\/2025\/11\/IMG-20251115-WA0001-768x1024.jpg 768w, https:\/\/emasaitabuna.com.br\/new\/wp-content\/uploads\/2025\/11\/IMG-20251115-WA0001-800x1067.jpg 800w, https:\/\/emasaitabuna.com.br\/new\/wp-content\/uploads\/2025\/11\/IMG-20251115-WA0001-900x1200.jpg 900w, https:\/\/emasaitabuna.com.br\/new\/wp-content\/uploads\/2025\/11\/IMG-20251115-WA0001-1152x1536.jpg 1152w, https:\/\/emasaitabuna.com.br\/new\/wp-content\/uploads\/2025\/11\/IMG-20251115-WA0001.jpg 1200w\" sizes=\"(max-width: 375px) 100vw, 375px\" \/><p id=\"caption-attachment-4045\" class=\"wp-caption-text\">O presidente da EMURC, Paulo Rocha, recepcionou o presidente e o diretor Financeiro da EMASA, Ivan Maia e Ronaldo J\u00fanior. (Foto: divulga\u00e7\u00e3o).<\/p><\/div>\n<p>O presidente da Empresa Municipal de \u00c1guas e Saneamento (EMASA), Ivan Maia, e o diretor Financeiro e de Relacionamento com o Cliente, Ronaldo J\u00fanior, visitaram na tarde de sexta-feira, dia 14, a Empresa Municipal de Urbaniza\u00e7\u00e3o (EMURC) de Vit\u00f3ria da Conquista, munic\u00edpio do sudoeste baiano. Eles foram recebidos pelo presidente da EMURC, Paulo Jos\u00e9 Rocha.<\/p>\n<p>A EMURC \u00e9 uma empresa p\u00fablica, vinculada \u00e0 Prefeitura Municipal de Vit\u00f3ria da Conquista, com patrim\u00f4nio pr\u00f3prio e autonomia administrativa e financeira.<\/p>\n<p>A visita teve como objetivo conhecer a estrutura e funcionamento da empresa conquistense que poder\u00e1 servir de modelo para a futura EMASA.<\/p>\n<p>\u201cPodemos observar que a EMURC \u00e9 um forte bra\u00e7o operacional dentro da estrutura administrativa do munic\u00edpio de Vit\u00f3ria da Conquista. A empresa apresenta respostas r\u00e1pidas no tocante \u00e0 zeladoria e urbaniza\u00e7\u00e3o da cidade\u201d, ressaltou o presidente da EMASA. Ivan Maia.<\/p>\n<p>Segundo o presidente da EMURC, Paulo Rocha, o estatuto da empresa confere uma gama de atribui\u00e7\u00f5es, a exemplo de proposi\u00e7\u00e3o de normas e diretrizes. \u201cBem como a implementa\u00e7\u00e3o de programas e projetos de reordenamento da paisagem urbana, abrangendo o mobili\u00e1rio urbano\u201d, destacou Rocha.<\/p>\n<p>Para o diretor da EMASA Ronaldo J\u00fanior com a transi\u00e7\u00e3o dos servi\u00e7os de \u00e1gua e esgoto voltando a ser operado pela Empresa Baiana de \u00c1guas e Saneamento (EMBASA), o objetivo do prefeito Augusto Castro (PSD) \u00e9 em transformar a EMASA em uma autarquia ou empresa p\u00fablica para cuidar de outras \u00e1reas do saneamento b\u00e1sico, como drenagem e res\u00edduos s\u00f3lidos e da zeladoria de Itabuna.<\/p>\n<p>\u201cA visita foi bastante proveitosa, j\u00e1 que pomudemos colher alguns pontos da lei que criou a EMURC e seu sistema operacional para a futura EMASA, inclusive fazendo interc\u00e2mbio entre nossos colaboradores e o pessoal da empresa conquistense\u201d, afirmou o diretor Financeiro, Ronaldo J\u00fanior.<\/p>\n<p>&#8212;&#8212;<\/p>\n<p>&nbsp;<\/p>\n<p>Assessoria de Comunica\u00e7\u00e3o Social da EMASA<\/p>\n<p>15\/novembro\/2025.<\/p>\n","protected":false},"excerpt":{"rendered":"<p>O presidente da Empresa Municipal de \u00c1guas e Saneamento (EMASA), Ivan Maia, e o diretor Financeiro e de Relacionamento com [&hellip;]<\/p>\n","protected":false},"author":1,"featured_media":4045,"comment_status":"open","ping_status":"open","sticky":false,"template":"","format":"standard","meta":{"nf_dc_page":"","footnotes":""},"categories":[9],"tags":[],"class_list":["post-4043","post","type-post","status-publish","format-standard","has-post-thumbnail","hentry","category-noticias"],"_links":{"self":[{"href":"https:\/\/emasaitabuna.com.br\/new\/wp-json\/wp\/v2\/posts\/4043","targetHints":{"allow":["GET"]}}],"collection":[{"href":"https:\/\/emasaitabuna.com.br\/new\/wp-json\/wp\/v2\/posts"}],"about":[{"href":"https:\/\/emasaitabuna.com.br\/new\/wp-json\/wp\/v2\/types\/post"}],"author":[{"embeddable":true,"href":"https:\/\/emasaitabuna.com.br\/new\/wp-json\/wp\/v2\/users\/1"}],"replies":[{"embeddable":true,"href":"https:\/\/emasaitabuna.com.br\/new\/wp-json\/wp\/v2\/comments?post=4043"}],"version-history":[{"count":2,"href":"https:\/\/emasaitabuna.com.br\/new\/wp-json\/wp\/v2\/posts\/4043\/revisions"}],"predecessor-version":[{"id":4046,"href":"https:\/\/emasaitabuna.com.br\/new\/wp-json\/wp\/v2\/posts\/4043\/revisions\/4046"}],"wp:featuredmedia":[{"embeddable":true,"href":"https:\/\/emasaitabuna.com.br\/new\/wp-json\/wp\/v2\/media\/4045"}],"wp:attachment":[{"href":"https:\/\/emasaitabuna.com.br\/new\/wp-json\/wp\/v2\/media?parent=4043"}],"wp:term":[{"taxonomy":"category","embeddable":true,"href":"https:\/\/emasaitabuna.com.br\/new\/wp-json\/wp\/v2\/categories?post=4043"},{"taxonomy":"post_tag","embeddable":true,"href":"https:\/\/emasaitabuna.com.br\/new\/wp-json\/wp\/v2\/tags?post=4043"}],"curies":[{"name":"wp","href":"https:\/\/api.w.org\/{rel}","templated":true}]}}