{"id":4047,"date":"2025-11-19T10:46:14","date_gmt":"2025-11-19T13:46:14","guid":{"rendered":"https:\/\/emasaitabuna.com.br\/new\/?p=4047"},"modified":"2025-11-19T10:46:14","modified_gmt":"2025-11-19T13:46:14","slug":"para-alem-do-basico-as-novas-geracoes-exigem-saneamento-de-qualidade","status":"publish","type":"post","link":"https:\/\/emasaitabuna.com.br\/new\/para-alem-do-basico-as-novas-geracoes-exigem-saneamento-de-qualidade\/","title":{"rendered":"Para Al\u00e9m do B\u00e1sico, as Novas Gera\u00e7\u00f5es Exigem Saneamento de Qualidade"},"content":{"rendered":"<p><img decoding=\"async\" class=\"alignright size-medium wp-image-4049\" src=\"https:\/\/emasaitabuna.com.br\/new\/wp-content\/uploads\/2025\/11\/IMG-20251119-WA0006-493x500.jpg\" alt=\"\" width=\"493\" height=\"500\" srcset=\"https:\/\/emasaitabuna.com.br\/new\/wp-content\/uploads\/2025\/11\/IMG-20251119-WA0006-66x66.jpg 66w, https:\/\/emasaitabuna.com.br\/new\/wp-content\/uploads\/2025\/11\/IMG-20251119-WA0006-200x203.jpg 200w, https:\/\/emasaitabuna.com.br\/new\/wp-content\/uploads\/2025\/11\/IMG-20251119-WA0006-296x300.jpg 296w, https:\/\/emasaitabuna.com.br\/new\/wp-content\/uploads\/2025\/11\/IMG-20251119-WA0006-400x405.jpg 400w, https:\/\/emasaitabuna.com.br\/new\/wp-content\/uploads\/2025\/11\/IMG-20251119-WA0006-493x500.jpg 493w, https:\/\/emasaitabuna.com.br\/new\/wp-content\/uploads\/2025\/11\/IMG-20251119-WA0006-600x608.jpg 600w, https:\/\/emasaitabuna.com.br\/new\/wp-content\/uploads\/2025\/11\/IMG-20251119-WA0006-768x778.jpg 768w, https:\/\/emasaitabuna.com.br\/new\/wp-content\/uploads\/2025\/11\/IMG-20251119-WA0006-800x811.jpg 800w, https:\/\/emasaitabuna.com.br\/new\/wp-content\/uploads\/2025\/11\/IMG-20251119-WA0006.jpg 810w\" sizes=\"(max-width: 493px) 100vw, 493px\" \/><\/p>\n<p><em>Por Ivan Maia *<\/em><\/p>\n<p><em>* Presidente da Empresa Municipal de \u00c1guas e Saneamento de Itabuna (EMASA)<\/em><\/p>\n<p><em>* Bacharel em Administra\u00e7\u00e3o e Direito; P\u00f3s-Graduado em Direito P\u00fablico e Direito Administrativo*<\/em><\/p>\n<p>Os jovens de hoje n\u00e3o aceitam mais respostas vagas quando o assunto \u00e9 meio ambiente. A Gera\u00e7\u00e3o Z e os millennials mais novos cresceram vendo imagens de rios mortos, praias interditadas e not\u00edcias de crises h\u00eddricas. Para eles, saneamento b\u00e1sico n\u00e3o \u00e9 apenas \u201cter \u00e1gua na torneira e esgoto que desaparece\u201d. \u00c9 sin\u00f4nimo de sa\u00fade p\u00fablica, preserva\u00e7\u00e3o ambiental, justi\u00e7a social e, acima de tudo, urg\u00eancia clim\u00e1tica. Eles cobram solu\u00e7\u00f5es r\u00e1pidas, transparentes e efetivas \u2014 e cobram nas redes sociais, nas ruas e nas urnas.<\/p>\n<p>Historicamente, o saneamento b\u00e1sico avan\u00e7ou lentamente no Brasil. Em 2010, apenas 46% da popula\u00e7\u00e3o tinha coleta de esgoto; em 2020, esse n\u00famero mal chegava a 55%. Hoje, mesmo com avan\u00e7os importantes, ainda temos 84,8% dos brasileiros com acesso \u00e0 \u00e1gua tratada e cerca de 60,4% com coleta de esgoto, segundo o SNIS 2023. \u00c9 ineg\u00e1vel que progredimos, mas ainda estamos longe da universaliza\u00e7\u00e3o.<\/p>\n<p>A juventude atual nasce sob o paradigma da sustentabilidade como valor irrenunci\u00e1vel. Conectados e ambientalmente atentos, eles n\u00e3o aceitam mais solu\u00e7\u00f5es paliativas. O impacto das mudan\u00e7as clim\u00e1ticas, a degrada\u00e7\u00e3o dos corpos h\u00eddricos e a escassez de recursos transformaram o saneamento de um tema t\u00e9cnico para uma pauta de sobreviv\u00eancia coletiva. Essa press\u00e3o social vem for\u00e7ando governos e empresas a reverem modelos de gest\u00e3o, adotarem tecnologias inovadoras e ampliarem investimentos.<\/p>\n<p>Nesse contexto, o Novo Marco Legal do Saneamento (Lei n\u00ba 14.026\/2020) representou um divisor de \u00e1guas. Ao estabelecer metas de universaliza\u00e7\u00e3o at\u00e9 2033 \u2014 99% de abastecimento de \u00e1gua e 90% de coleta e tratamento de esgoto \u2014 e ao permitir maior participa\u00e7\u00e3o da iniciativa privada via concess\u00f5es e PPPs, o setor ganhou dinamismo. Desde 2020, os novos contratos firmados j\u00e1 somam mais de R$ 120 bilh\u00f5es em investimentos previstos, segundo o BNDES.<\/p>\n<p>O caso do Rio de Janeiro \u00e9 emblem\u00e1tico. Antes da concess\u00e3o regional, a coleta de esgoto mal ultrapassava 40% em algumas \u00e1reas da Regi\u00e3o Metropolitana. Com o novo modelo, foram pactuados mais de R$ 24 bilh\u00f5es em investimentos, e a previs\u00e3o \u00e9 alcan\u00e7ar 99% de abastecimento e 90% de esgoto at\u00e9 2033 \u2014 metas hist\u00f3ricas.<\/p>\n<p>Outros estados tamb\u00e9m t\u00eam avan\u00e7ado. No Cear\u00e1, parcerias impulsionaram amplia\u00e7\u00e3o de esgotamento e dessaliniza\u00e7\u00e3o. Em Minas Gerais, novos contratos permitiram acelerar a redu\u00e7\u00e3o de perdas. No Sul, solu\u00e7\u00f5es de reuso e monitoramento digital j\u00e1 fazem parte da rotina operacional. Em todos eles, a combina\u00e7\u00e3o de regula\u00e7\u00e3o moderna, investimento robusto e cobran\u00e7a social permanente \u00e9 determinante.<\/p>\n<p>Pa\u00edses como Portugal e Jap\u00e3o mostram que essa transforma\u00e7\u00e3o \u00e9 poss\u00edvel. Portugal saiu de menos de 20% de esgoto tratado na d\u00e9cada de 1990 para mais de 95% atualmente. O Jap\u00e3o, que j\u00e1 enfrentou perdas elevadas, opera hoje com \u00edndices abaixo de 10% e cobertura universal de \u00e1gua pot\u00e1vel. S\u00e3o exemplos que comprovam que saneamento de qualidade \u00e9 resultado de planejamento, inova\u00e7\u00e3o e gest\u00e3o profissionalizada.<\/p>\n<p>Em Itabuna, a atual administra\u00e7\u00e3o colocou como prioridade absoluta o fim da intermit\u00eancia no fornecimento de \u00e1gua tratada. Gra\u00e7as ao trabalho conjunto do prefeito Augusto Castro (PSD) e da Emasa, o novo sistema de abastecimento \u2014 resultado do Projeto Mais \u00c1gua para a Cidade I e II, entregue no ano de 2025, com apoio decisivo do Governo da Bahia \u2014 passou a garantir fornecimento di\u00e1rio, seguro e regular de \u00e1gua tratada para 80% da popula\u00e7\u00e3o, abrangendo as zonas sul, leste e oeste do munic\u00edpio.<\/p>\n<p>Com o Mais \u00c1gua III, que conta com recursos garantidos do Governo Federal, por meio da Caixa Econ\u00f4mica Federal, e do Munic\u00edpio, no \u00e2mbito do Programa de Acelera\u00e7\u00e3o do Crescimento (PAC), ampliaremos esse avan\u00e7o para a regi\u00e3o do bairro Calif\u00f3rnia, F\u00e1tima, Santa In\u00eas e adjac\u00eancias. Com isso, Itabuna atingir\u00e1 a universaliza\u00e7\u00e3o do fornecimento de \u00e1gua tratada, atendendo \u00e0s metas do Marco Legal do Saneamento B\u00e1sico e consolidando um novo patamar de qualidade e seguran\u00e7a h\u00eddrica para toda a cidade.<\/p>\n<p>Assim como tantos munic\u00edpios brasileiros, Itabuna est\u00e1 inserida nesse cen\u00e1rio de transforma\u00e7\u00e3o. Aqui, a popula\u00e7\u00e3o \u2014 especialmente a juventude \u2014 deseja mais do que \u00e1gua na torneira: quer seguran\u00e7a na qualidade, rios despolu\u00eddos, esgoto tratado, transpar\u00eancia na gest\u00e3o e solu\u00e7\u00f5es alinhadas ao futuro sustent\u00e1vel que todos buscamos. Projetos de moderniza\u00e7\u00e3o, investimentos em novos sistemas, redu\u00e7\u00e3o de perdas e a\u00e7\u00f5es de recupera\u00e7\u00e3o ambiental fazem parte desse compromisso que assumimos como parte da atual administra\u00e7\u00e3o municipal.<\/p>\n<p>Como gestores p\u00fablicos, precisamos estar \u00e0 altura dessas expectativas. Investir em tecnologia, modernizar processos, respeitar os recursos naturais, diversificar fontes de abastecimento e dialogar com a sociedade n\u00e3o s\u00e3o mais op\u00e7\u00f5es: s\u00e3o obriga\u00e7\u00f5es. N\u00e3o basta entregar o b\u00e1sico; \u00e9 preciso ir al\u00e9m, com responsabilidade ambiental, efici\u00eancia e compromisso social.<\/p>\n<p>As novas gera\u00e7\u00f5es j\u00e1 entenderam que saneamento b\u00e1sico de qualidade \u00e9 sin\u00f4nimo de dignidade, sa\u00fade e desenvolvimento. Cabe a n\u00f3s transformar nos munic\u00edpios essa compreens\u00e3o em realidade concreta. O futuro nos observa \u2014 e ele est\u00e1 com sede de resultados.<\/p>\n<p>Bom dia, caros e caras colegas. Segue abaixo artigo do presidente da EMASA, Ivan Maia.<\/p>\n<p>Se poss\u00edvel, pe\u00e7o que publiquem.<\/p>\n<p>*Para Al\u00e9m do B\u00e1sico, as Novas Gera\u00e7\u00f5es Exigem Saneamento de Qualidade*<\/p>\n<p>*Por Ivan Maia*<br \/>\n*Presidente da Empresa Municipal de \u00c1guas e Saneamento de Itabuna (EMASA)*<br \/>\n*Bacharel em Administra\u00e7\u00e3o e Direito; P\u00f3s-Graduado em Direito P\u00fablico e Direito Administrativo*<\/p>\n<p>Os jovens de hoje n\u00e3o aceitam mais respostas vagas quando o assunto \u00e9 meio ambiente. A Gera\u00e7\u00e3o Z e os millennials mais novos cresceram vendo imagens de rios mortos, praias interditadas e not\u00edcias de crises h\u00eddricas. Para eles, saneamento b\u00e1sico n\u00e3o \u00e9 apenas \u201cter \u00e1gua na torneira e esgoto que desaparece\u201d. \u00c9 sin\u00f4nimo de sa\u00fade p\u00fablica, preserva\u00e7\u00e3o ambiental, justi\u00e7a social e, acima de tudo, urg\u00eancia clim\u00e1tica. Eles cobram solu\u00e7\u00f5es r\u00e1pidas, transparentes e efetivas \u2014 e cobram nas redes sociais, nas ruas e nas urnas.<br \/>\nHistoricamente, o saneamento b\u00e1sico avan\u00e7ou lentamente no Brasil. Em 2010, apenas 46% da popula\u00e7\u00e3o tinha coleta de esgoto; em 2020, esse n\u00famero mal chegava a 55%. Hoje, mesmo com avan\u00e7os importantes, ainda temos 84,8% dos brasileiros com acesso \u00e0 \u00e1gua tratada e cerca de 60,4% com coleta de esgoto, segundo o SNIS 2023. \u00c9 ineg\u00e1vel que progredimos, mas ainda estamos longe da universaliza\u00e7\u00e3o.<br \/>\nA juventude atual nasce sob o paradigma da sustentabilidade como valor irrenunci\u00e1vel. Conectados e ambientalmente atentos, eles n\u00e3o aceitam mais solu\u00e7\u00f5es paliativas. O impacto das mudan\u00e7as clim\u00e1ticas, a degrada\u00e7\u00e3o dos corpos h\u00eddricos e a escassez de recursos transformaram o saneamento de um tema t\u00e9cnico para uma pauta de sobreviv\u00eancia coletiva. Essa press\u00e3o social vem for\u00e7ando governos e empresas a reverem modelos de gest\u00e3o, adotarem tecnologias inovadoras e ampliarem investimentos.<br \/>\nNesse contexto, o Novo Marco Legal do Saneamento (Lei n\u00ba 14.026\/2020) representou um divisor de \u00e1guas. Ao estabelecer metas de universaliza\u00e7\u00e3o at\u00e9 2033 \u2014 99% de abastecimento de \u00e1gua e 90% de coleta e tratamento de esgoto \u2014 e ao permitir maior participa\u00e7\u00e3o da iniciativa privada via concess\u00f5es e PPPs, o setor ganhou dinamismo. Desde 2020, os novos contratos firmados j\u00e1 somam mais de R$ 120 bilh\u00f5es em investimentos previstos, segundo o BNDES.<br \/>\nO caso do Rio de Janeiro \u00e9 emblem\u00e1tico. Antes da concess\u00e3o regional, a coleta de esgoto mal ultrapassava 40% em algumas \u00e1reas da Regi\u00e3o Metropolitana. Com o novo modelo, foram pactuados mais de R$ 24 bilh\u00f5es em investimentos, e a previs\u00e3o \u00e9 alcan\u00e7ar 99% de abastecimento e 90% de esgoto at\u00e9 2033 \u2014 metas hist\u00f3ricas.<br \/>\nOutros estados tamb\u00e9m t\u00eam avan\u00e7ado. No Cear\u00e1, parcerias impulsionaram amplia\u00e7\u00e3o de esgotamento e dessaliniza\u00e7\u00e3o. Em Minas Gerais, novos contratos permitiram acelerar a redu\u00e7\u00e3o de perdas. No Sul, solu\u00e7\u00f5es de reuso e monitoramento digital j\u00e1 fazem parte da rotina operacional. Em todos eles, a combina\u00e7\u00e3o de regula\u00e7\u00e3o moderna, investimento robusto e cobran\u00e7a social permanente \u00e9 determinante.<br \/>\nPa\u00edses como Portugal e Jap\u00e3o mostram que essa transforma\u00e7\u00e3o \u00e9 poss\u00edvel. Portugal saiu de menos de 20% de esgoto tratado na d\u00e9cada de 1990 para mais de 95% atualmente. O Jap\u00e3o, que j\u00e1 enfrentou perdas elevadas, opera hoje com \u00edndices abaixo de 10% e cobertura universal de \u00e1gua pot\u00e1vel. S\u00e3o exemplos que comprovam que saneamento de qualidade \u00e9 resultado de planejamento, inova\u00e7\u00e3o e gest\u00e3o profissionalizada.<br \/>\nEm Itabuna, a atual administra\u00e7\u00e3o colocou como prioridade absoluta o fim da intermit\u00eancia no fornecimento de \u00e1gua tratada. Gra\u00e7as ao trabalho conjunto do prefeito Augusto Castro (PSD) e da Emasa, o novo sistema de abastecimento \u2014 resultado do Projeto Mais \u00c1gua para a Cidade I e II, entregue no ano de 2025, com apoio decisivo do Governo da Bahia \u2014 passou a garantir fornecimento di\u00e1rio, seguro e regular de \u00e1gua tratada para 80% da popula\u00e7\u00e3o, abrangendo as zonas sul, leste e oeste do munic\u00edpio.<br \/>\nCom o Mais \u00c1gua III, que conta com recursos garantidos do Governo Federal, por meio da Caixa Econ\u00f4mica Federal, e do Munic\u00edpio, no \u00e2mbito do Programa de Acelera\u00e7\u00e3o do Crescimento (PAC), ampliaremos esse avan\u00e7o para a regi\u00e3o do bairro Calif\u00f3rnia, F\u00e1tima, Santa In\u00eas e adjac\u00eancias. Com isso, Itabuna atingir\u00e1 a universaliza\u00e7\u00e3o do fornecimento de \u00e1gua tratada, atendendo \u00e0s metas do Marco Legal do Saneamento B\u00e1sico e consolidando um novo patamar de qualidade e seguran\u00e7a h\u00eddrica para toda a cidade.<br \/>\nAssim como tantos munic\u00edpios brasileiros, Itabuna est\u00e1 inserida nesse cen\u00e1rio de transforma\u00e7\u00e3o. Aqui, a popula\u00e7\u00e3o \u2014 especialmente a juventude \u2014 deseja mais do que \u00e1gua na torneira: quer seguran\u00e7a na qualidade, rios despolu\u00eddos, esgoto tratado, transpar\u00eancia na gest\u00e3o e solu\u00e7\u00f5es alinhadas ao futuro sustent\u00e1vel que todos buscamos. Projetos de moderniza\u00e7\u00e3o, investimentos em novos sistemas, redu\u00e7\u00e3o de perdas e a\u00e7\u00f5es de recupera\u00e7\u00e3o ambiental fazem parte desse compromisso que assumimos como parte da atual administra\u00e7\u00e3o municipal.<br \/>\nComo gestores p\u00fablicos, precisamos estar \u00e0 altura dessas expectativas. Investir em tecnologia, modernizar processos, respeitar os recursos naturais, diversificar fontes de abastecimento e dialogar com a sociedade n\u00e3o s\u00e3o mais op\u00e7\u00f5es: s\u00e3o obriga\u00e7\u00f5es. N\u00e3o basta entregar o b\u00e1sico; \u00e9 preciso ir al\u00e9m, com responsabilidade ambiental, efici\u00eancia e compromisso social.<br \/>\nAs novas gera\u00e7\u00f5es j\u00e1 entenderam que saneamento b\u00e1sico de qualidade \u00e9 sin\u00f4nimo de dignidade, sa\u00fade e desenvolvimento. Cabe a n\u00f3s transformar nos munic\u00edpios essa compreens\u00e3o em realidade concreta. O futuro nos observa \u2014 e ele est\u00e1 com sede de resultados.<\/p>\n","protected":false},"excerpt":{"rendered":"<p>Por Ivan Maia * * Presidente da Empresa Municipal de \u00c1guas e Saneamento de Itabuna (EMASA) * Bacharel em Administra\u00e7\u00e3o [&hellip;]<\/p>\n","protected":false},"author":1,"featured_media":4049,"comment_status":"open","ping_status":"open","sticky":false,"template":"","format":"standard","meta":{"nf_dc_page":"","footnotes":""},"categories":[9],"tags":[],"class_list":["post-4047","post","type-post","status-publish","format-standard","has-post-thumbnail","hentry","category-noticias"],"_links":{"self":[{"href":"https:\/\/emasaitabuna.com.br\/new\/wp-json\/wp\/v2\/posts\/4047","targetHints":{"allow":["GET"]}}],"collection":[{"href":"https:\/\/emasaitabuna.com.br\/new\/wp-json\/wp\/v2\/posts"}],"about":[{"href":"https:\/\/emasaitabuna.com.br\/new\/wp-json\/wp\/v2\/types\/post"}],"author":[{"embeddable":true,"href":"https:\/\/emasaitabuna.com.br\/new\/wp-json\/wp\/v2\/users\/1"}],"replies":[{"embeddable":true,"href":"https:\/\/emasaitabuna.com.br\/new\/wp-json\/wp\/v2\/comments?post=4047"}],"version-history":[{"count":2,"href":"https:\/\/emasaitabuna.com.br\/new\/wp-json\/wp\/v2\/posts\/4047\/revisions"}],"predecessor-version":[{"id":4050,"href":"https:\/\/emasaitabuna.com.br\/new\/wp-json\/wp\/v2\/posts\/4047\/revisions\/4050"}],"wp:featuredmedia":[{"embeddable":true,"href":"https:\/\/emasaitabuna.com.br\/new\/wp-json\/wp\/v2\/media\/4049"}],"wp:attachment":[{"href":"https:\/\/emasaitabuna.com.br\/new\/wp-json\/wp\/v2\/media?parent=4047"}],"wp:term":[{"taxonomy":"category","embeddable":true,"href":"https:\/\/emasaitabuna.com.br\/new\/wp-json\/wp\/v2\/categories?post=4047"},{"taxonomy":"post_tag","embeddable":true,"href":"https:\/\/emasaitabuna.com.br\/new\/wp-json\/wp\/v2\/tags?post=4047"}],"curies":[{"name":"wp","href":"https:\/\/api.w.org\/{rel}","templated":true}]}}