{"id":4089,"date":"2025-12-03T09:47:23","date_gmt":"2025-12-03T12:47:23","guid":{"rendered":"https:\/\/emasaitabuna.com.br\/new\/?p=4089"},"modified":"2025-12-03T10:12:48","modified_gmt":"2025-12-03T13:12:48","slug":"4089-2","status":"publish","type":"post","link":"https:\/\/emasaitabuna.com.br\/new\/4089-2\/","title":{"rendered":"EMASA refor\u00e7a parceria institucional em visita ao 4\u00ba Batalh\u00e3o de Bombeiros Militar em Itabuna"},"content":{"rendered":"<p><img decoding=\"async\" class=\"size-medium wp-image-4093 aligncenter\" src=\"https:\/\/emasaitabuna.com.br\/new\/wp-content\/uploads\/2025\/12\/Screenshot_2025-12-03-10-07-32-843_com.whatsapp-edit-500x356.jpg\" alt=\"\" width=\"500\" height=\"356\" srcset=\"https:\/\/emasaitabuna.com.br\/new\/wp-content\/uploads\/2025\/12\/Screenshot_2025-12-03-10-07-32-843_com.whatsapp-edit-200x142.jpg 200w, https:\/\/emasaitabuna.com.br\/new\/wp-content\/uploads\/2025\/12\/Screenshot_2025-12-03-10-07-32-843_com.whatsapp-edit-300x214.jpg 300w, https:\/\/emasaitabuna.com.br\/new\/wp-content\/uploads\/2025\/12\/Screenshot_2025-12-03-10-07-32-843_com.whatsapp-edit-400x284.jpg 400w, https:\/\/emasaitabuna.com.br\/new\/wp-content\/uploads\/2025\/12\/Screenshot_2025-12-03-10-07-32-843_com.whatsapp-edit-500x356.jpg 500w, https:\/\/emasaitabuna.com.br\/new\/wp-content\/uploads\/2025\/12\/Screenshot_2025-12-03-10-07-32-843_com.whatsapp-edit-600x427.jpg 600w, https:\/\/emasaitabuna.com.br\/new\/wp-content\/uploads\/2025\/12\/Screenshot_2025-12-03-10-07-32-843_com.whatsapp-edit-768x546.jpg 768w, https:\/\/emasaitabuna.com.br\/new\/wp-content\/uploads\/2025\/12\/Screenshot_2025-12-03-10-07-32-843_com.whatsapp-edit-800x569.jpg 800w, https:\/\/emasaitabuna.com.br\/new\/wp-content\/uploads\/2025\/12\/Screenshot_2025-12-03-10-07-32-843_com.whatsapp-edit.jpg 1080w\" sizes=\"(max-width: 500px) 100vw, 500px\" \/><\/p>\n<p>&nbsp;<\/p>\n<p>A Empresa Municipal de \u00c1guas e Saneamento (EMASA) realizou, na manh\u00e3 desta ter\u00e7a-feira (2), uma visita institucional ao 4\u00ba Batalh\u00e3o de Bombeiros Militar (4\u00ba BBM), em Itabuna, com o objetivo de fortalecer a\u00e7\u00f5es conjuntas de preven\u00e7\u00e3o, seguran\u00e7a h\u00eddrica e integra\u00e7\u00e3o entre os \u00f3rg\u00e3os p\u00fablicos. A reuni\u00e3o ocorreu na sede do batalh\u00e3o e buscou alinhar estrat\u00e9gias de coopera\u00e7\u00e3o em temas como mitiga\u00e7\u00e3o de riscos, sustentabilidade urbana e instala\u00e7\u00e3o de novos hidrantes no munic\u00edpio.<\/p>\n<p>A diretoria da EMASA foi representada pelo presidente Ivan Maia, pelo superintendente de Expans\u00e3o e Opera\u00e7\u00e3o, Anderson Alves, e pela assessora da presid\u00eancia, Josimeire Alves. Eles foram recebidos pela comandante do 4\u00ba BBM, Tenente-Coronel Ana Isabel Ara\u00fajo de Santana, acompanhada do Major Barreto, Capit\u00e3o Nascimento e da Subtenente Alecy.<\/p>\n<p>A comandante destacou a import\u00e2ncia da aproxima\u00e7\u00e3o entre os \u00f3rg\u00e3os: \u201cO encontro foi oportuno e fundamental diante da necessidade de estarmos unidos, colaborando um com o outro e reconhecendo o papel de cada institui\u00e7\u00e3o, com consci\u00eancia e sensibiliza\u00e7\u00e3o para fazermos o melhor pela cidade\u201d, afirmou a Tenente-Coronel Ana Isabel.<\/p>\n<p><img decoding=\"async\" class=\"alignright size-medium wp-image-4095\" src=\"https:\/\/emasaitabuna.com.br\/new\/wp-content\/uploads\/2025\/12\/Screenshot_2025-12-03-10-07-50-109_com.whatsapp-edit-500x360.jpg\" alt=\"\" width=\"500\" height=\"360\" srcset=\"https:\/\/emasaitabuna.com.br\/new\/wp-content\/uploads\/2025\/12\/Screenshot_2025-12-03-10-07-50-109_com.whatsapp-edit-200x144.jpg 200w, https:\/\/emasaitabuna.com.br\/new\/wp-content\/uploads\/2025\/12\/Screenshot_2025-12-03-10-07-50-109_com.whatsapp-edit-300x216.jpg 300w, https:\/\/emasaitabuna.com.br\/new\/wp-content\/uploads\/2025\/12\/Screenshot_2025-12-03-10-07-50-109_com.whatsapp-edit-400x288.jpg 400w, https:\/\/emasaitabuna.com.br\/new\/wp-content\/uploads\/2025\/12\/Screenshot_2025-12-03-10-07-50-109_com.whatsapp-edit-500x360.jpg 500w, https:\/\/emasaitabuna.com.br\/new\/wp-content\/uploads\/2025\/12\/Screenshot_2025-12-03-10-07-50-109_com.whatsapp-edit-600x432.jpg 600w, https:\/\/emasaitabuna.com.br\/new\/wp-content\/uploads\/2025\/12\/Screenshot_2025-12-03-10-07-50-109_com.whatsapp-edit-768x553.jpg 768w, https:\/\/emasaitabuna.com.br\/new\/wp-content\/uploads\/2025\/12\/Screenshot_2025-12-03-10-07-50-109_com.whatsapp-edit-800x576.jpg 800w, https:\/\/emasaitabuna.com.br\/new\/wp-content\/uploads\/2025\/12\/Screenshot_2025-12-03-10-07-50-109_com.whatsapp-edit.jpg 1080w\" sizes=\"(max-width: 500px) 100vw, 500px\" \/><\/p>\n<p>Durante a visita, o 4\u00ba BBM oficializou o convite para a participa\u00e7\u00e3o da EMASA no Semin\u00e1rio Defesa Civil &amp; Seguran\u00e7a Contra Inc\u00eandio, que ser\u00e1 realizado pelo batalh\u00e3o no dia 9 de dezembro, em Itabuna. O evento reunir\u00e1 institui\u00e7\u00f5es e especialistas para discutir estrat\u00e9gias de preven\u00e7\u00e3o e resposta a emerg\u00eancias.<\/p>\n<p>O presidente da EMASA, Ivan Maia, ressaltou o compromisso da empresa com a seguran\u00e7a da popula\u00e7\u00e3o: \u201cA parceria com o Corpo de Bombeiros \u00e9 essencial para fortalecer nossa capacidade de resposta e garantir uma cidade mais preparada. Estamos alinhados com os princ\u00edpios de governan\u00e7a respons\u00e1vel, mitiga\u00e7\u00e3o de riscos e sustentabilidade, e essa integra\u00e7\u00e3o refor\u00e7a nosso compromisso com o bem-estar de Itabuna\u201d, afirmou.<\/p>\n<p>Durante o encontro, a EMASA solicitou ao batalh\u00e3o o mapeamento dos pontos estrat\u00e9gicos do munic\u00edpio que necessitam da instala\u00e7\u00e3o de novos hidrantes, medida que contribui para reduzir o tempo de resposta em situa\u00e7\u00f5es de inc\u00eandio e aumentar a seguran\u00e7a urbana.<\/p>\n<p>A visita teve como objetivo central o fortalecimento das a\u00e7\u00f5es conjuntas de preven\u00e7\u00e3o, resposta a emerg\u00eancias e prote\u00e7\u00e3o da popula\u00e7\u00e3o, refor\u00e7ando o empenho da EMASA em atuar de forma integrada e alinhada \u00e0s boas pr\u00e1ticas de ESG.<\/p>\n<p><img decoding=\"async\" class=\"alignright size-medium wp-image-4097\" src=\"https:\/\/emasaitabuna.com.br\/new\/wp-content\/uploads\/2025\/12\/Screenshot_2025-12-03-10-08-05-045_com.whatsapp-edit-500x354.jpg\" alt=\"\" width=\"500\" height=\"354\" srcset=\"https:\/\/emasaitabuna.com.br\/new\/wp-content\/uploads\/2025\/12\/Screenshot_2025-12-03-10-08-05-045_com.whatsapp-edit-200x142.jpg 200w, https:\/\/emasaitabuna.com.br\/new\/wp-content\/uploads\/2025\/12\/Screenshot_2025-12-03-10-08-05-045_com.whatsapp-edit-300x213.jpg 300w, https:\/\/emasaitabuna.com.br\/new\/wp-content\/uploads\/2025\/12\/Screenshot_2025-12-03-10-08-05-045_com.whatsapp-edit-400x283.jpg 400w, https:\/\/emasaitabuna.com.br\/new\/wp-content\/uploads\/2025\/12\/Screenshot_2025-12-03-10-08-05-045_com.whatsapp-edit-500x354.jpg 500w, https:\/\/emasaitabuna.com.br\/new\/wp-content\/uploads\/2025\/12\/Screenshot_2025-12-03-10-08-05-045_com.whatsapp-edit-600x425.jpg 600w, https:\/\/emasaitabuna.com.br\/new\/wp-content\/uploads\/2025\/12\/Screenshot_2025-12-03-10-08-05-045_com.whatsapp-edit-768x544.jpg 768w, https:\/\/emasaitabuna.com.br\/new\/wp-content\/uploads\/2025\/12\/Screenshot_2025-12-03-10-08-05-045_com.whatsapp-edit-800x567.jpg 800w, https:\/\/emasaitabuna.com.br\/new\/wp-content\/uploads\/2025\/12\/Screenshot_2025-12-03-10-08-05-045_com.whatsapp-edit.jpg 1080w\" sizes=\"(max-width: 500px) 100vw, 500px\" \/><\/p>\n<p>&#8212;&#8212;-<\/p>\n<p>Assessoria de Comunica\u00e7\u00e3o Social da EMASA<\/p>\n<p>03\/dezembro\/2025.<\/p>\n","protected":false},"excerpt":{"rendered":"<p>&nbsp; A Empresa Municipal de \u00c1guas e Saneamento (EMASA) realizou, na manh\u00e3 desta ter\u00e7a-feira (2), uma visita institucional ao 4\u00ba [&hellip;]<\/p>\n","protected":false},"author":1,"featured_media":4093,"comment_status":"open","ping_status":"open","sticky":false,"template":"","format":"standard","meta":{"nf_dc_page":"","footnotes":""},"categories":[9],"tags":[],"class_list":["post-4089","post","type-post","status-publish","format-standard","has-post-thumbnail","hentry","category-noticias"],"_links":{"self":[{"href":"https:\/\/emasaitabuna.com.br\/new\/wp-json\/wp\/v2\/posts\/4089","targetHints":{"allow":["GET"]}}],"collection":[{"href":"https:\/\/emasaitabuna.com.br\/new\/wp-json\/wp\/v2\/posts"}],"about":[{"href":"https:\/\/emasaitabuna.com.br\/new\/wp-json\/wp\/v2\/types\/post"}],"author":[{"embeddable":true,"href":"https:\/\/emasaitabuna.com.br\/new\/wp-json\/wp\/v2\/users\/1"}],"replies":[{"embeddable":true,"href":"https:\/\/emasaitabuna.com.br\/new\/wp-json\/wp\/v2\/comments?post=4089"}],"version-history":[{"count":5,"href":"https:\/\/emasaitabuna.com.br\/new\/wp-json\/wp\/v2\/posts\/4089\/revisions"}],"predecessor-version":[{"id":4099,"href":"https:\/\/emasaitabuna.com.br\/new\/wp-json\/wp\/v2\/posts\/4089\/revisions\/4099"}],"wp:featuredmedia":[{"embeddable":true,"href":"https:\/\/emasaitabuna.com.br\/new\/wp-json\/wp\/v2\/media\/4093"}],"wp:attachment":[{"href":"https:\/\/emasaitabuna.com.br\/new\/wp-json\/wp\/v2\/media?parent=4089"}],"wp:term":[{"taxonomy":"category","embeddable":true,"href":"https:\/\/emasaitabuna.com.br\/new\/wp-json\/wp\/v2\/categories?post=4089"},{"taxonomy":"post_tag","embeddable":true,"href":"https:\/\/emasaitabuna.com.br\/new\/wp-json\/wp\/v2\/tags?post=4089"}],"curies":[{"name":"wp","href":"https:\/\/api.w.org\/{rel}","templated":true}]}}