{"id":4125,"date":"2025-12-10T18:04:30","date_gmt":"2025-12-10T21:04:30","guid":{"rendered":"https:\/\/emasaitabuna.com.br\/new\/?p=4125"},"modified":"2025-12-10T18:07:11","modified_gmt":"2025-12-10T21:07:11","slug":"emasa-participa-do-seminario-defesa-civil-e-seguranca-contra-incendio-promovido-pelo-4o-batalhao-de-bombeiros-militares-em-itabuna","status":"publish","type":"post","link":"https:\/\/emasaitabuna.com.br\/new\/emasa-participa-do-seminario-defesa-civil-e-seguranca-contra-incendio-promovido-pelo-4o-batalhao-de-bombeiros-militares-em-itabuna\/","title":{"rendered":"EMASA participa do Semin\u00e1rio Defesa Civil e Seguran\u00e7a Contra Inc\u00eandio promovido pelo 4\u00ba Batalh\u00e3o de Bombeiros Militares em Itabuna"},"content":{"rendered":"<div id=\"attachment_4127\" style=\"width: 291px\" class=\"wp-caption aligncenter\"><img decoding=\"async\" aria-describedby=\"caption-attachment-4127\" class=\"size-medium wp-image-4127\" src=\"https:\/\/emasaitabuna.com.br\/new\/wp-content\/uploads\/2025\/12\/IMG-20251210-WA0034-281x500.jpg\" alt=\"\" width=\"281\" height=\"500\" srcset=\"https:\/\/emasaitabuna.com.br\/new\/wp-content\/uploads\/2025\/12\/IMG-20251210-WA0034-169x300.jpg 169w, https:\/\/emasaitabuna.com.br\/new\/wp-content\/uploads\/2025\/12\/IMG-20251210-WA0034-200x355.jpg 200w, https:\/\/emasaitabuna.com.br\/new\/wp-content\/uploads\/2025\/12\/IMG-20251210-WA0034-281x500.jpg 281w, https:\/\/emasaitabuna.com.br\/new\/wp-content\/uploads\/2025\/12\/IMG-20251210-WA0034-400x711.jpg 400w, https:\/\/emasaitabuna.com.br\/new\/wp-content\/uploads\/2025\/12\/IMG-20251210-WA0034-600x1066.jpg 600w, https:\/\/emasaitabuna.com.br\/new\/wp-content\/uploads\/2025\/12\/IMG-20251210-WA0034-675x1200.jpg 675w, https:\/\/emasaitabuna.com.br\/new\/wp-content\/uploads\/2025\/12\/IMG-20251210-WA0034-768x1365.jpg 768w, https:\/\/emasaitabuna.com.br\/new\/wp-content\/uploads\/2025\/12\/IMG-20251210-WA0034-800x1422.jpg 800w, https:\/\/emasaitabuna.com.br\/new\/wp-content\/uploads\/2025\/12\/IMG-20251210-WA0034-864x1536.jpg 864w, https:\/\/emasaitabuna.com.br\/new\/wp-content\/uploads\/2025\/12\/IMG-20251210-WA0034-1152x2048.jpg 1152w, https:\/\/emasaitabuna.com.br\/new\/wp-content\/uploads\/2025\/12\/IMG-20251210-WA0034-1200x2133.jpg 1200w, https:\/\/emasaitabuna.com.br\/new\/wp-content\/uploads\/2025\/12\/IMG-20251210-WA0034-scaled.jpg 1440w\" sizes=\"(max-width: 281px) 100vw, 281px\" \/><p id=\"caption-attachment-4127\" class=\"wp-caption-text\">O diretor Fernando Duarte, destacou a import\u00e2ncia do Semin\u00e1rio e o trabalho desenvolvido pela Tenente-Coronel Ana Isabel Ara\u00fajo Santana, \u00e0 frente do 4\u00b0 BBM.<\/p><\/div>\n<p>A Empresa Municipal de \u00c1guas e Saneamento (EMASA) participou, na \u00faltima ter\u00e7a-feira (9), do Semin\u00e1rio Defesa Civil e Seguran\u00e7a Contra Inc\u00eandio, realizado no audit\u00f3rio do SEST-SENAT, no bairro Lomanto, em Itabuna. O evento, promovido pelo 4\u00ba Batalh\u00e3o de Bombeiros Militares (4\u00ba BBM), reuniu representantes de diversos \u00f3rg\u00e3os p\u00fablicos e institui\u00e7\u00f5es para discutir medidas de preven\u00e7\u00e3o, legisla\u00e7\u00e3o, atua\u00e7\u00e3o emergencial e estrat\u00e9gias integradas de redu\u00e7\u00e3o de riscos de desastres.<\/p>\n<p>A empresa foi representada pelo diretor de Expans\u00e3o e Opera\u00e7\u00e3o, Fernando Duarte, e pelo superintendente de Expans\u00e3o e Opera\u00e7\u00e3o, Anderson Alves, refor\u00e7ando a integra\u00e7\u00e3o da EMASA com o Corpo de Bombeiros e demais \u00f3rg\u00e3os respons\u00e1veis pela seguran\u00e7a urbana. \u201cParabenizo a iniciativa da comandante do 4\u00ba Batalh\u00e3o de Bombeiros Militar, Tenente-Coronel Ana Isabel Ara\u00fajo Santana, pela realiza\u00e7\u00e3o deste semin\u00e1rio. Os temas apresentados foram de grande relev\u00e2ncia para todos os \u00f3rg\u00e3os p\u00fablicos, para a iniciativa privada e para a sociedade em geral\u201d, destacou Fernando Duarte.<\/p>\n<p>Entre os temas apresentados estiveram: \u201cLei Kiss \u2013 Responsabilidades e Implica\u00e7\u00f5es\u201d, \u201cSeguran\u00e7a Contra Inc\u00eandio e a Mentalidade Prevencionista\u201d, \u201cProcedimentos para a Regulariza\u00e7\u00e3o de Projetos\u201d, \u201cDefesa Civil: Responsabilidade de Todos\u201d, \u201cSCI na Opera\u00e7\u00e3o S.O.S. Chuva \u2013 Estudos de Caso (2021 e 2022)\u201d, al\u00e9m de \u201cOs Desafios da Elabora\u00e7\u00e3o de um Plano de Conting\u00eancia\u201d.<\/p>\n<p>Participaram como palestrantes o engenheiro civil e diretor da Defesa Civil de Itabuna Mallory Carvalho Sena, o promotor de Justi\u00e7a Rafael Pithon (MP-BA), a comandante do 4\u00ba BBM, Tenente-Coronel Ana Isabel, o Tenente BM Edemir Souza, o diretor-superintendente da Defesa Civil da Bahia, Osny Bonfim Santos, e o Tenente-Coronel BM e chefe do CTPO-CRBMS Manfredo Santana.<\/p>\n<p>Atualmente, Itabuna conta com 25 hidrantes ativos, definidos a partir de crit\u00e9rios t\u00e9cnicos que consideram a verticaliza\u00e7\u00e3o do munic\u00edpio e a necessidade de garantir abastecimento adequado para opera\u00e7\u00f5es de combate a inc\u00eandio. Lembrando que a disponibilidade cont\u00ednua de \u00e1gua \u00e9 fator essencial para a efici\u00eancia das guarni\u00e7\u00f5es em situa\u00e7\u00f5es de emerg\u00eancia<\/p>\n<p>Anderson Alves afirmou que a EMASA trabalha para no decorrer do pr\u00f3ximo semestre implantar novos hidrantes na cidade.<\/p>\n<p>&#8220;Itabuna \u00e9 uma das cidades baiana mais protegidas, proporcionalmente entre popula\u00e7\u00e3o e o n\u00famero de hidrantes. No primeiro semestre de 2026, pretendemos instalar mais oito novos equipamentos&#8221;, assegurou o superintendente Alves.<\/p>\n<p>A presen\u00e7a da EMASA no semin\u00e1rio refor\u00e7a seu compromisso com a governan\u00e7a respons\u00e1vel, a mitiga\u00e7\u00e3o de riscos e a seguran\u00e7a urbana, atuando de forma integrada com as institui\u00e7\u00f5es que comp\u00f5em o sistema de prote\u00e7\u00e3o e defesa civil do munic\u00edpio.<\/p>\n<p>&#8212;&#8212;&#8212;-<\/p>\n<p>Assessoria de Comunica\u00e7\u00e3o Social da EMASA.<\/p>\n<p>10\/dezembro\/2025.<\/p>\n","protected":false},"excerpt":{"rendered":"<p>A Empresa Municipal de \u00c1guas e Saneamento (EMASA) participou, na \u00faltima ter\u00e7a-feira (9), do Semin\u00e1rio Defesa Civil e Seguran\u00e7a Contra [&hellip;]<\/p>\n","protected":false},"author":1,"featured_media":4127,"comment_status":"open","ping_status":"open","sticky":false,"template":"","format":"standard","meta":{"nf_dc_page":"","footnotes":""},"categories":[9],"tags":[],"class_list":["post-4125","post","type-post","status-publish","format-standard","has-post-thumbnail","hentry","category-noticias"],"_links":{"self":[{"href":"https:\/\/emasaitabuna.com.br\/new\/wp-json\/wp\/v2\/posts\/4125","targetHints":{"allow":["GET"]}}],"collection":[{"href":"https:\/\/emasaitabuna.com.br\/new\/wp-json\/wp\/v2\/posts"}],"about":[{"href":"https:\/\/emasaitabuna.com.br\/new\/wp-json\/wp\/v2\/types\/post"}],"author":[{"embeddable":true,"href":"https:\/\/emasaitabuna.com.br\/new\/wp-json\/wp\/v2\/users\/1"}],"replies":[{"embeddable":true,"href":"https:\/\/emasaitabuna.com.br\/new\/wp-json\/wp\/v2\/comments?post=4125"}],"version-history":[{"count":2,"href":"https:\/\/emasaitabuna.com.br\/new\/wp-json\/wp\/v2\/posts\/4125\/revisions"}],"predecessor-version":[{"id":4128,"href":"https:\/\/emasaitabuna.com.br\/new\/wp-json\/wp\/v2\/posts\/4125\/revisions\/4128"}],"wp:featuredmedia":[{"embeddable":true,"href":"https:\/\/emasaitabuna.com.br\/new\/wp-json\/wp\/v2\/media\/4127"}],"wp:attachment":[{"href":"https:\/\/emasaitabuna.com.br\/new\/wp-json\/wp\/v2\/media?parent=4125"}],"wp:term":[{"taxonomy":"category","embeddable":true,"href":"https:\/\/emasaitabuna.com.br\/new\/wp-json\/wp\/v2\/categories?post=4125"},{"taxonomy":"post_tag","embeddable":true,"href":"https:\/\/emasaitabuna.com.br\/new\/wp-json\/wp\/v2\/tags?post=4125"}],"curies":[{"name":"wp","href":"https:\/\/api.w.org\/{rel}","templated":true}]}}